{"id":111571,"date":"2018-03-11T10:38:06","date_gmt":"2018-03-11T10:38:06","guid":{"rendered":"https:\/\/www.deberes.net\/tesis\/sin-categoria\/concepto-de-medio-ambiente-en-la-obra-de-vicente-de-beauvais\/"},"modified":"2018-03-11T10:38:06","modified_gmt":"2018-03-11T10:38:06","slug":"concepto-de-medio-ambiente-en-la-obra-de-vicente-de-beauvais","status":"publish","type":"post","link":"https:\/\/www.deberes.net\/tesis\/historia-de-la-educacion\/concepto-de-medio-ambiente-en-la-obra-de-vicente-de-beauvais\/","title":{"rendered":"Concepto de  medio ambiente en la obra de vicente de beauvais"},"content":{"rendered":"<h2>Tesis doctoral de <strong> Beatriz Rodriguez Agudin <\/strong><\/h2>\n<p>Vicente de beauvais, es nuestro protagonista, nuestro autor. El autor del speculum maius, su gran obra, su obra definitiva. Remontarnos a la \u00e9poca del despertar del conocimiento, aquella en la que todos los saberes quedan, por fin, al alcance de todos. Y adentrarnos en uno de sus veh\u00edculos, en una de sus formas m\u00e1s significativas. El libro que reuni\u00f3, de forma ardua y trabajosa, el conocimiento alcanzado hasta el momento. El libro en el que se alzaron los protagonistas de una historia posterior, m\u00e1s conocida y con mayor proyecci\u00f3n. La enciclopedia medieval. si para los antiguos la naturaleza era un concepto difuso y de dif\u00edcil comprensi\u00f3n, para los escol\u00e1sticos se tornar\u00e1 claro y preciso. Una categor\u00eda que se transforma en una creaci\u00f3n divina, cuya radicalidad m\u00e1s genuina ser\u00e1 reflejar de forma indirecta, en su multiplicidad y singularidad formal, la voluntad, el sentimiento y el ser de dios. Por eso, conociendo la naturaleza, el mundo, el universo, se conoc\u00eda a su creador y su voluntad. mi labor docente en los \u00faltimos a\u00f1os, en los que con fuerza han aparecido \u00e1reas de conocimiento relacionadas con el medio ambiente, abri\u00f3 la posibilidad de trabajar en el segundo bloque del speculum naturale, el que corresponde al estudio de la tierra, y dentro de este seleccionamos el que m\u00e1s interrogantes nos planteaba: las capas fluidas de la tierra, atm\u00f3sfera e hidrosfera.  conclusiones el avance tecnol\u00f3gico e industrial que mov\u00eda todo nuestro sistema econ\u00f3mico se desarrollaba al margen de los sistemas naturales, lo que dio lugar a una serie de problemas que desembocaron en una tensi\u00f3n cr\u00edtica denominada crisis ambiental. Esta crisis amenaza el futuro de nuestro planeta y sobrepasa su capacidad para sustentarnos al actual ritmo de vida. En los a\u00f1os sesenta del siglo pasado surge, como respuesta a esta situaci\u00f3n, una conciencia ecol\u00f3gica de respeto y conocimiento de la naturaleza que da la voz de alarma. Lo que en principio son movimientos m\u00e1s o menos aut\u00f3nomos cristaliza en propuestas de nuevos modelos de desarrollo y grandes conferencias mundiales en las que expertos y dirigentes analizan e intentan proponer soluciones. El medio ambiente se pone de moda, aun cuando parece imposible llegar a acuerdos que impidan su degradaci\u00f3n. los estudios medioambientales de toda \u00edndole comienzan a formar parte de revistas cient\u00edficas y son incluidos en los planes de estudio de los distintos niveles acad\u00e9micos. Asimismo, la reflexi\u00f3n hist\u00f3rica del conocimiento medioambiental y su transmisi\u00f3n se convierte en una herramienta crucial para su entendimiento. Pero un estudio medioambiental no puede quedarse en elementos aislados, en parte de sus componentes. la hip\u00f3tesis de esta tesis sosten\u00eda, no ya un estudio referido a la naturaleza en una determinada \u00e9poca, sino la existencia de un estudio medioambiental riguroso y multidisciplinar en el interior de una enciclopedia medieval. El trabajo realizado se concentr\u00f3 en la traducci\u00f3n de los libros seleccionados del speculum naturale, los libros 4 y 5. Esta traducci\u00f3n fue meticulosamente analizada y comentada cap\u00edtulo a cap\u00edtulo, con la finalidad de contrastar, a la luz de nuestros conocimientos, aquello que escrib\u00eda nuestro dominico. y la hip\u00f3tesis ha sido confirmada, incluso m\u00e1s all\u00e1 de lo esperado. Sin pasar por alto aquellos errores referentes a m\u00faltiples aspectos cient\u00edficos, asombra la capacidad para plasmar en un trabajo las aportaciones de tan distintas fuentes. Y hacerlo sin perder en ning\u00fan momento la conexi\u00f3n, el cuerpo del mensaje. El medio ambiente, o naturaleza como era entendida anteriormente, es analizada de forma sorprendentemente actual. La tesis as\u00ed lo ha comprobado y verificado.<\/p>\n<p>&nbsp;<\/p>\n<h3>Datos acad\u00e9micos de la tesis doctoral \u00ab<strong>Concepto de  medio ambiente en la obra de vicente de beauvais<\/strong>\u00ab<\/h3>\n<ul>\n<li><strong>T\u00edtulo de la tesis:<\/strong>\u00a0 Concepto de  medio ambiente en la obra de vicente de beauvais <\/li>\n<li><strong>Autor:<\/strong>\u00a0 Beatriz Rodriguez Agudin <\/li>\n<li><strong>Universidad:<\/strong>\u00a0 Nacional de educaci\u00f3n a distancia<\/li>\n<li><strong>Fecha de lectura de la tesis:<\/strong>\u00a0 26\/10\/2011<\/li>\n<\/ul>\n<p>&nbsp;<\/p>\n<h3>Direcci\u00f3n y tribunal<\/h3>\n<ul>\n<li><strong>Director de la tesis<\/strong>\n<ul>\n<li>Francisco Calero Calero<\/li>\n<\/ul>\n<\/li>\n<li><strong>Tribunal<\/strong>\n<ul>\n<li>Presidente del tribunal: Francisco javier Vergara ciordia <\/li>\n<li>mari concepcion Carceles laborde (vocal)<\/li>\n<li>marco Antonio Coronel ramos (vocal)<\/li>\n<li>Santiago Atrio cerezo (vocal)<\/li>\n<\/ul>\n<\/li>\n<\/ul>\n<p>&nbsp;<\/p>\n","protected":false},"excerpt":{"rendered":"<p>Tesis doctoral de Beatriz Rodriguez Agudin Vicente de beauvais, es nuestro protagonista, nuestro autor. El autor del speculum maius, su [&hellip;]<\/p>\n","protected":false},"author":1,"featured_media":0,"comment_status":"open","ping_status":"open","sticky":false,"template":"","format":"standard","meta":{"site-sidebar-layout":"default","site-content-layout":"","ast-site-content-layout":"","site-content-style":"default","site-sidebar-style":"default","ast-global-header-display":"","ast-banner-title-visibility":"","ast-main-header-display":"","ast-hfb-above-header-display":"","ast-hfb-below-header-display":"","ast-hfb-mobile-header-display":"","site-post-title":"","ast-breadcrumbs-content":"","ast-featured-img":"","footer-sml-layout":"","theme-transparent-header-meta":"","adv-header-id-meta":"","stick-header-meta":"","header-above-stick-meta":"","header-main-stick-meta":"","header-below-stick-meta":"","astra-migrate-meta-layouts":"default","ast-page-background-enabled":"default","ast-page-background-meta":{"desktop":{"background-color":"var(--ast-global-color-4)","background-image":"","background-repeat":"repeat","background-position":"center center","background-size":"auto","background-attachment":"scroll","background-type":"","background-media":"","overlay-type":"","overlay-color":"","overlay-gradient":""},"tablet":{"background-color":"","background-image":"","background-repeat":"repeat","background-position":"center center","background-size":"auto","background-attachment":"scroll","background-type":"","background-media":"","overlay-type":"","overlay-color":"","overlay-gradient":""},"mobile":{"background-color":"","background-image":"","background-repeat":"repeat","background-position":"center center","background-size":"auto","background-attachment":"scroll","background-type":"","background-media":"","overlay-type":"","overlay-color":"","overlay-gradient":""}},"ast-content-background-meta":{"desktop":{"background-color":"var(--ast-global-color-5)","background-image":"","background-repeat":"repeat","background-position":"center center","background-size":"auto","background-attachment":"scroll","background-type":"","background-media":"","overlay-type":"","overlay-color":"","overlay-gradient":""},"tablet":{"background-color":"var(--ast-global-color-5)","background-image":"","background-repeat":"repeat","background-position":"center center","background-size":"auto","background-attachment":"scroll","background-type":"","background-media":"","overlay-type":"","overlay-color":"","overlay-gradient":""},"mobile":{"background-color":"var(--ast-global-color-5)","background-image":"","background-repeat":"repeat","background-position":"center center","background-size":"auto","background-attachment":"scroll","background-type":"","background-media":"","overlay-type":"","overlay-color":"","overlay-gradient":""}},"footnotes":""},"categories":[311,17070],"tags":[222246,118785,17236,211410,17237,118783],"class_list":["post-111571","post","type-post","status-publish","format-standard","hentry","category-historia-de-la-educacion","category-nacional-de-educacion-a-distancia","tag-beatriz-rodriguez-agudin","tag-francisco-calero-calero","tag-francisco-javier-vergara-ciordia","tag-marco-antonio-coronel-ramos","tag-mari-concepcion-carceles-laborde","tag-santiago-atrio-cerezo"],"_links":{"self":[{"href":"https:\/\/www.deberes.net\/tesis\/wp-json\/wp\/v2\/posts\/111571","targetHints":{"allow":["GET"]}}],"collection":[{"href":"https:\/\/www.deberes.net\/tesis\/wp-json\/wp\/v2\/posts"}],"about":[{"href":"https:\/\/www.deberes.net\/tesis\/wp-json\/wp\/v2\/types\/post"}],"author":[{"embeddable":true,"href":"https:\/\/www.deberes.net\/tesis\/wp-json\/wp\/v2\/users\/1"}],"replies":[{"embeddable":true,"href":"https:\/\/www.deberes.net\/tesis\/wp-json\/wp\/v2\/comments?post=111571"}],"version-history":[{"count":0,"href":"https:\/\/www.deberes.net\/tesis\/wp-json\/wp\/v2\/posts\/111571\/revisions"}],"wp:attachment":[{"href":"https:\/\/www.deberes.net\/tesis\/wp-json\/wp\/v2\/media?parent=111571"}],"wp:term":[{"taxonomy":"category","embeddable":true,"href":"https:\/\/www.deberes.net\/tesis\/wp-json\/wp\/v2\/categories?post=111571"},{"taxonomy":"post_tag","embeddable":true,"href":"https:\/\/www.deberes.net\/tesis\/wp-json\/wp\/v2\/tags?post=111571"}],"curies":[{"name":"wp","href":"https:\/\/api.w.org\/{rel}","templated":true}]}}