{"id":111576,"date":"2018-03-11T10:38:06","date_gmt":"2018-03-11T10:38:06","guid":{"rendered":"https:\/\/www.deberes.net\/tesis\/sin-categoria\/el-surgimiento-de-la-doctrina-de-la-transmigracion-de-las-almas-en-la-india\/"},"modified":"2018-03-11T10:38:06","modified_gmt":"2018-03-11T10:38:06","slug":"el-surgimiento-de-la-doctrina-de-la-transmigracion-de-las-almas-en-la-india","status":"publish","type":"post","link":"https:\/\/www.deberes.net\/tesis\/historia\/el-surgimiento-de-la-doctrina-de-la-transmigracion-de-las-almas-en-la-india\/","title":{"rendered":"El surgimiento de la doctrina de la transmigraci\u00f3n de las almas en la india."},"content":{"rendered":"<h2>Tesis doctoral de <strong> Marcos David Kahle Armbruster <\/strong><\/h2>\n<p>En este trabajo se estudia el complejo proceso de configuraci\u00f3n de la doctrina de la transmigraci\u00f3n de las almas en la literatura v\u00e9dica. Despu\u00e9s de una parte introductoria en la que se revisan los diferentes textos, sus escuelas y su localizaci\u00f3n, s e estudian sucesivamente en brahmanas y upanisads aquellos elementos que se pueden considerar antecedentes de esta doctrina o que han contribuido y conducido a su formulaci\u00f3n. Aunque es generalmente asumido que \u00e9sta se expone por primera vez en las p rimeras upanisads, un g\u00e9nero literario m\u00e1s centrado en cuestiones y discusiones filos\u00f3ficas, se puede observar que incluso existe un pasaje en prosa de una samhita perteneciente al yajurveda negro en el que se describe la vuelta del fallecido a la ti erra y que en los brahmanas esta idea ya est\u00e1 presente en algunas obras tard\u00edas. Por tanto, independientemente de que la teor\u00eda de la transmigraci\u00f3n pudo haber surgido en otros c\u00edrculos o \u00e1mbitos, se observa en los textos pertenecientes a la tradici\u00f3 n brahm\u00e1nica un proceso gradual que comienza en los himnos v\u00e9dicos y concluye con la exposici\u00f3n de la doctrina en las upanisads m\u00e1s antiguas.<\/p>\n<p>&nbsp;<\/p>\n<h3>Datos acad\u00e9micos de la tesis doctoral \u00ab<strong>El surgimiento de la doctrina de la transmigraci\u00f3n de las almas en la india.<\/strong>\u00ab<\/h3>\n<ul>\n<li><strong>T\u00edtulo de la tesis:<\/strong>\u00a0 El surgimiento de la doctrina de la transmigraci\u00f3n de las almas en la india. <\/li>\n<li><strong>Autor:<\/strong>\u00a0 Marcos David Kahle Armbruster <\/li>\n<li><strong>Universidad:<\/strong>\u00a0 Complutense de Madrid<\/li>\n<li><strong>Fecha de lectura de la tesis:<\/strong>\u00a0 27\/10\/2011<\/li>\n<\/ul>\n<p>&nbsp;<\/p>\n<h3>Direcci\u00f3n y tribunal<\/h3>\n<ul>\n<li><strong>Director de la tesis<\/strong>\n<ul>\n<li>Eugenio Ram\u00f3n Luj\u00e1n Mart\u00ednez<\/li>\n<\/ul>\n<\/li>\n<li><strong>Tribunal<\/strong>\n<ul>\n<li>Presidente del tribunal: julia Mendoza tu\u00f1\u00f3n <\/li>\n<li>Jos\u00e9 virgilio Garc\u00eda trabazo (vocal)<\/li>\n<li>georges-jean Pinault (vocal)<\/li>\n<li>ignasi-xavier Adiego lajara (vocal)<\/li>\n<\/ul>\n<\/li>\n<\/ul>\n<p>&nbsp;<\/p>\n","protected":false},"excerpt":{"rendered":"<p>Tesis doctoral de Marcos David Kahle Armbruster En este trabajo se estudia el complejo proceso de configuraci\u00f3n de la doctrina [&hellip;]<\/p>\n","protected":false},"author":1,"featured_media":0,"comment_status":"open","ping_status":"open","sticky":false,"template":"","format":"standard","meta":{"site-sidebar-layout":"default","site-content-layout":"","ast-site-content-layout":"","site-content-style":"default","site-sidebar-style":"default","ast-global-header-display":"","ast-banner-title-visibility":"","ast-main-header-display":"","ast-hfb-above-header-display":"","ast-hfb-below-header-display":"","ast-hfb-mobile-header-display":"","site-post-title":"","ast-breadcrumbs-content":"","ast-featured-img":"","footer-sml-layout":"","theme-transparent-header-meta":"","adv-header-id-meta":"","stick-header-meta":"","header-above-stick-meta":"","header-main-stick-meta":"","header-below-stick-meta":"","astra-migrate-meta-layouts":"default","ast-page-background-enabled":"default","ast-page-background-meta":{"desktop":{"background-color":"var(--ast-global-color-4)","background-image":"","background-repeat":"repeat","background-position":"center center","background-size":"auto","background-attachment":"scroll","background-type":"","background-media":"","overlay-type":"","overlay-color":"","overlay-gradient":""},"tablet":{"background-color":"","background-image":"","background-repeat":"repeat","background-position":"center center","background-size":"auto","background-attachment":"scroll","background-type":"","background-media":"","overlay-type":"","overlay-color":"","overlay-gradient":""},"mobile":{"background-color":"","background-image":"","background-repeat":"repeat","background-position":"center center","background-size":"auto","background-attachment":"scroll","background-type":"","background-media":"","overlay-type":"","overlay-color":"","overlay-gradient":""}},"ast-content-background-meta":{"desktop":{"background-color":"var(--ast-global-color-5)","background-image":"","background-repeat":"repeat","background-position":"center center","background-size":"auto","background-attachment":"scroll","background-type":"","background-media":"","overlay-type":"","overlay-color":"","overlay-gradient":""},"tablet":{"background-color":"var(--ast-global-color-5)","background-image":"","background-repeat":"repeat","background-position":"center center","background-size":"auto","background-attachment":"scroll","background-type":"","background-media":"","overlay-type":"","overlay-color":"","overlay-gradient":""},"mobile":{"background-color":"var(--ast-global-color-5)","background-image":"","background-repeat":"repeat","background-position":"center center","background-size":"auto","background-attachment":"scroll","background-type":"","background-media":"","overlay-type":"","overlay-color":"","overlay-gradient":""}},"footnotes":""},"categories":[986,104],"tags":[146496,222259,71320,222258,5504,222257],"class_list":["post-111576","post","type-post","status-publish","format-standard","hentry","category-complutense-de-madrid","category-historia","tag-eugenio-ramon-lujan-Martinez","tag-georges-jean-pinault","tag-ignasi-xavier-adiego-lajara","tag-jose-virgilio-garcia-trabazo","tag-julia-mendoza-tunon","tag-marcos-david-kahle-armbruster"],"_links":{"self":[{"href":"https:\/\/www.deberes.net\/tesis\/wp-json\/wp\/v2\/posts\/111576","targetHints":{"allow":["GET"]}}],"collection":[{"href":"https:\/\/www.deberes.net\/tesis\/wp-json\/wp\/v2\/posts"}],"about":[{"href":"https:\/\/www.deberes.net\/tesis\/wp-json\/wp\/v2\/types\/post"}],"author":[{"embeddable":true,"href":"https:\/\/www.deberes.net\/tesis\/wp-json\/wp\/v2\/users\/1"}],"replies":[{"embeddable":true,"href":"https:\/\/www.deberes.net\/tesis\/wp-json\/wp\/v2\/comments?post=111576"}],"version-history":[{"count":0,"href":"https:\/\/www.deberes.net\/tesis\/wp-json\/wp\/v2\/posts\/111576\/revisions"}],"wp:attachment":[{"href":"https:\/\/www.deberes.net\/tesis\/wp-json\/wp\/v2\/media?parent=111576"}],"wp:term":[{"taxonomy":"category","embeddable":true,"href":"https:\/\/www.deberes.net\/tesis\/wp-json\/wp\/v2\/categories?post=111576"},{"taxonomy":"post_tag","embeddable":true,"href":"https:\/\/www.deberes.net\/tesis\/wp-json\/wp\/v2\/tags?post=111576"}],"curies":[{"name":"wp","href":"https:\/\/api.w.org\/{rel}","templated":true}]}}