{"id":111689,"date":"2011-04-11T00:00:00","date_gmt":"2011-04-11T00:00:00","guid":{"rendered":"https:\/\/www.deberes.net\/tesis\/sin-categoria\/el-simbolismo-de-la-vida-la-enfermedad-y-la-muerte-en-la-cultura-sefarda%c2%ad-otomana-principios-del-siglo-xx\/"},"modified":"2011-04-11T00:00:00","modified_gmt":"2011-04-11T00:00:00","slug":"el-simbolismo-de-la-vida-la-enfermedad-y-la-muerte-en-la-cultura-sefarda%c2%ad-otomana-principios-del-siglo-xx","status":"publish","type":"post","link":"https:\/\/www.deberes.net\/tesis\/antropologia-cultural\/el-simbolismo-de-la-vida-la-enfermedad-y-la-muerte-en-la-cultura-sefarda%c2%ad-otomana-principios-del-siglo-xx\/","title":{"rendered":"El simbolismo de la vida, la enfermedad y la muerte en la cultura sefard\u00ed otomana (principios del siglo xx)"},"content":{"rendered":"<h2>Tesis doctoral de <strong> Salvador Queralt I Redon <\/strong><\/h2>\n<p>Los sefard\u00edes, jud\u00edos expulsados definitivamente de la pen\u00ednsula ib\u00e9rica a finales del siglo xv y principios del xvi, conservaron en las tierras que los acogieron no s\u00f3lo la lengua castellana, sino tambi\u00e9n una cultura muy particular en la cual no es dif\u00edcil reconocer ecos de la antigua convivencia medieval con cristianos y musulmanes en las tierras ib\u00e9ricas. De entre los lugares en los que los sefard\u00edes se instalaron tras su expulsi\u00f3n, el imperio otomano proporcion\u00f3, por su propio modo de organizaci\u00f3n sociopol\u00edtica, caracter\u00edsticas especiales que permitieron que la cultura sefard\u00ed existiera y se transmitiera de generaci\u00f3n en generaci\u00f3n sin grandes cambios al menos hasta mediados del siglo xx, momento en el cual las guerras, la desmembraci\u00f3n del imperio otomano y la modernizaci\u00f3n trajeron con ellos nuevas cosmolog\u00edas y nuevos modos de organizaci\u00f3n de la realidad. la cosmolog\u00eda que reg\u00eda la vida de los sefard\u00edes antes de esos cambios estaba obviamente basada en el juda\u00edsmo escrito, pero dejaba espacio para muchos otros elementos. Este trabajo intenta poner de manifiesto dicha cosmolog\u00eda en toda su complejidad, y desentra\u00f1ar las l\u00f3gicas simb\u00f3licas que guiaban la relaci\u00f3n de los sefard\u00edes con las almas de los muertos, con las fuerzas causantes de la enfermedad, y con la fuerza generadora de vida. el an\u00e1lisis del simbolismo de la vida, de la enfermedad y de la muerte en la cultura sefard\u00ed nos llevar\u00e1 a plantear algunas cuestiones que trascienden el marco de una sola cultura y que abrazan, al menos, toda el \u00e1rea cultural indoeuropea y sem\u00edtica. La cuesti\u00f3n de la pureza y la impureza, estudiada por mary douglas, parece tomar m\u00e1s claridad cuando se entiende a partir de la preocupaci\u00f3n por mantener intactas las fronteras f\u00edsicas que separan el cuerpo humano del medio circundante, y presenta as\u00ed una interesante relaci\u00f3n no s\u00f3lo con la sensaci\u00f3n de peligro, sino tambi\u00e9n con la de repugnancia. Tanto la relaci\u00f3n de los sefard\u00edes con las almas de los muertos, como sus diferentes representaciones de las causas de la enfermedad, parecen basarse en esta cuesti\u00f3n de los l\u00edmites del cuerpo. Por otro lado, las principales l\u00f3gicas de la causaci\u00f3n de la enfermedad en la cultura sefard\u00ed, el espanto y el mal de ojo, as\u00ed como los rituales terap\u00e9uticos asociados a ellas, encuentran desconcertantes similaridades en culturas de toda el \u00e1rea indoeuropea y sem\u00edtica.  el fundamental papel de las representaciones del cuerpo humano en la articulaci\u00f3n de la cosmolog\u00eda sefard\u00ed nos conducir\u00e1, por \u00faltimo, a un necesario replanteamiento de la noci\u00f3n, tan cl\u00e1sica en antropolog\u00eda, de religi\u00f3n.<\/p>\n<p>&nbsp;<\/p>\n<h3>Datos acad\u00e9micos de la tesis doctoral \u00ab<strong>El simbolismo de la vida, la enfermedad y la muerte en la cultura sefard\u00ed otomana (principios del siglo xx)<\/strong>\u00ab<\/h3>\n<ul>\n<li><strong>T\u00edtulo de la tesis:<\/strong>\u00a0 El simbolismo de la vida, la enfermedad y la muerte en la cultura sefard\u00ed otomana (principios del siglo xx) <\/li>\n<li><strong>Autor:<\/strong>\u00a0 Salvador Queralt I Redon <\/li>\n<li><strong>Universidad:<\/strong>\u00a0 Aut\u00f3noma de barcelona<\/li>\n<li><strong>Fecha de lectura de la tesis:<\/strong>\u00a0 04\/11\/2011<\/li>\n<\/ul>\n<p>&nbsp;<\/p>\n<h3>Direcci\u00f3n y tribunal<\/h3>\n<ul>\n<li><strong>Director de la tesis<\/strong>\n<ul>\n<li>Montserrat Ventura<\/li>\n<\/ul>\n<\/li>\n<li><strong>Tribunal<\/strong>\n<ul>\n<li>Presidente del tribunal: manuel Guti\u00e9rrez est\u00e9vez <\/li>\n<li>maite Ojeda mata (vocal)<\/li>\n<li>  (vocal)<\/li>\n<li>  (vocal)<\/li>\n<\/ul>\n<\/li>\n<\/ul>\n<p>&nbsp;<\/p>\n","protected":false},"excerpt":{"rendered":"<p>Tesis doctoral de Salvador Queralt I Redon Los sefard\u00edes, jud\u00edos expulsados definitivamente de la pen\u00ednsula ib\u00e9rica a finales del siglo [&hellip;]<\/p>\n","protected":false},"author":1,"featured_media":0,"comment_status":"open","ping_status":"open","sticky":false,"template":"","format":"standard","meta":{"site-sidebar-layout":"default","site-content-layout":"","ast-site-content-layout":"","site-content-style":"default","site-sidebar-style":"default","ast-global-header-display":"","ast-banner-title-visibility":"","ast-main-header-display":"","ast-hfb-above-header-display":"","ast-hfb-below-header-display":"","ast-hfb-mobile-header-display":"","site-post-title":"","ast-breadcrumbs-content":"","ast-featured-img":"","footer-sml-layout":"","theme-transparent-header-meta":"","adv-header-id-meta":"","stick-header-meta":"","header-above-stick-meta":"","header-main-stick-meta":"","header-below-stick-meta":"","astra-migrate-meta-layouts":"default","ast-page-background-enabled":"default","ast-page-background-meta":{"desktop":{"background-color":"var(--ast-global-color-4)","background-image":"","background-repeat":"repeat","background-position":"center center","background-size":"auto","background-attachment":"scroll","background-type":"","background-media":"","overlay-type":"","overlay-color":"","overlay-gradient":""},"tablet":{"background-color":"","background-image":"","background-repeat":"repeat","background-position":"center center","background-size":"auto","background-attachment":"scroll","background-type":"","background-media":"","overlay-type":"","overlay-color":"","overlay-gradient":""},"mobile":{"background-color":"","background-image":"","background-repeat":"repeat","background-position":"center center","background-size":"auto","background-attachment":"scroll","background-type":"","background-media":"","overlay-type":"","overlay-color":"","overlay-gradient":""}},"ast-content-background-meta":{"desktop":{"background-color":"var(--ast-global-color-5)","background-image":"","background-repeat":"repeat","background-position":"center center","background-size":"auto","background-attachment":"scroll","background-type":"","background-media":"","overlay-type":"","overlay-color":"","overlay-gradient":""},"tablet":{"background-color":"var(--ast-global-color-5)","background-image":"","background-repeat":"repeat","background-position":"center center","background-size":"auto","background-attachment":"scroll","background-type":"","background-media":"","overlay-type":"","overlay-color":"","overlay-gradient":""},"mobile":{"background-color":"var(--ast-global-color-5)","background-image":"","background-repeat":"repeat","background-position":"center center","background-size":"auto","background-attachment":"scroll","background-type":"","background-media":"","overlay-type":"","overlay-color":"","overlay-gradient":""}},"footnotes":""},"categories":[983,24560,17785,12919],"tags":[222465,5151,77973,222464],"class_list":["post-111689","post","type-post","status-publish","format-standard","hentry","category-antropologia-cultural","category-medicina-tradicional","category-religion","category-simbolismo","tag-maite-ojeda-mata","tag-manuel-gutierrez-estevez","tag-montserrat-ventura","tag-salvador-queralt-i-redon"],"_links":{"self":[{"href":"https:\/\/www.deberes.net\/tesis\/wp-json\/wp\/v2\/posts\/111689","targetHints":{"allow":["GET"]}}],"collection":[{"href":"https:\/\/www.deberes.net\/tesis\/wp-json\/wp\/v2\/posts"}],"about":[{"href":"https:\/\/www.deberes.net\/tesis\/wp-json\/wp\/v2\/types\/post"}],"author":[{"embeddable":true,"href":"https:\/\/www.deberes.net\/tesis\/wp-json\/wp\/v2\/users\/1"}],"replies":[{"embeddable":true,"href":"https:\/\/www.deberes.net\/tesis\/wp-json\/wp\/v2\/comments?post=111689"}],"version-history":[{"count":0,"href":"https:\/\/www.deberes.net\/tesis\/wp-json\/wp\/v2\/posts\/111689\/revisions"}],"wp:attachment":[{"href":"https:\/\/www.deberes.net\/tesis\/wp-json\/wp\/v2\/media?parent=111689"}],"wp:term":[{"taxonomy":"category","embeddable":true,"href":"https:\/\/www.deberes.net\/tesis\/wp-json\/wp\/v2\/categories?post=111689"},{"taxonomy":"post_tag","embeddable":true,"href":"https:\/\/www.deberes.net\/tesis\/wp-json\/wp\/v2\/tags?post=111689"}],"curies":[{"name":"wp","href":"https:\/\/api.w.org\/{rel}","templated":true}]}}