{"id":111711,"date":"2011-07-11T00:00:00","date_gmt":"2011-07-11T00:00:00","guid":{"rendered":"https:\/\/www.deberes.net\/tesis\/sin-categoria\/arquitectura-de-la-realitat\/"},"modified":"2011-07-11T00:00:00","modified_gmt":"2011-07-11T00:00:00","slug":"arquitectura-de-la-realitat","status":"publish","type":"post","link":"https:\/\/www.deberes.net\/tesis\/arquitectura\/arquitectura-de-la-realitat\/","title":{"rendered":"Arquitectura de la realitat"},"content":{"rendered":"<h2>Tesis doctoral de <strong> Jose Fuses Comalada <\/strong><\/h2>\n<p>El tema central de la tesis, arquitectura de la realidad, se plantea un  doble objetivo:  1. Elaborar una cr\u00f3nica de las actividades el colectivo de arquitectos pilar prim, entre 1997 y 2004, un per\u00edodo que coincide con el cambio de siglo , y concretamente entre dos celebraciones que tuvieron lugar en barcelona: el congreso de la uia y el forum de   las culturas.Este colectivo lo integraban un grupo de arquitectos de la misma generaci\u00f3n del autor de la tesis, que quer\u00edan opinar sobre arquitectura, y en especial sobre la ciudad de barcelona. Esta era el espacio cultural que compart\u00edan todos los miembros de aquel colectivo.       2.  Profundizar sobre algunas reflexiones de arquitectura, a partir de las ideas del  propio colectivo, como tambi\u00e9n de la propia experiencia profesional del autor.  ambos apartados se complementan: la historia del grupo ayuda a ilustrar una determinada manera de entender la arquitectura, i a su vez, los escritos cr\u00edticos pueden ayudar a complementar el punto de vista del colectivo.El paisaje de la tesis es , pues , el de la arquitectura actual y el de la ciudad de barcelona.  el volumen 1 que lleva por t\u00edtulo \u00c2\u00bf obra completa de pilar prim\u00c2\u00bf es una historia comentada del colectivo. Pero tambi\u00e9n hace una cr\u00edtica de algunos de los principales episodios que protagonizaron la vida cotidiana de barcelona durante aquel periodo. Los textos cr\u00edticos que acompa\u00f1an la narraci\u00f3n central de la tesis, provienen, en primer lugar, de las discusiones internas del grupo. La mayor\u00eda de ellos giraban alrededor de temas de actualidad, provinentes en su mayor\u00eda de la secci\u00f3n \u00c2\u00bf vivir en barcelona\u00c2\u00bf de la vanguardia, y ten\u00edan un leif motiv gen\u00e9rico: era necesario contaminar de vida a la arquitectura para salir del callej\u00f3n sin salida formalista en el que esta se hab\u00eda situado. Algunas de estas discusiones quedar\u00edan recogidas en los \u00c2\u00bf n\u00fameros de la obra completa de pilar prim\u00c2\u00bf, un conjunto de cuartillas que fueron publicadas de manera irregular y dispersa. Tambi\u00e9n se recopilan otros debates que aunque no se concretaron en forma de publicaci\u00f3n estuvieron presentes en muchas de las discusiones internas del colectivo. El redactado mezcla unos y otros con el fin de  respetar la cronolog\u00eda en la que fueron apareciendo, y reproducir as\u00ed la particular peripecia del grupo  el volumen 2 \u00c2\u00bf n\u00fameros de la obra completa de pilar prim\u00c2\u00bf es una colecci\u00f3n facs\u00edmil de los 18 n\u00fameros publicados, ordenados cronol\u00f3gicamente y conservando el formato original.  el volumen 3 \u00c2\u00bf fotorama\u00c2\u00bf continua la mirada cr\u00edtica del volumen 1 pero utilizando im\u00e1genes en lugar de palabras. Es una selecci\u00f3n intencionada y numerosa de fotograf\u00edas ordenadas tem\u00e1ticamente, acompa\u00f1adas de escritos cortos que muestran una visi\u00f3n tendenciosa de la realidad, la de la presente tesis.   este volumen se ordena a partir de siete recomendaciones o apartados que, de alguna forma, podr\u00edan considerarse las conclusiones de la tesis.  cuestionar la novedad descuidar la forma atender la funci\u00f3n reencontrarse con  la autenticidad permitir el misterio contaminarse de vida  respetar  la realidad  el volumen 4 \u00c2\u00bf hemeroteca barcelonesa\u00c2\u00bf es un anejo documental que recoge recortes de prensa y documentaci\u00f3n interna del grupo que complementa la informaci\u00f3n de la tesis.<\/p>\n<p>&nbsp;<\/p>\n<h3>Datos acad\u00e9micos de la tesis doctoral \u00ab<strong>Arquitectura de la realitat<\/strong>\u00ab<\/h3>\n<ul>\n<li><strong>T\u00edtulo de la tesis:<\/strong>\u00a0 Arquitectura de la realitat <\/li>\n<li><strong>Autor:<\/strong>\u00a0 Jose Fuses Comalada <\/li>\n<li><strong>Universidad:<\/strong>\u00a0 Polit\u00e9cnica de catalunya<\/li>\n<li><strong>Fecha de lectura de la tesis:<\/strong>\u00a0 07\/11\/2011<\/li>\n<\/ul>\n<p>&nbsp;<\/p>\n<h3>Direcci\u00f3n y tribunal<\/h3>\n<ul>\n<li><strong>Director de la tesis<\/strong>\n<ul>\n<li>Xavier Monteys Roig<\/li>\n<\/ul>\n<\/li>\n<li><strong>Tribunal<\/strong>\n<ul>\n<li>Presidente del tribunal: manuel De sola morales rubio <\/li>\n<li>xavier Antich valero (vocal)<\/li>\n<li>marisa Garcia vergara (vocal)<\/li>\n<li>nadia Fava (vocal)<\/li>\n<\/ul>\n<\/li>\n<\/ul>\n<p>&nbsp;<\/p>\n","protected":false},"excerpt":{"rendered":"<p>Tesis doctoral de Jose Fuses Comalada El tema central de la tesis, arquitectura de la realidad, se plantea un doble [&hellip;]<\/p>\n","protected":false},"author":1,"featured_media":0,"comment_status":"open","ping_status":"open","sticky":false,"template":"","format":"standard","meta":{"site-sidebar-layout":"default","site-content-layout":"","ast-site-content-layout":"","site-content-style":"default","site-sidebar-style":"default","ast-global-header-display":"","ast-banner-title-visibility":"","ast-main-header-display":"","ast-hfb-above-header-display":"","ast-hfb-below-header-display":"","ast-hfb-mobile-header-display":"","site-post-title":"","ast-breadcrumbs-content":"","ast-featured-img":"","footer-sml-layout":"","theme-transparent-header-meta":"","adv-header-id-meta":"","stick-header-meta":"","header-above-stick-meta":"","header-main-stick-meta":"","header-below-stick-meta":"","astra-migrate-meta-layouts":"default","ast-page-background-enabled":"default","ast-page-background-meta":{"desktop":{"background-color":"var(--ast-global-color-4)","background-image":"","background-repeat":"repeat","background-position":"center center","background-size":"auto","background-attachment":"scroll","background-type":"","background-media":"","overlay-type":"","overlay-color":"","overlay-gradient":""},"tablet":{"background-color":"","background-image":"","background-repeat":"repeat","background-position":"center center","background-size":"auto","background-attachment":"scroll","background-type":"","background-media":"","overlay-type":"","overlay-color":"","overlay-gradient":""},"mobile":{"background-color":"","background-image":"","background-repeat":"repeat","background-position":"center center","background-size":"auto","background-attachment":"scroll","background-type":"","background-media":"","overlay-type":"","overlay-color":"","overlay-gradient":""}},"ast-content-background-meta":{"desktop":{"background-color":"var(--ast-global-color-5)","background-image":"","background-repeat":"repeat","background-position":"center center","background-size":"auto","background-attachment":"scroll","background-type":"","background-media":"","overlay-type":"","overlay-color":"","overlay-gradient":""},"tablet":{"background-color":"var(--ast-global-color-5)","background-image":"","background-repeat":"repeat","background-position":"center center","background-size":"auto","background-attachment":"scroll","background-type":"","background-media":"","overlay-type":"","overlay-color":"","overlay-gradient":""},"mobile":{"background-color":"var(--ast-global-color-5)","background-image":"","background-repeat":"repeat","background-position":"center center","background-size":"auto","background-attachment":"scroll","background-type":"","background-media":"","overlay-type":"","overlay-color":"","overlay-gradient":""}},"footnotes":""},"categories":[4509,15596],"tags":[222503,15682,168457,83300,49282,15639],"class_list":["post-111711","post","type-post","status-publish","format-standard","hentry","category-arquitectura","category-politecnica-de-catalunya","tag-jose-fuses-comalada","tag-manuel-de-sola-morales-rubio","tag-marisa-garcia-vergara","tag-nadia-fava","tag-xavier-antich-valero","tag-xavier-monteys-roig"],"_links":{"self":[{"href":"https:\/\/www.deberes.net\/tesis\/wp-json\/wp\/v2\/posts\/111711","targetHints":{"allow":["GET"]}}],"collection":[{"href":"https:\/\/www.deberes.net\/tesis\/wp-json\/wp\/v2\/posts"}],"about":[{"href":"https:\/\/www.deberes.net\/tesis\/wp-json\/wp\/v2\/types\/post"}],"author":[{"embeddable":true,"href":"https:\/\/www.deberes.net\/tesis\/wp-json\/wp\/v2\/users\/1"}],"replies":[{"embeddable":true,"href":"https:\/\/www.deberes.net\/tesis\/wp-json\/wp\/v2\/comments?post=111711"}],"version-history":[{"count":0,"href":"https:\/\/www.deberes.net\/tesis\/wp-json\/wp\/v2\/posts\/111711\/revisions"}],"wp:attachment":[{"href":"https:\/\/www.deberes.net\/tesis\/wp-json\/wp\/v2\/media?parent=111711"}],"wp:term":[{"taxonomy":"category","embeddable":true,"href":"https:\/\/www.deberes.net\/tesis\/wp-json\/wp\/v2\/categories?post=111711"},{"taxonomy":"post_tag","embeddable":true,"href":"https:\/\/www.deberes.net\/tesis\/wp-json\/wp\/v2\/tags?post=111711"}],"curies":[{"name":"wp","href":"https:\/\/api.w.org\/{rel}","templated":true}]}}