{"id":111728,"date":"2011-09-11T00:00:00","date_gmt":"2011-09-11T00:00:00","guid":{"rendered":"https:\/\/www.deberes.net\/tesis\/sin-categoria\/a-fala-de-castrelo-do-val\/"},"modified":"2011-09-11T00:00:00","modified_gmt":"2011-09-11T00:00:00","slug":"a-fala-de-castrelo-do-val","status":"publish","type":"post","link":"https:\/\/www.deberes.net\/tesis\/linguistica-sincronica\/a-fala-de-castrelo-do-val\/","title":{"rendered":"A fala de castrelo do val"},"content":{"rendered":"<h2>Tesis doctoral de <strong> Aquilino Alonso N\u00fa\u00f1ez <\/strong><\/h2>\n<p>Nesta investigaci\u00f3n describo a fon\u00e9tica e a fonolox\u00eda da fala do concello de castrelo do val e tam\u00e9n describo o substantivo, o adxectivo, o verbo e as outras clases de palabras (os pronomes persoais, os artigos, os demostrativos, os posesivos, os numerais, os indefinidos, os relativos, os adverbios, as preposici\u00f3ns e as conxunci\u00f3ns) da fala citada. no cap\u00edtulo 6 fago unha caracterizaci\u00f3n dialectal da fala estudada, relaciono esta fala co resto do galego e dou conta dos principais cambios ling\u00ed\u00bc\u00edsticos detectados. os m\u00e9todos empregados na investigaci\u00f3n foron fundamentalmente as enquisas e as gravaci\u00f3ns.<\/p>\n<p>&nbsp;<\/p>\n<h3>Datos acad\u00e9micos de la tesis doctoral \u00ab<strong>A fala de castrelo do val<\/strong>\u00ab<\/h3>\n<ul>\n<li><strong>T\u00edtulo de la tesis:<\/strong>\u00a0 A fala de castrelo do val <\/li>\n<li><strong>Autor:<\/strong>\u00a0 Aquilino Alonso N\u00fa\u00f1ez <\/li>\n<li><strong>Universidad:<\/strong>\u00a0 Santiago de compostela<\/li>\n<li><strong>Fecha de lectura de la tesis:<\/strong>\u00a0 09\/11\/2011<\/li>\n<\/ul>\n<p>&nbsp;<\/p>\n<h3>Direcci\u00f3n y tribunal<\/h3>\n<ul>\n<li><strong>Director de la tesis<\/strong>\n<ul>\n<li>M Rosario Alvarez Blanco<\/li>\n<\/ul>\n<\/li>\n<li><strong>Tribunal<\/strong>\n<ul>\n<li>Presidente del tribunal: xos\u00e9 lu\u00eds Regueira fern\u00e1ndez <\/li>\n<li>gonzalo Navaza blanco (vocal)<\/li>\n<li>Mar\u00eda victoria Navas s\u00e1nchez-elez (vocal)<\/li>\n<li>Mar\u00eda  rosa Lloret roma\u00f1ach (vocal)<\/li>\n<\/ul>\n<\/li>\n<\/ul>\n<p>&nbsp;<\/p>\n","protected":false},"excerpt":{"rendered":"<p>Tesis doctoral de Aquilino Alonso N\u00fa\u00f1ez Nesta investigaci\u00f3n describo a fon\u00e9tica e a fonolox\u00eda da fala do concello de castrelo [&hellip;]<\/p>\n","protected":false},"author":1,"featured_media":0,"comment_status":"open","ping_status":"open","sticky":false,"template":"","format":"standard","meta":{"site-sidebar-layout":"default","site-content-layout":"","ast-site-content-layout":"","site-content-style":"default","site-sidebar-style":"default","ast-global-header-display":"","ast-banner-title-visibility":"","ast-main-header-display":"","ast-hfb-above-header-display":"","ast-hfb-below-header-display":"","ast-hfb-mobile-header-display":"","site-post-title":"","ast-breadcrumbs-content":"","ast-featured-img":"","footer-sml-layout":"","theme-transparent-header-meta":"","adv-header-id-meta":"","stick-header-meta":"","header-above-stick-meta":"","header-main-stick-meta":"","header-below-stick-meta":"","astra-migrate-meta-layouts":"default","ast-page-background-enabled":"default","ast-page-background-meta":{"desktop":{"background-color":"var(--ast-global-color-4)","background-image":"","background-repeat":"repeat","background-position":"center center","background-size":"auto","background-attachment":"scroll","background-type":"","background-media":"","overlay-type":"","overlay-color":"","overlay-gradient":""},"tablet":{"background-color":"","background-image":"","background-repeat":"repeat","background-position":"center center","background-size":"auto","background-attachment":"scroll","background-type":"","background-media":"","overlay-type":"","overlay-color":"","overlay-gradient":""},"mobile":{"background-color":"","background-image":"","background-repeat":"repeat","background-position":"center center","background-size":"auto","background-attachment":"scroll","background-type":"","background-media":"","overlay-type":"","overlay-color":"","overlay-gradient":""}},"ast-content-background-meta":{"desktop":{"background-color":"var(--ast-global-color-5)","background-image":"","background-repeat":"repeat","background-position":"center center","background-size":"auto","background-attachment":"scroll","background-type":"","background-media":"","overlay-type":"","overlay-color":"","overlay-gradient":""},"tablet":{"background-color":"var(--ast-global-color-5)","background-image":"","background-repeat":"repeat","background-position":"center center","background-size":"auto","background-attachment":"scroll","background-type":"","background-media":"","overlay-type":"","overlay-color":"","overlay-gradient":""},"mobile":{"background-color":"var(--ast-global-color-5)","background-image":"","background-repeat":"repeat","background-position":"center center","background-size":"auto","background-attachment":"scroll","background-type":"","background-media":"","overlay-type":"","overlay-color":"","overlay-gradient":""}},"footnotes":""},"categories":[424,12985,62,977],"tags":[222533,73148,18968,140862,222535,222534],"class_list":["post-111728","post","type-post","status-publish","format-standard","hentry","category-fonologia","category-linguistica-geografica","category-linguistica-sincronica","category-santiago-de-compostela","tag-aquilino-alonso-nunez","tag-gonzalo-navaza-blanco","tag-m-rosario-alvarez-blanco","tag-maria-rosa-lloret-romanach","tag-maria-victoria-navas-sanchez-elez","tag-xose-luis-regueira-fernandez"],"_links":{"self":[{"href":"https:\/\/www.deberes.net\/tesis\/wp-json\/wp\/v2\/posts\/111728","targetHints":{"allow":["GET"]}}],"collection":[{"href":"https:\/\/www.deberes.net\/tesis\/wp-json\/wp\/v2\/posts"}],"about":[{"href":"https:\/\/www.deberes.net\/tesis\/wp-json\/wp\/v2\/types\/post"}],"author":[{"embeddable":true,"href":"https:\/\/www.deberes.net\/tesis\/wp-json\/wp\/v2\/users\/1"}],"replies":[{"embeddable":true,"href":"https:\/\/www.deberes.net\/tesis\/wp-json\/wp\/v2\/comments?post=111728"}],"version-history":[{"count":0,"href":"https:\/\/www.deberes.net\/tesis\/wp-json\/wp\/v2\/posts\/111728\/revisions"}],"wp:attachment":[{"href":"https:\/\/www.deberes.net\/tesis\/wp-json\/wp\/v2\/media?parent=111728"}],"wp:term":[{"taxonomy":"category","embeddable":true,"href":"https:\/\/www.deberes.net\/tesis\/wp-json\/wp\/v2\/categories?post=111728"},{"taxonomy":"post_tag","embeddable":true,"href":"https:\/\/www.deberes.net\/tesis\/wp-json\/wp\/v2\/tags?post=111728"}],"curies":[{"name":"wp","href":"https:\/\/api.w.org\/{rel}","templated":true}]}}