{"id":111736,"date":"2011-11-11T00:00:00","date_gmt":"2011-11-11T00:00:00","guid":{"rendered":"https:\/\/www.deberes.net\/tesis\/sin-categoria\/aproximacion-teorica-a-los-sistemas-de-medicion-y-evaluacion-de-la-capacidad-de-absorcion-de-conocimiento-acap-una-propuesta-para-el-sctor-del-automovil\/"},"modified":"2011-11-11T00:00:00","modified_gmt":"2011-11-11T00:00:00","slug":"aproximacion-teorica-a-los-sistemas-de-medicion-y-evaluacion-de-la-capacidad-de-absorcion-de-conocimiento-acap-una-propuesta-para-el-sctor-del-automovil","status":"publish","type":"post","link":"https:\/\/www.deberes.net\/tesis\/sociologia-general\/aproximacion-teorica-a-los-sistemas-de-medicion-y-evaluacion-de-la-capacidad-de-absorcion-de-conocimiento-acap-una-propuesta-para-el-sctor-del-automovil\/","title":{"rendered":"Aproximaci\u00f3n te\u00f3rica a los sistemas de medici\u00f3n y evaluaci\u00f3n de la capacidad de absorci\u00f3n de conocimiento (acap). una propuesta para el sctor del autom\u00f3vil"},"content":{"rendered":"<h2>Tesis doctoral de <strong> Alicia Molina Gonz\u00e1lez <\/strong><\/h2>\n<p>La capacidad de absorci\u00f3n (acap) definida como el conjunto de habilidades que dispone una empresa para gestionar el conocimiento del entorno e internalizarlo para producir nuevo valor (e.G. Cohen y levinthal, 1990), es el concepto que permite operacionalizar la capacidad de crear conocimiento en relaci\u00f3n con el entorno en el que la empresa se haya inserta. la relaci\u00f3n positiva del acap con la innovaci\u00f3n y el rendimiento ha sido demostrada por varios autores (geroski, machin y van reenen 1993; hall, 2000; czarnitzki y kraft 2004; nieto y quevedo, 2005). Sin embargo, las propuestas de medici\u00f3n del acap son escasas y poco estandarizadas, lo cual dificulta la comparaci\u00f3n a trav\u00e9s de los diferentes estudios.  el prop\u00f3sito de este trabajo es entender mejor la capacidad de absorci\u00f3n, sus dimensiones b\u00e1sicas y alternativas de operacionalizaci\u00f3n. Pasaremos revista a las diferentes propuestas de medici\u00f3n del acap prestando especial atenci\u00f3n a las no tenidas en cuenta hasta ahora (pero inherentes al concepto) como son la cultura organizativa y las redes inter e intraorganizativas, aplicadas a un estudio de caso. En este estudio se observar\u00e1 si estas dimensiones hasta ahora no estudiadas modifican los resultados obtenidos en propuestas de mediciones anteriores.  en resumen, nos interesa tanto el desarrollo de instrumentos para la medici\u00f3n del acap como la identificaci\u00f3n de los factores tecnol\u00f3gicos y sociales que influyen en el proceso.  Este inter\u00e9s viene dado por la exigencia existente en el sector de la automoci\u00f3n de incrementar constantemente la productividad en base a la aplicaci\u00f3n de tecnolog\u00eda. Entendemos que esta tecnolog\u00eda tambi\u00e9n alcanza a las dimensiones sociales y culturales de las organizaciones.<\/p>\n<p>&nbsp;<\/p>\n<h3>Datos acad\u00e9micos de la tesis doctoral \u00ab<strong>Aproximaci\u00f3n te\u00f3rica a los sistemas de medici\u00f3n y evaluaci\u00f3n de la capacidad de absorci\u00f3n de conocimiento (acap). una propuesta para el sctor del autom\u00f3vil<\/strong>\u00ab<\/h3>\n<ul>\n<li><strong>T\u00edtulo de la tesis:<\/strong>\u00a0 Aproximaci\u00f3n te\u00f3rica a los sistemas de medici\u00f3n y evaluaci\u00f3n de la capacidad de absorci\u00f3n de conocimiento (acap). una propuesta para el sctor del autom\u00f3vil <\/li>\n<li><strong>Autor:<\/strong>\u00a0 Alicia Molina Gonz\u00e1lez <\/li>\n<li><strong>Universidad:<\/strong>\u00a0 Polit\u00e9cnica de catalunya<\/li>\n<li><strong>Fecha de lectura de la tesis:<\/strong>\u00a0 11\/11\/2011<\/li>\n<\/ul>\n<p>&nbsp;<\/p>\n<h3>Direcci\u00f3n y tribunal<\/h3>\n<ul>\n<li><strong>Director de la tesis<\/strong>\n<ul>\n<li>Joan Mundet Hiern<\/li>\n<\/ul>\n<\/li>\n<li><strong>Tribunal<\/strong>\n<ul>\n<li>Presidente del tribunal: francesc Sol\u00e9 parellada <\/li>\n<li>josep Mar\u00eda Rosanas marti (vocal)<\/li>\n<li>oliver Blume (vocal)<\/li>\n<li>laura Carnicero hernanz (vocal)<\/li>\n<\/ul>\n<\/li>\n<\/ul>\n<p>&nbsp;<\/p>\n","protected":false},"excerpt":{"rendered":"<p>Tesis doctoral de Alicia Molina Gonz\u00e1lez La capacidad de absorci\u00f3n (acap) definida como el conjunto de habilidades que dispone una [&hellip;]<\/p>\n","protected":false},"author":1,"featured_media":0,"comment_status":"open","ping_status":"open","sticky":false,"template":"","format":"standard","meta":{"site-sidebar-layout":"default","site-content-layout":"","ast-site-content-layout":"","site-content-style":"default","site-sidebar-style":"default","ast-global-header-display":"","ast-banner-title-visibility":"","ast-main-header-display":"","ast-hfb-above-header-display":"","ast-hfb-below-header-display":"","ast-hfb-mobile-header-display":"","site-post-title":"","ast-breadcrumbs-content":"","ast-featured-img":"","footer-sml-layout":"","theme-transparent-header-meta":"","adv-header-id-meta":"","stick-header-meta":"","header-above-stick-meta":"","header-main-stick-meta":"","header-below-stick-meta":"","astra-migrate-meta-layouts":"default","ast-page-background-enabled":"default","ast-page-background-meta":{"desktop":{"background-color":"var(--ast-global-color-4)","background-image":"","background-repeat":"repeat","background-position":"center center","background-size":"auto","background-attachment":"scroll","background-type":"","background-media":"","overlay-type":"","overlay-color":"","overlay-gradient":""},"tablet":{"background-color":"","background-image":"","background-repeat":"repeat","background-position":"center center","background-size":"auto","background-attachment":"scroll","background-type":"","background-media":"","overlay-type":"","overlay-color":"","overlay-gradient":""},"mobile":{"background-color":"","background-image":"","background-repeat":"repeat","background-position":"center center","background-size":"auto","background-attachment":"scroll","background-type":"","background-media":"","overlay-type":"","overlay-color":"","overlay-gradient":""}},"ast-content-background-meta":{"desktop":{"background-color":"var(--ast-global-color-5)","background-image":"","background-repeat":"repeat","background-position":"center center","background-size":"auto","background-attachment":"scroll","background-type":"","background-media":"","overlay-type":"","overlay-color":"","overlay-gradient":""},"tablet":{"background-color":"var(--ast-global-color-5)","background-image":"","background-repeat":"repeat","background-position":"center center","background-size":"auto","background-attachment":"scroll","background-type":"","background-media":"","overlay-type":"","overlay-color":"","overlay-gradient":""},"mobile":{"background-color":"var(--ast-global-color-5)","background-image":"","background-repeat":"repeat","background-position":"center center","background-size":"auto","background-attachment":"scroll","background-type":"","background-media":"","overlay-type":"","overlay-color":"","overlay-gradient":""}},"footnotes":""},"categories":[34346,1302,15596,270],"tags":[222550,1307,30553,15719,215978,222551],"class_list":["post-111736","post","type-post","status-publish","format-standard","hentry","category-evolucion-cultural","category-organizacion-y-gestion-de-empresas","category-politecnica-de-catalunya","category-sociologia-general","tag-alicia-molina-gonzalez","tag-francesc-sole-parellada","tag-joan-mundet-hiern","tag-josep-maria-rosanas-marti","tag-laura-carnicero-hernanz","tag-oliver-blume"],"_links":{"self":[{"href":"https:\/\/www.deberes.net\/tesis\/wp-json\/wp\/v2\/posts\/111736","targetHints":{"allow":["GET"]}}],"collection":[{"href":"https:\/\/www.deberes.net\/tesis\/wp-json\/wp\/v2\/posts"}],"about":[{"href":"https:\/\/www.deberes.net\/tesis\/wp-json\/wp\/v2\/types\/post"}],"author":[{"embeddable":true,"href":"https:\/\/www.deberes.net\/tesis\/wp-json\/wp\/v2\/users\/1"}],"replies":[{"embeddable":true,"href":"https:\/\/www.deberes.net\/tesis\/wp-json\/wp\/v2\/comments?post=111736"}],"version-history":[{"count":0,"href":"https:\/\/www.deberes.net\/tesis\/wp-json\/wp\/v2\/posts\/111736\/revisions"}],"wp:attachment":[{"href":"https:\/\/www.deberes.net\/tesis\/wp-json\/wp\/v2\/media?parent=111736"}],"wp:term":[{"taxonomy":"category","embeddable":true,"href":"https:\/\/www.deberes.net\/tesis\/wp-json\/wp\/v2\/categories?post=111736"},{"taxonomy":"post_tag","embeddable":true,"href":"https:\/\/www.deberes.net\/tesis\/wp-json\/wp\/v2\/tags?post=111736"}],"curies":[{"name":"wp","href":"https:\/\/api.w.org\/{rel}","templated":true}]}}