{"id":111761,"date":"2018-03-11T10:38:22","date_gmt":"2018-03-11T10:38:22","guid":{"rendered":"https:\/\/www.deberes.net\/tesis\/sin-categoria\/las-munecas-recortables-en-espana-en-el-siglo-xx\/"},"modified":"2018-03-11T10:38:22","modified_gmt":"2018-03-11T10:38:22","slug":"las-munecas-recortables-en-espana-en-el-siglo-xx","status":"publish","type":"post","link":"https:\/\/www.deberes.net\/tesis\/historia-del-arte\/las-munecas-recortables-en-espana-en-el-siglo-xx\/","title":{"rendered":"Las mu\u00f1ecas recortables en espa\u00f1a en el siglo xx"},"content":{"rendered":"<h2>Tesis doctoral de <strong> Margarita Lozano Crespo <\/strong><\/h2>\n<p>An\u00e1lisis de las mu\u00f1ecas recortables como una manifestaci\u00f3n cultural y un documento antro\u00f3l\u00f3gico que reflejan la sociedad en que aparecen, concretando este estudio en espa\u00f1a, sin dejar de observar el desarrollo de esta manifestaci\u00f3n de obra ef\u00edmera en el resto del mundo, para evidenciar las posibles interacciones entre los diferentes tipos de dibujo, as\u00ed, como entre los diferentes medios audiovisuales.<\/p>\n<p>&nbsp;<\/p>\n<h3>Datos acad\u00e9micos de la tesis doctoral \u00ab<strong>Las mu\u00f1ecas recortables en espa\u00f1a en el siglo xx<\/strong>\u00ab<\/h3>\n<ul>\n<li><strong>T\u00edtulo de la tesis:<\/strong>\u00a0 Las mu\u00f1ecas recortables en espa\u00f1a en el siglo xx <\/li>\n<li><strong>Autor:<\/strong>\u00a0 Margarita Lozano Crespo <\/li>\n<li><strong>Universidad:<\/strong>\u00a0 Castilla-la mancha<\/li>\n<li><strong>Fecha de lectura de la tesis:<\/strong>\u00a0 14\/11\/2011<\/li>\n<\/ul>\n<p>&nbsp;<\/p>\n<h3>Direcci\u00f3n y tribunal<\/h3>\n<ul>\n<li><strong>Director de la tesis<\/strong>\n<ul>\n<li>herrador Almarcha N\u00fa\u00f1ez<\/li>\n<\/ul>\n<\/li>\n<li><strong>Tribunal<\/strong>\n<ul>\n<li>Presidente del tribunal: Miguel Cort\u00e9s arrese <\/li>\n<li>ascensi\u00f3n Hern\u00e1ndez mart\u00ednez (vocal)<\/li>\n<li>federico Castro morales (vocal)<\/li>\n<li>bernardo Riego amezaga (vocal)<\/li>\n<\/ul>\n<\/li>\n<\/ul>\n<p>&nbsp;<\/p>\n","protected":false},"excerpt":{"rendered":"<p>Tesis doctoral de Margarita Lozano Crespo An\u00e1lisis de las mu\u00f1ecas recortables como una manifestaci\u00f3n cultural y un documento antro\u00f3l\u00f3gico que [&hellip;]<\/p>\n","protected":false},"author":1,"featured_media":0,"comment_status":"open","ping_status":"open","sticky":false,"template":"","format":"standard","meta":{"site-sidebar-layout":"default","site-content-layout":"","ast-site-content-layout":"","site-content-style":"default","site-sidebar-style":"default","ast-global-header-display":"","ast-banner-title-visibility":"","ast-main-header-display":"","ast-hfb-above-header-display":"","ast-hfb-below-header-display":"","ast-hfb-mobile-header-display":"","site-post-title":"","ast-breadcrumbs-content":"","ast-featured-img":"","footer-sml-layout":"","theme-transparent-header-meta":"","adv-header-id-meta":"","stick-header-meta":"","header-above-stick-meta":"","header-main-stick-meta":"","header-below-stick-meta":"","astra-migrate-meta-layouts":"default","ast-page-background-enabled":"default","ast-page-background-meta":{"desktop":{"background-color":"var(--ast-global-color-4)","background-image":"","background-repeat":"repeat","background-position":"center center","background-size":"auto","background-attachment":"scroll","background-type":"","background-media":"","overlay-type":"","overlay-color":"","overlay-gradient":""},"tablet":{"background-color":"","background-image":"","background-repeat":"repeat","background-position":"center center","background-size":"auto","background-attachment":"scroll","background-type":"","background-media":"","overlay-type":"","overlay-color":"","overlay-gradient":""},"mobile":{"background-color":"","background-image":"","background-repeat":"repeat","background-position":"center center","background-size":"auto","background-attachment":"scroll","background-type":"","background-media":"","overlay-type":"","overlay-color":"","overlay-gradient":""}},"ast-content-background-meta":{"desktop":{"background-color":"var(--ast-global-color-5)","background-image":"","background-repeat":"repeat","background-position":"center center","background-size":"auto","background-attachment":"scroll","background-type":"","background-media":"","overlay-type":"","overlay-color":"","overlay-gradient":""},"tablet":{"background-color":"var(--ast-global-color-5)","background-image":"","background-repeat":"repeat","background-position":"center center","background-size":"auto","background-attachment":"scroll","background-type":"","background-media":"","overlay-type":"","overlay-color":"","overlay-gradient":""},"mobile":{"background-color":"var(--ast-global-color-5)","background-image":"","background-repeat":"repeat","background-position":"center center","background-size":"auto","background-attachment":"scroll","background-type":"","background-media":"","overlay-type":"","overlay-color":"","overlay-gradient":""}},"footnotes":""},"categories":[18451,1014,2563],"tags":[28797,75637,26089,80930,222589,32474],"class_list":["post-111761","post","type-post","status-publish","format-standard","hentry","category-castilla-la-mancha","category-historia-del-arte","category-historia-del-arte-de-los-siglos-xix-y-xx","tag-ascension-hernandez-Martinez","tag-bernardo-riego-amezaga","tag-federico-castro-morales","tag-herrador-almarcha-nunez","tag-margarita-lozano-crespo","tag-miguel-cortes-arrese"],"_links":{"self":[{"href":"https:\/\/www.deberes.net\/tesis\/wp-json\/wp\/v2\/posts\/111761","targetHints":{"allow":["GET"]}}],"collection":[{"href":"https:\/\/www.deberes.net\/tesis\/wp-json\/wp\/v2\/posts"}],"about":[{"href":"https:\/\/www.deberes.net\/tesis\/wp-json\/wp\/v2\/types\/post"}],"author":[{"embeddable":true,"href":"https:\/\/www.deberes.net\/tesis\/wp-json\/wp\/v2\/users\/1"}],"replies":[{"embeddable":true,"href":"https:\/\/www.deberes.net\/tesis\/wp-json\/wp\/v2\/comments?post=111761"}],"version-history":[{"count":0,"href":"https:\/\/www.deberes.net\/tesis\/wp-json\/wp\/v2\/posts\/111761\/revisions"}],"wp:attachment":[{"href":"https:\/\/www.deberes.net\/tesis\/wp-json\/wp\/v2\/media?parent=111761"}],"wp:term":[{"taxonomy":"category","embeddable":true,"href":"https:\/\/www.deberes.net\/tesis\/wp-json\/wp\/v2\/categories?post=111761"},{"taxonomy":"post_tag","embeddable":true,"href":"https:\/\/www.deberes.net\/tesis\/wp-json\/wp\/v2\/tags?post=111761"}],"curies":[{"name":"wp","href":"https:\/\/api.w.org\/{rel}","templated":true}]}}