{"id":111773,"date":"2018-03-11T10:38:27","date_gmt":"2018-03-11T10:38:27","guid":{"rendered":"https:\/\/www.deberes.net\/tesis\/sin-categoria\/la-guerra-del-frances-en-la-ciudad-de-valencia\/"},"modified":"2018-03-11T10:38:27","modified_gmt":"2018-03-11T10:38:27","slug":"la-guerra-del-frances-en-la-ciudad-de-valencia","status":"publish","type":"post","link":"https:\/\/www.deberes.net\/tesis\/historia\/la-guerra-del-frances-en-la-ciudad-de-valencia\/","title":{"rendered":"La guerra del franc\u00e9s en la ciudad de Valencia."},"content":{"rendered":"<h2>Tesis doctoral de <strong> Jos\u00e9 Antonio Perez Gimena <\/strong><\/h2>\n<p>Resumen    esta tesis doctoral es una investigaci\u00f3n sobre la historia social y econ\u00f3mica de Madrid entre 1860 y 1931. El an\u00e1lisis se centra en el ensanche sur, una de las tres nuevas zonas que fueron dise\u00f1adas por el proyecto de carlos mar\u00eda de castr o para expandir la ciudad m\u00e1s all\u00e1 de sus antiguas cercas. Su elecci\u00f3n como objeto de estudio se debe a que fue un territorio en permanente transformaci\u00f3n urban\u00edstica y social. Fue una de las principales zonas donde se gest\u00f3 la transformaci\u00f3n industr ial de la ciudad a principios del siglo xx y una zona que impuls\u00f3 la nueva econom\u00eda de servicios que defini\u00f3 a Madrid en el \u00e1mbito espa\u00f1ol. el trabajo aborda un periodo de tiempo durante el cual la ciudad experiment\u00f3 un crecimiento demogr\u00e1fico muy im portante que cuadruplic\u00f3 el n\u00famero de habitantes. En la tesis se realiza un an\u00e1lisis sistem\u00e1tico de las corrientes migratorias, la principal fuente de crecimiento de la ciudad. Se estudian los lugares de procedencia de la poblaci\u00f3n inmigrante, sus fo rmas de migrar, los tipos de familias, la integraci\u00f3n en la ciudad, la formaci\u00f3n de redes familiares y de paisanaje y su movilidad residencial entre unos barrios y otros. la tesis tambi\u00e9n estudia c\u00f3mo afect\u00f3 ese crecimiento demogr\u00e1fico, por medio de inmigrantes, en el modelo econ\u00f3mico de la ciudad. En una primera parte se explica el ocaso de las estructuras gremiales, el deterioro de las condiciones laborales de los artesanos y la emergencia de los trabajadores no cualificados como mano de obra mayoritaria del mercado laboral madrile\u00f1o. En una segunda parte se estudia el papel del ensanche en la aparici\u00f3n de una econom\u00eda industrial complementaria a la tradicional y en la expansi\u00f3n y modernizaci\u00f3n de la econom\u00eda de servicios. por \u00faltimo, la investigaci\u00f3n reconstruye las reivindicaciones vecinales para mejorar las condiciones urban\u00edsticas de sus barrios, su fracaso y el progresivo deterioro de toda la zona. Se analizan el proceso de segregaci\u00f3n que afect\u00f3 a toda la ciudad y la creaci\u00f3n d e una imagen que vinculaba al ensanche sur con la delincuencia, el crimen y la enfermedad. Se explica la aparici\u00f3n del concepto \u00c2\u00bfsubmundo\u00c2\u00bf en el \u00e1mbito madrile\u00f1o y su pervivencia hasta 1930, cuando la zona hab\u00eda experimentado un notable cambio social , econ\u00f3mico y urban\u00edstico, y su realidad hist\u00f3rica ya no se correspond\u00eda con esa negativa imagen heredada.<\/p>\n<p>&nbsp;<\/p>\n<h3>Datos acad\u00e9micos de la tesis doctoral \u00ab<strong>La guerra del franc\u00e9s en la ciudad de Valencia.<\/strong>\u00ab<\/h3>\n<ul>\n<li><strong>T\u00edtulo de la tesis:<\/strong>\u00a0 La guerra del franc\u00e9s en la ciudad de Valencia. <\/li>\n<li><strong>Autor:<\/strong>\u00a0 Jos\u00e9 Antonio Perez Gimena <\/li>\n<li><strong>Universidad:<\/strong>\u00a0 Complutense de Madrid<\/li>\n<li><strong>Fecha de lectura de la tesis:<\/strong>\u00a0 16\/11\/2011<\/li>\n<\/ul>\n<p>&nbsp;<\/p>\n<h3>Direcci\u00f3n y tribunal<\/h3>\n<ul>\n<li><strong>Director de la tesis<\/strong>\n<ul>\n<li>Enrique Mart\u00ednez Ruiz<\/li>\n<\/ul>\n<\/li>\n<li><strong>Tribunal<\/strong>\n<ul>\n<li>Presidente del tribunal: jos\u00e9 Cepeda g\u00f3mez <\/li>\n<li>enrique Gim\u00e9nez l\u00f3pez (vocal)<\/li>\n<li>Antonio Moliner prada (vocal)<\/li>\n<li>amparo Felipo orts (vocal)<\/li>\n<\/ul>\n<\/li>\n<\/ul>\n<p>&nbsp;<\/p>\n","protected":false},"excerpt":{"rendered":"<p>Tesis doctoral de Jos\u00e9 Antonio Perez Gimena Resumen esta tesis doctoral es una investigaci\u00f3n sobre la historia social y econ\u00f3mica [&hellip;]<\/p>\n","protected":false},"author":1,"featured_media":0,"comment_status":"open","ping_status":"open","sticky":false,"template":"","format":"standard","meta":{"site-sidebar-layout":"default","site-content-layout":"","ast-site-content-layout":"","site-content-style":"default","site-sidebar-style":"default","ast-global-header-display":"","ast-banner-title-visibility":"","ast-main-header-display":"","ast-hfb-above-header-display":"","ast-hfb-below-header-display":"","ast-hfb-mobile-header-display":"","site-post-title":"","ast-breadcrumbs-content":"","ast-featured-img":"","footer-sml-layout":"","theme-transparent-header-meta":"","adv-header-id-meta":"","stick-header-meta":"","header-above-stick-meta":"","header-main-stick-meta":"","header-below-stick-meta":"","astra-migrate-meta-layouts":"default","ast-page-background-enabled":"default","ast-page-background-meta":{"desktop":{"background-color":"var(--ast-global-color-4)","background-image":"","background-repeat":"repeat","background-position":"center center","background-size":"auto","background-attachment":"scroll","background-type":"","background-media":"","overlay-type":"","overlay-color":"","overlay-gradient":""},"tablet":{"background-color":"","background-image":"","background-repeat":"repeat","background-position":"center center","background-size":"auto","background-attachment":"scroll","background-type":"","background-media":"","overlay-type":"","overlay-color":"","overlay-gradient":""},"mobile":{"background-color":"","background-image":"","background-repeat":"repeat","background-position":"center center","background-size":"auto","background-attachment":"scroll","background-type":"","background-media":"","overlay-type":"","overlay-color":"","overlay-gradient":""}},"ast-content-background-meta":{"desktop":{"background-color":"var(--ast-global-color-5)","background-image":"","background-repeat":"repeat","background-position":"center center","background-size":"auto","background-attachment":"scroll","background-type":"","background-media":"","overlay-type":"","overlay-color":"","overlay-gradient":""},"tablet":{"background-color":"var(--ast-global-color-5)","background-image":"","background-repeat":"repeat","background-position":"center center","background-size":"auto","background-attachment":"scroll","background-type":"","background-media":"","overlay-type":"","overlay-color":"","overlay-gradient":""},"mobile":{"background-color":"var(--ast-global-color-5)","background-image":"","background-repeat":"repeat","background-position":"center center","background-size":"auto","background-attachment":"scroll","background-type":"","background-media":"","overlay-type":"","overlay-color":"","overlay-gradient":""}},"footnotes":""},"categories":[986,104],"tags":[37764,38841,4940,4939,222608,4938],"class_list":["post-111773","post","type-post","status-publish","format-standard","hentry","category-complutense-de-madrid","category-historia","tag-amparo-felipo-orts","tag-antonio-moliner-prada","tag-enrique-gimenez-lopez","tag-enrique-Martinez-ruiz","tag-jose-antonio-perez-gimena","tag-jose-cepeda-gomez"],"_links":{"self":[{"href":"https:\/\/www.deberes.net\/tesis\/wp-json\/wp\/v2\/posts\/111773","targetHints":{"allow":["GET"]}}],"collection":[{"href":"https:\/\/www.deberes.net\/tesis\/wp-json\/wp\/v2\/posts"}],"about":[{"href":"https:\/\/www.deberes.net\/tesis\/wp-json\/wp\/v2\/types\/post"}],"author":[{"embeddable":true,"href":"https:\/\/www.deberes.net\/tesis\/wp-json\/wp\/v2\/users\/1"}],"replies":[{"embeddable":true,"href":"https:\/\/www.deberes.net\/tesis\/wp-json\/wp\/v2\/comments?post=111773"}],"version-history":[{"count":0,"href":"https:\/\/www.deberes.net\/tesis\/wp-json\/wp\/v2\/posts\/111773\/revisions"}],"wp:attachment":[{"href":"https:\/\/www.deberes.net\/tesis\/wp-json\/wp\/v2\/media?parent=111773"}],"wp:term":[{"taxonomy":"category","embeddable":true,"href":"https:\/\/www.deberes.net\/tesis\/wp-json\/wp\/v2\/categories?post=111773"},{"taxonomy":"post_tag","embeddable":true,"href":"https:\/\/www.deberes.net\/tesis\/wp-json\/wp\/v2\/tags?post=111773"}],"curies":[{"name":"wp","href":"https:\/\/api.w.org\/{rel}","templated":true}]}}