{"id":111847,"date":"2018-03-11T10:38:33","date_gmt":"2018-03-11T10:38:33","guid":{"rendered":"https:\/\/www.deberes.net\/tesis\/sin-categoria\/la-ruta-wnt-en-los-adenocarcinomas-nasosinusales\/"},"modified":"2018-03-11T10:38:33","modified_gmt":"2018-03-11T10:38:33","slug":"la-ruta-wnt-en-los-adenocarcinomas-nasosinusales","status":"publish","type":"post","link":"https:\/\/www.deberes.net\/tesis\/oncologia\/la-ruta-wnt-en-los-adenocarcinomas-nasosinusales\/","title":{"rendered":"La ruta wnt en los adenocarcinomas nasosinusales"},"content":{"rendered":"<h2>Tesis doctoral de <strong> Juan  Pablo Diaz  Molina <\/strong><\/h2>\n<p>Los  adenocarcinomas nasosinusales presentan un patr\u00f3n histol\u00f3gico similar a los adenocarcinomas colorectales y podr\u00edan compartir una etiolog\u00eda com\u00fan como puede ser la inflamaci\u00f3n cr\u00f3nica. La ruta wnt es una de las m\u00e1s estudiadas e implicadas en la carcinog\u00e9nesis de los adenocarcinomas colorectales. Por lo tanto, parece interesante conocer el grado de participaci\u00f3n de la ruta wnt en los adenocarcinomas nasosinusales. En la presente tesis doctoral de estudia a nivel gen\u00e9tico y molecular la \u00edY-catenina descrita como el eje central de la ruta wnt, los genes que la regulan (apc, cdk8, rb y e2f1) y los genes que se encuentran regulados por la transcripci\u00f3n de la \u00edY-catenina (cdkn2a, c-myc y ccnd1). Adem\u00e1s realizamos una aproximaci\u00f3n a la v\u00eda no can\u00f3nica mediante el estudio de  \u00edY-catenina y e-cadherina de membrana<\/p>\n<p>&nbsp;<\/p>\n<h3>Datos acad\u00e9micos de la tesis doctoral \u00ab<strong>La ruta wnt en los adenocarcinomas nasosinusales<\/strong>\u00ab<\/h3>\n<ul>\n<li><strong>T\u00edtulo de la tesis:<\/strong>\u00a0 La ruta wnt en los adenocarcinomas nasosinusales <\/li>\n<li><strong>Autor:<\/strong>\u00a0 Juan  Pablo Diaz  Molina <\/li>\n<li><strong>Universidad:<\/strong>\u00a0 Oviedo<\/li>\n<li><strong>Fecha de lectura de la tesis:<\/strong>\u00a0 24\/11\/2011<\/li>\n<\/ul>\n<p>&nbsp;<\/p>\n<h3>Direcci\u00f3n y tribunal<\/h3>\n<ul>\n<li><strong>Director de la tesis<\/strong>\n<ul>\n<li>Jos\u00e9 Luis Llorente Pendas<\/li>\n<\/ul>\n<\/li>\n<li><strong>Tribunal<\/strong>\n<ul>\n<li>Presidente del tribunal: Manuel florentino Fresno forcelledo <\/li>\n<li>Luis Mar\u00eda Gil carcedo Garc\u00eda (vocal)<\/li>\n<li>Francisco Esteban ortega (vocal)<\/li>\n<li>Jorge Basterra alegria (vocal)<\/li>\n<\/ul>\n<\/li>\n<\/ul>\n<p>&nbsp;<\/p>\n","protected":false},"excerpt":{"rendered":"<p>Tesis doctoral de Juan Pablo Diaz Molina Los adenocarcinomas nasosinusales presentan un patr\u00f3n histol\u00f3gico similar a los adenocarcinomas colorectales y [&hellip;]<\/p>\n","protected":false},"author":1,"featured_media":0,"comment_status":"open","ping_status":"open","sticky":false,"template":"","format":"standard","meta":{"site-sidebar-layout":"default","site-content-layout":"","ast-site-content-layout":"","site-content-style":"default","site-sidebar-style":"default","ast-global-header-display":"","ast-banner-title-visibility":"","ast-main-header-display":"","ast-hfb-above-header-display":"","ast-hfb-below-header-display":"","ast-hfb-mobile-header-display":"","site-post-title":"","ast-breadcrumbs-content":"","ast-featured-img":"","footer-sml-layout":"","theme-transparent-header-meta":"","adv-header-id-meta":"","stick-header-meta":"","header-above-stick-meta":"","header-main-stick-meta":"","header-below-stick-meta":"","astra-migrate-meta-layouts":"default","ast-page-background-enabled":"default","ast-page-background-meta":{"desktop":{"background-color":"var(--ast-global-color-4)","background-image":"","background-repeat":"repeat","background-position":"center center","background-size":"auto","background-attachment":"scroll","background-type":"","background-media":"","overlay-type":"","overlay-color":"","overlay-gradient":""},"tablet":{"background-color":"","background-image":"","background-repeat":"repeat","background-position":"center center","background-size":"auto","background-attachment":"scroll","background-type":"","background-media":"","overlay-type":"","overlay-color":"","overlay-gradient":""},"mobile":{"background-color":"","background-image":"","background-repeat":"repeat","background-position":"center center","background-size":"auto","background-attachment":"scroll","background-type":"","background-media":"","overlay-type":"","overlay-color":"","overlay-gradient":""}},"ast-content-background-meta":{"desktop":{"background-color":"var(--ast-global-color-5)","background-image":"","background-repeat":"repeat","background-position":"center center","background-size":"auto","background-attachment":"scroll","background-type":"","background-media":"","overlay-type":"","overlay-color":"","overlay-gradient":""},"tablet":{"background-color":"var(--ast-global-color-5)","background-image":"","background-repeat":"repeat","background-position":"center center","background-size":"auto","background-attachment":"scroll","background-type":"","background-media":"","overlay-type":"","overlay-color":"","overlay-gradient":""},"mobile":{"background-color":"var(--ast-global-color-5)","background-image":"","background-repeat":"repeat","background-position":"center center","background-size":"auto","background-attachment":"scroll","background-type":"","background-media":"","overlay-type":"","overlay-color":"","overlay-gradient":""}},"footnotes":""},"categories":[36483,1543,1027,1226,8846],"tags":[20928,27159,142795,222727,6733,146203],"class_list":["post-111847","post","type-post","status-publish","format-standard","hentry","category-biologia-molecular","category-cirugia-de-garganta-nariz-y-oidos","category-oncologia","category-otorrinolaringologia","category-oviedo","tag-francisco-esteban-ortega","tag-jorge-basterra-alegria","tag-jose-luis-llorente-pendas","tag-juan-pablo-diaz-molina","tag-luis-maria-gil-carcedo-garcia","tag-manuel-florentino-fresno-forcelledo"],"_links":{"self":[{"href":"https:\/\/www.deberes.net\/tesis\/wp-json\/wp\/v2\/posts\/111847","targetHints":{"allow":["GET"]}}],"collection":[{"href":"https:\/\/www.deberes.net\/tesis\/wp-json\/wp\/v2\/posts"}],"about":[{"href":"https:\/\/www.deberes.net\/tesis\/wp-json\/wp\/v2\/types\/post"}],"author":[{"embeddable":true,"href":"https:\/\/www.deberes.net\/tesis\/wp-json\/wp\/v2\/users\/1"}],"replies":[{"embeddable":true,"href":"https:\/\/www.deberes.net\/tesis\/wp-json\/wp\/v2\/comments?post=111847"}],"version-history":[{"count":0,"href":"https:\/\/www.deberes.net\/tesis\/wp-json\/wp\/v2\/posts\/111847\/revisions"}],"wp:attachment":[{"href":"https:\/\/www.deberes.net\/tesis\/wp-json\/wp\/v2\/media?parent=111847"}],"wp:term":[{"taxonomy":"category","embeddable":true,"href":"https:\/\/www.deberes.net\/tesis\/wp-json\/wp\/v2\/categories?post=111847"},{"taxonomy":"post_tag","embeddable":true,"href":"https:\/\/www.deberes.net\/tesis\/wp-json\/wp\/v2\/tags?post=111847"}],"curies":[{"name":"wp","href":"https:\/\/api.w.org\/{rel}","templated":true}]}}