{"id":111848,"date":"2018-03-11T10:38:33","date_gmt":"2018-03-11T10:38:33","guid":{"rendered":"https:\/\/www.deberes.net\/tesis\/sin-categoria\/responsabilidad-social-empresarial-implicaciones-filosoficas\/"},"modified":"2018-03-11T10:38:33","modified_gmt":"2018-03-11T10:38:33","slug":"responsabilidad-social-empresarial-implicaciones-filosoficas","status":"publish","type":"post","link":"https:\/\/www.deberes.net\/tesis\/leon\/responsabilidad-social-empresarial-implicaciones-filosoficas\/","title":{"rendered":"Responsabilidad social empresarial: implicaciones filos\u00f3ficas"},"content":{"rendered":"<h2>Tesis doctoral de <strong> Le\u00f3n Sigifredo Ciro R\u00edos <\/strong><\/h2>\n<p>La \u00abresponsabilidad social empresarial\u00bb es un atributo con el cual hacer referencia a las acciones empresariales, luego, es necesario identificar las caracter\u00edsticas de las tales \u00abacciones\u00bb a fin de determinar cu\u00e1les se hacen merecedoras del calificativo rse. En este trabajo se ha identificado que el objeto de estudio de la la \u00e9tica de la empresa (sector de la \u00e9tica general en el cual se ha legitimado la rse) no se centra en su dimensi\u00f3n organizacional (nivel meso), \u00fanicamente, sino adem\u00e1s en el nivel del sistema macro (pol\u00edtico, econ\u00f3mico y ambiental) y en el nivel micro, el de la persona humana.  si la acci\u00f3n empresarial se define por sus nexos de relaci\u00f3n con los niveles macro y micro, adem\u00e1s de definirse por la gesti\u00f3n de relaciones que establece con la totalidad de los stakeholders en referencia a una cadena productiva cuyos anillos se han descentrado a lo largo y ancho del planeta, entonces la responsabilidad por cada uno de los componentes de la acci\u00f3n empresarial adquiere una carga significativa espec\u00edfica. La responsabilidad, as\u00ed, se torna sim\u00e9trica en relaci\u00f3n con los tres objetivos de las empresas (econ\u00f3micos, sociales y ambientales). Y se vuelve, en el contexto de la \u00e9tica del largo plazo de jonas, responsabilidad no rec\u00edproca, consciencia del futuro, compromiso con la continuidad de la naturaleza humana. Esta manera de concebir la responsabilidad, permite diferenciar dos dimensiones: la responsabilidad social como marketing, al servicio de los objetivos econ\u00f3micos en t\u00e9rminos de inversi\u00f3n con tasas de retorno; y la responsabilidad social empresarial como pensamiento corporativo vinculante para todos los nexos de relaci\u00f3n de la empresa con los niveles macro y micro, lo cual la convierte en un actor social corporativo cuyas obligaciones sociales la ponen en el centro de las preocupaciones ya no s\u00f3lo por la integraci\u00f3n social presente, sino tambi\u00e9n por las posibilidades de integraci\u00f3n social de las generaciones pr\u00f3ximas.   de este modo, para dar pistas definitivas sobre la carga significativa impl\u00edcita en el t\u00edtulo de este trabajo, explicitar las relaciones de la acci\u00f3n empresarial con el nivel del sistema pol\u00edtico y ambiental, y con el nivel de las interacciones cotidianas (en las cuales el bien moral forma parte de las doctrinas comprehensivas y, por lo tanto, de los procesos de socializaci\u00f3n) significa descubrir las implicaciones filos\u00f3ficas habidas en la conceptualizaci\u00f3n sobre la moralidad de las acciones empresariales y sobre la manera de entender el concepto de responsabilidad que les sea subsecuente.<\/p>\n<p>&nbsp;<\/p>\n<h3>Datos acad\u00e9micos de la tesis doctoral \u00ab<strong>Responsabilidad social empresarial: implicaciones filos\u00f3ficas<\/strong>\u00ab<\/h3>\n<ul>\n<li><strong>T\u00edtulo de la tesis:<\/strong>\u00a0 Responsabilidad social empresarial: implicaciones filos\u00f3ficas <\/li>\n<li><strong>Autor:<\/strong>\u00a0 Le\u00f3n Sigifredo Ciro R\u00edos <\/li>\n<li><strong>Universidad:<\/strong>\u00a0 Le\u00f3n<\/li>\n<li><strong>Fecha de lectura de la tesis:<\/strong>\u00a0 24\/11\/2011<\/li>\n<\/ul>\n<p>&nbsp;<\/p>\n<h3>Direcci\u00f3n y tribunal<\/h3>\n<ul>\n<li><strong>Director de la tesis<\/strong>\n<ul>\n<li>Mar\u00eda Isabel Lafuente Guantes<\/li>\n<\/ul>\n<\/li>\n<li><strong>Tribunal<\/strong>\n<ul>\n<li>Presidente del tribunal: ram\u00f3n Queralt\u00f3 moreno <\/li>\n<li>teresa Lopez de la vieja y de la torre (vocal)<\/li>\n<li>Mar\u00eda del socorro Fern\u00e1ndez Garc\u00eda (vocal)<\/li>\n<li>Juan  ramon Alvarez bautista (vocal)<\/li>\n<\/ul>\n<\/li>\n<\/ul>\n<p>&nbsp;<\/p>\n","protected":false},"excerpt":{"rendered":"<p>Tesis doctoral de Le\u00f3n Sigifredo Ciro R\u00edos La \u00abresponsabilidad social empresarial\u00bb es un atributo con el cual hacer referencia a [&hellip;]<\/p>\n","protected":false},"author":1,"featured_media":0,"comment_status":"open","ping_status":"open","sticky":false,"template":"","format":"standard","meta":{"site-sidebar-layout":"default","site-content-layout":"","ast-site-content-layout":"","site-content-style":"default","site-sidebar-style":"default","ast-global-header-display":"","ast-banner-title-visibility":"","ast-main-header-display":"","ast-hfb-above-header-display":"","ast-hfb-below-header-display":"","ast-hfb-mobile-header-display":"","site-post-title":"","ast-breadcrumbs-content":"","ast-featured-img":"","footer-sml-layout":"","theme-transparent-header-meta":"","adv-header-id-meta":"","stick-header-meta":"","header-above-stick-meta":"","header-main-stick-meta":"","header-below-stick-meta":"","astra-migrate-meta-layouts":"default","ast-page-background-enabled":"default","ast-page-background-meta":{"desktop":{"background-color":"var(--ast-global-color-4)","background-image":"","background-repeat":"repeat","background-position":"center center","background-size":"auto","background-attachment":"scroll","background-type":"","background-media":"","overlay-type":"","overlay-color":"","overlay-gradient":""},"tablet":{"background-color":"","background-image":"","background-repeat":"repeat","background-position":"center center","background-size":"auto","background-attachment":"scroll","background-type":"","background-media":"","overlay-type":"","overlay-color":"","overlay-gradient":""},"mobile":{"background-color":"","background-image":"","background-repeat":"repeat","background-position":"center center","background-size":"auto","background-attachment":"scroll","background-type":"","background-media":"","overlay-type":"","overlay-color":"","overlay-gradient":""}},"ast-content-background-meta":{"desktop":{"background-color":"var(--ast-global-color-5)","background-image":"","background-repeat":"repeat","background-position":"center center","background-size":"auto","background-attachment":"scroll","background-type":"","background-media":"","overlay-type":"","overlay-color":"","overlay-gradient":""},"tablet":{"background-color":"var(--ast-global-color-5)","background-image":"","background-repeat":"repeat","background-position":"center center","background-size":"auto","background-attachment":"scroll","background-type":"","background-media":"","overlay-type":"","overlay-color":"","overlay-gradient":""},"mobile":{"background-color":"var(--ast-global-color-5)","background-image":"","background-repeat":"repeat","background-position":"center center","background-size":"auto","background-attachment":"scroll","background-type":"","background-media":"","overlay-type":"","overlay-color":"","overlay-gradient":""}},"footnotes":""},"categories":[17874,4430],"tags":[213434,222728,147253,222729,23002,37488],"class_list":["post-111848","post","type-post","status-publish","format-standard","hentry","category-etica-economica","category-leon","tag-juan-ramon-alvarez-bautista","tag-leon-sigifredo-ciro-rios","tag-maria-del-socorro-fernandez-garcia","tag-maria-isabel-lafuente-guantes","tag-ramon-queralto-moreno","tag-teresa-lopez-de-la-vieja-y-de-la-torre"],"_links":{"self":[{"href":"https:\/\/www.deberes.net\/tesis\/wp-json\/wp\/v2\/posts\/111848","targetHints":{"allow":["GET"]}}],"collection":[{"href":"https:\/\/www.deberes.net\/tesis\/wp-json\/wp\/v2\/posts"}],"about":[{"href":"https:\/\/www.deberes.net\/tesis\/wp-json\/wp\/v2\/types\/post"}],"author":[{"embeddable":true,"href":"https:\/\/www.deberes.net\/tesis\/wp-json\/wp\/v2\/users\/1"}],"replies":[{"embeddable":true,"href":"https:\/\/www.deberes.net\/tesis\/wp-json\/wp\/v2\/comments?post=111848"}],"version-history":[{"count":0,"href":"https:\/\/www.deberes.net\/tesis\/wp-json\/wp\/v2\/posts\/111848\/revisions"}],"wp:attachment":[{"href":"https:\/\/www.deberes.net\/tesis\/wp-json\/wp\/v2\/media?parent=111848"}],"wp:term":[{"taxonomy":"category","embeddable":true,"href":"https:\/\/www.deberes.net\/tesis\/wp-json\/wp\/v2\/categories?post=111848"},{"taxonomy":"post_tag","embeddable":true,"href":"https:\/\/www.deberes.net\/tesis\/wp-json\/wp\/v2\/tags?post=111848"}],"curies":[{"name":"wp","href":"https:\/\/api.w.org\/{rel}","templated":true}]}}