{"id":111881,"date":"2018-03-11T10:38:33","date_gmt":"2018-03-11T10:38:33","guid":{"rendered":"https:\/\/www.deberes.net\/tesis\/sin-categoria\/la-continuidad-dialogico-filosofica-y-su-expresion-en-las-lecturas-interpretativas-de-textos-de-autor\/"},"modified":"2018-03-11T10:38:33","modified_gmt":"2018-03-11T10:38:33","slug":"la-continuidad-dialogico-filosofica-y-su-expresion-en-las-lecturas-interpretativas-de-textos-de-autor","status":"publish","type":"post","link":"https:\/\/www.deberes.net\/tesis\/traduccion-e-interpretacion\/la-continuidad-dialogico-filosofica-y-su-expresion-en-las-lecturas-interpretativas-de-textos-de-autor\/","title":{"rendered":"La continuidad dial\u00f3gico-filos\u00f3fica y su expresi\u00f3n en las lecturas interpretativas de textos de autor."},"content":{"rendered":"<h2>Tesis doctoral de <strong> Enrique Antonio Conesa Garc\u00eda <\/strong><\/h2>\n<p>Isbn:? 9788469511572<\/p>\n<p>&nbsp;<\/p>\n<h3>Datos acad\u00e9micos de la tesis doctoral \u00ab<strong>La continuidad dial\u00f3gico-filos\u00f3fica y su expresi\u00f3n en las lecturas interpretativas de textos de autor.<\/strong>\u00ab<\/h3>\n<ul>\n<li><strong>T\u00edtulo de la tesis:<\/strong>\u00a0 La continuidad dial\u00f3gico-filos\u00f3fica y su expresi\u00f3n en las lecturas interpretativas de textos de autor. <\/li>\n<li><strong>Autor:<\/strong>\u00a0 Enrique Antonio Conesa Garc\u00eda <\/li>\n<li><strong>Universidad:<\/strong>\u00a0 Granada<\/li>\n<li><strong>Fecha de lectura de la tesis:<\/strong>\u00a0 25\/11\/2011<\/li>\n<\/ul>\n<p>&nbsp;<\/p>\n<h3>Direcci\u00f3n y tribunal<\/h3>\n<ul>\n<li><strong>Director de la tesis<\/strong>\n<ul>\n<li>Juan  Antonio Estrada Diaz<\/li>\n<\/ul>\n<\/li>\n<li><strong>Tribunal<\/strong>\n<ul>\n<li>Presidente del tribunal: \u00e1lvaro Vallejo campos <\/li>\n<li>pedro Jos\u00e9 Chamizo dominguez (vocal)<\/li>\n<li>ramon Roman alcala (vocal)<\/li>\n<li>tomas Calvo Martinez (vocal)<\/li>\n<\/ul>\n<\/li>\n<\/ul>\n<p>&nbsp;<\/p>\n","protected":false},"excerpt":{"rendered":"<p>Tesis doctoral de Enrique Antonio Conesa Garc\u00eda Isbn:? 9788469511572 &nbsp; Datos acad\u00e9micos de la tesis doctoral \u00abLa continuidad dial\u00f3gico-filos\u00f3fica y [&hellip;]<\/p>\n","protected":false},"author":1,"featured_media":0,"comment_status":"open","ping_status":"open","sticky":false,"template":"","format":"standard","meta":{"site-sidebar-layout":"default","site-content-layout":"","ast-site-content-layout":"","site-content-style":"default","site-sidebar-style":"default","ast-global-header-display":"","ast-banner-title-visibility":"","ast-main-header-display":"","ast-hfb-above-header-display":"","ast-hfb-below-header-display":"","ast-hfb-mobile-header-display":"","site-post-title":"","ast-breadcrumbs-content":"","ast-featured-img":"","footer-sml-layout":"","theme-transparent-header-meta":"","adv-header-id-meta":"","stick-header-meta":"","header-above-stick-meta":"","header-main-stick-meta":"","header-below-stick-meta":"","astra-migrate-meta-layouts":"default","ast-page-background-enabled":"default","ast-page-background-meta":{"desktop":{"background-color":"var(--ast-global-color-4)","background-image":"","background-repeat":"repeat","background-position":"center center","background-size":"auto","background-attachment":"scroll","background-type":"","background-media":"","overlay-type":"","overlay-color":"","overlay-gradient":""},"tablet":{"background-color":"","background-image":"","background-repeat":"repeat","background-position":"center center","background-size":"auto","background-attachment":"scroll","background-type":"","background-media":"","overlay-type":"","overlay-color":"","overlay-gradient":""},"mobile":{"background-color":"","background-image":"","background-repeat":"repeat","background-position":"center center","background-size":"auto","background-attachment":"scroll","background-type":"","background-media":"","overlay-type":"","overlay-color":"","overlay-gradient":""}},"ast-content-background-meta":{"desktop":{"background-color":"var(--ast-global-color-5)","background-image":"","background-repeat":"repeat","background-position":"center center","background-size":"auto","background-attachment":"scroll","background-type":"","background-media":"","overlay-type":"","overlay-color":"","overlay-gradient":""},"tablet":{"background-color":"var(--ast-global-color-5)","background-image":"","background-repeat":"repeat","background-position":"center center","background-size":"auto","background-attachment":"scroll","background-type":"","background-media":"","overlay-type":"","overlay-color":"","overlay-gradient":""},"mobile":{"background-color":"var(--ast-global-color-5)","background-image":"","background-repeat":"repeat","background-position":"center center","background-size":"auto","background-attachment":"scroll","background-type":"","background-media":"","overlay-type":"","overlay-color":"","overlay-gradient":""}},"footnotes":""},"categories":[5276,8648,14699,2369],"tags":[59654,222785,74836,196164,83729,1855],"class_list":["post-111881","post","type-post","status-publish","format-standard","hentry","category-filosofia-de-la-historia","category-filosofia-de-la-intersubjetividad","category-historia-de-la-filosofia","category-traduccion-e-interpretacion","tag-alvaro-vallejo-campos","tag-enrique-antonio-conesa-garcia","tag-juan-antonio-estrada-diaz","tag-pedro-jose-chamizo-dominguez","tag-ramon-roman-alcala","tag-tomas-calvo-Martinez"],"_links":{"self":[{"href":"https:\/\/www.deberes.net\/tesis\/wp-json\/wp\/v2\/posts\/111881","targetHints":{"allow":["GET"]}}],"collection":[{"href":"https:\/\/www.deberes.net\/tesis\/wp-json\/wp\/v2\/posts"}],"about":[{"href":"https:\/\/www.deberes.net\/tesis\/wp-json\/wp\/v2\/types\/post"}],"author":[{"embeddable":true,"href":"https:\/\/www.deberes.net\/tesis\/wp-json\/wp\/v2\/users\/1"}],"replies":[{"embeddable":true,"href":"https:\/\/www.deberes.net\/tesis\/wp-json\/wp\/v2\/comments?post=111881"}],"version-history":[{"count":0,"href":"https:\/\/www.deberes.net\/tesis\/wp-json\/wp\/v2\/posts\/111881\/revisions"}],"wp:attachment":[{"href":"https:\/\/www.deberes.net\/tesis\/wp-json\/wp\/v2\/media?parent=111881"}],"wp:term":[{"taxonomy":"category","embeddable":true,"href":"https:\/\/www.deberes.net\/tesis\/wp-json\/wp\/v2\/categories?post=111881"},{"taxonomy":"post_tag","embeddable":true,"href":"https:\/\/www.deberes.net\/tesis\/wp-json\/wp\/v2\/tags?post=111881"}],"curies":[{"name":"wp","href":"https:\/\/api.w.org\/{rel}","templated":true}]}}