{"id":111932,"date":"2011-01-12T00:00:00","date_gmt":"2011-01-12T00:00:00","guid":{"rendered":"https:\/\/www.deberes.net\/tesis\/sin-categoria\/richard-neutra-and-spanish-transition-to-modernity\/"},"modified":"2011-01-12T00:00:00","modified_gmt":"2011-01-12T00:00:00","slug":"richard-neutra-and-spanish-transition-to-modernity","status":"publish","type":"post","link":"https:\/\/www.deberes.net\/tesis\/historia-de-la-arquitectura\/richard-neutra-and-spanish-transition-to-modernity\/","title":{"rendered":"Richard neutra and spanish transition to modernity"},"content":{"rendered":"<h2>Tesis doctoral de <strong> Brett David Tippey <\/strong><\/h2>\n<p>Al emerger de la sombra de nostalgia y tradicionalismo simplista, la espa\u00f1a de los a\u00f1os cincuenta aceptaba la arquitectura moderna cada vez m\u00e1s como un modelo \u00fanicamente id\u00f3neo para el proyecto de modernizaci\u00f3n de la posguerra.  Curiosamente, en esta empresa richard neutra se convirti\u00f3 en un gu\u00eda esencial, seguido muy de cerca.  Esta tesis descubre la excepcional relaci\u00f3n de influencia entre neutra y la arquitectura espa\u00f1ola y despliega c\u00f3mo neutra activamente facilitaba el triunfo definitivo de la arquitectura moderna en espa\u00f1a. a este fin, esta tesis investiga la evoluci\u00f3n de esta curiosa relaci\u00f3n de influencia desde la primera visi\u00f3n espa\u00f1ola de neutra como un experto de la modernizaci\u00f3n hacia una comprensi\u00f3n m\u00e1s significativa y duradera de su concepto particular del humanismo moderno.  Argumenta que el inter\u00e9s propio de neutra por las tradiciones arquitect\u00f3nicas hisp\u00e1nicas junto a su incomparable presencia en espa\u00f1a durante este per\u00edodo decisivo hizo su discurso m\u00e1s cercano y atractivo para los arquitectos espa\u00f1oles que los discursos de otros maestros modernos internacionales.  Estudiando los conductos de contacto entre neutra y espa\u00f1a, incluso la prensa espa\u00f1ola y las visitas personales, la tesis descubre la relaci\u00f3n personal vital entre neutra y varios arquitectos espa\u00f1oles importantes y rastrea el desarrollo de la teor\u00eda de neutra en las obras de ellos.  Finalmente, incluye un an\u00e1lisis plenamente cient\u00edfico de la propuesta mitificada pero nunca realizada que neutra entreg\u00f3 en 1956 para el concurso para dise\u00f1ar urbanizaciones para la fuerza a\u00e9rea de los estados unidos en espa\u00f1a. la tesis consulta casi trescientas hojas de documentos in\u00e9ditos guardados en el richard and dion neutra papers (ucla) que iluminan esta relaci\u00f3n particular; tambi\u00e9n examina el \u00fanico ejemplar existente reci\u00e9n descubierto del dosier que neutra entreg\u00f3 para el concurso de 1956.  Estas dos fuentes son reproducidas enteramente en los ap\u00e9ndices.    Tambi\u00e9n consulta textos publicados por neutra, art\u00edculos contempor\u00e1neos de la prensa espa\u00f1ola y obras producidas por varios arquitectos espa\u00f1oles a mediados del siglo.<\/p>\n<p>&nbsp;<\/p>\n<h3>Datos acad\u00e9micos de la tesis doctoral \u00ab<strong>Richard neutra and spanish transition to modernity<\/strong>\u00ab<\/h3>\n<ul>\n<li><strong>T\u00edtulo de la tesis:<\/strong>\u00a0 Richard neutra and spanish transition to modernity <\/li>\n<li><strong>Autor:<\/strong>\u00a0 Brett David Tippey <\/li>\n<li><strong>Universidad:<\/strong>\u00a0 Navarra<\/li>\n<li><strong>Fecha de lectura de la tesis:<\/strong>\u00a0 01\/12\/2011<\/li>\n<\/ul>\n<p>&nbsp;<\/p>\n<h3>Direcci\u00f3n y tribunal<\/h3>\n<ul>\n<li><strong>Director de la tesis<\/strong>\n<ul>\n<li>Miguel \u00e1ngel Alonso Del Val<\/li>\n<\/ul>\n<\/li>\n<li><strong>Tribunal<\/strong>\n<ul>\n<li>Presidente del tribunal: Juan  Miguel Ochotorena elizegui <\/li>\n<li>M\u00aa Jos\u00e9 Aranguren l\u00f3pez (vocal)<\/li>\n<li>Francisco Javier Quintana de u\u00f1a (vocal)<\/li>\n<li>f\u00e9lix Solaguren-beascoa de corral (vocal)<\/li>\n<\/ul>\n<\/li>\n<\/ul>\n<p>&nbsp;<\/p>\n","protected":false},"excerpt":{"rendered":"<p>Tesis doctoral de Brett David Tippey Al emerger de la sombra de nostalgia y tradicionalismo simplista, la espa\u00f1a de los [&hellip;]<\/p>\n","protected":false},"author":1,"featured_media":0,"comment_status":"open","ping_status":"open","sticky":false,"template":"","format":"standard","meta":{"site-sidebar-layout":"default","site-content-layout":"","ast-site-content-layout":"","site-content-style":"default","site-sidebar-style":"default","ast-global-header-display":"","ast-banner-title-visibility":"","ast-main-header-display":"","ast-hfb-above-header-display":"","ast-hfb-below-header-display":"","ast-hfb-mobile-header-display":"","site-post-title":"","ast-breadcrumbs-content":"","ast-featured-img":"","footer-sml-layout":"","theme-transparent-header-meta":"","adv-header-id-meta":"","stick-header-meta":"","header-above-stick-meta":"","header-main-stick-meta":"","header-below-stick-meta":"","astra-migrate-meta-layouts":"default","ast-page-background-enabled":"default","ast-page-background-meta":{"desktop":{"background-color":"var(--ast-global-color-4)","background-image":"","background-repeat":"repeat","background-position":"center center","background-size":"auto","background-attachment":"scroll","background-type":"","background-media":"","overlay-type":"","overlay-color":"","overlay-gradient":""},"tablet":{"background-color":"","background-image":"","background-repeat":"repeat","background-position":"center center","background-size":"auto","background-attachment":"scroll","background-type":"","background-media":"","overlay-type":"","overlay-color":"","overlay-gradient":""},"mobile":{"background-color":"","background-image":"","background-repeat":"repeat","background-position":"center center","background-size":"auto","background-attachment":"scroll","background-type":"","background-media":"","overlay-type":"","overlay-color":"","overlay-gradient":""}},"ast-content-background-meta":{"desktop":{"background-color":"var(--ast-global-color-5)","background-image":"","background-repeat":"repeat","background-position":"center center","background-size":"auto","background-attachment":"scroll","background-type":"","background-media":"","overlay-type":"","overlay-color":"","overlay-gradient":""},"tablet":{"background-color":"var(--ast-global-color-5)","background-image":"","background-repeat":"repeat","background-position":"center center","background-size":"auto","background-attachment":"scroll","background-type":"","background-media":"","overlay-type":"","overlay-color":"","overlay-gradient":""},"mobile":{"background-color":"var(--ast-global-color-5)","background-image":"","background-repeat":"repeat","background-position":"center center","background-size":"auto","background-attachment":"scroll","background-type":"","background-media":"","overlay-type":"","overlay-color":"","overlay-gradient":""}},"footnotes":""},"categories":[4509,1745,17749],"tags":[222868,130463,76108,16362,118545,222869],"class_list":["post-111932","post","type-post","status-publish","format-standard","hentry","category-arquitectura","category-historia-de-la-arquitectura","category-navarra","tag-brett-david-tippey","tag-felix-solaguren-beascoa-de-corral","tag-francisco-javier-quintana-de-una","tag-juan-miguel-ochotorena-elizegui","tag-miguel-angel-alonso-del-val","tag-ma-jose-aranguren-lopez"],"_links":{"self":[{"href":"https:\/\/www.deberes.net\/tesis\/wp-json\/wp\/v2\/posts\/111932","targetHints":{"allow":["GET"]}}],"collection":[{"href":"https:\/\/www.deberes.net\/tesis\/wp-json\/wp\/v2\/posts"}],"about":[{"href":"https:\/\/www.deberes.net\/tesis\/wp-json\/wp\/v2\/types\/post"}],"author":[{"embeddable":true,"href":"https:\/\/www.deberes.net\/tesis\/wp-json\/wp\/v2\/users\/1"}],"replies":[{"embeddable":true,"href":"https:\/\/www.deberes.net\/tesis\/wp-json\/wp\/v2\/comments?post=111932"}],"version-history":[{"count":0,"href":"https:\/\/www.deberes.net\/tesis\/wp-json\/wp\/v2\/posts\/111932\/revisions"}],"wp:attachment":[{"href":"https:\/\/www.deberes.net\/tesis\/wp-json\/wp\/v2\/media?parent=111932"}],"wp:term":[{"taxonomy":"category","embeddable":true,"href":"https:\/\/www.deberes.net\/tesis\/wp-json\/wp\/v2\/categories?post=111932"},{"taxonomy":"post_tag","embeddable":true,"href":"https:\/\/www.deberes.net\/tesis\/wp-json\/wp\/v2\/tags?post=111932"}],"curies":[{"name":"wp","href":"https:\/\/api.w.org\/{rel}","templated":true}]}}