{"id":11196,"date":"2001-08-06T00:00:00","date_gmt":"2001-08-06T00:00:00","guid":{"rendered":"https:\/\/www.deberes.net\/tesis\/sin-categoria\/ignacio-ellacuria-la-metafa%c2%adsica-zubiriana-en-el-horizonte-de-la-praxis-historica\/"},"modified":"2001-08-06T00:00:00","modified_gmt":"2001-08-06T00:00:00","slug":"ignacio-ellacuria-la-metafa%c2%adsica-zubiriana-en-el-horizonte-de-la-praxis-historica","status":"publish","type":"post","link":"https:\/\/www.deberes.net\/tesis\/filosofia\/ignacio-ellacuria-la-metafa%c2%adsica-zubiriana-en-el-horizonte-de-la-praxis-historica\/","title":{"rendered":"Ignacio ellacuria: la metaf\u00edsica zubiriana en el horizonte de la praxis hist\u00f3rica"},"content":{"rendered":"<h2>Tesis doctoral de <strong>  Castellon Martin Jos\u00e9 Joaquin <\/strong><\/h2>\n<p>El intento de este trabajo es defender la tesis de que en los escritos teol\u00f3gicos y fil\u00f3soficos de ellacuria hay un esquema metaf\u00edsico fuertemente envaizado en el materialismo abierto de zubiri, pero en continuidad libre y creativa. Este esquema metaf\u00edsico aparece como sustrato, no del todo explicitado, de su pensamiento era radicalmente presento.  esta propuesta avala el intento de equiparar las categor\u00edas filos\u00e9ficas ellacurias con las &#8212;- b\u00e1sicos. El trascendental \u00abese\u00bb lo definir\u00eda ellacur\u00eda como praxis hist\u00f3rica, el elemento dimensional que unifica y da orientaci\u00f3n al dinamismo hist\u00f3rico sera el.&#8212;. El trascendental bondad se concreta en ellacuria desde una antropolog\u00eda \u00e9tica y pol\u00edtica como utop\u00eda. La verdad trascendental, , sera una verdad hist\u00f3rica, historizada y significativa que actualice la realidad din\u00e1mica en su dinamismo autentico, humanizador, no s\u00f3lo en la &#8211;, sino, a trav\u00e9s de ella, en la hist\u00f3ria.<\/p>\n<p>&nbsp;<\/p>\n<h3>Datos acad\u00e9micos de la tesis doctoral \u00ab<strong>Ignacio ellacuria: la metaf\u00edsica zubiriana en el horizonte de la praxis hist\u00f3rica<\/strong>\u00ab<\/h3>\n<ul>\n<li><strong>T\u00edtulo de la tesis:<\/strong>\u00a0 Ignacio ellacuria: la metaf\u00edsica zubiriana en el horizonte de la praxis hist\u00f3rica <\/li>\n<li><strong>Autor:<\/strong>\u00a0  Castellon Martin Jos\u00e9 Joaquin <\/li>\n<li><strong>Universidad:<\/strong>\u00a0 Sevilla<\/li>\n<li><strong>Fecha de lectura de la tesis:<\/strong>\u00a0 08\/06\/2001<\/li>\n<\/ul>\n<p>&nbsp;<\/p>\n<h3>Direcci\u00f3n y tribunal<\/h3>\n<ul>\n<li><strong>Director de la tesis<\/strong>\n<ul>\n<li> Hern\u00e1ndez Pacheco Sanz Javier<\/li>\n<\/ul>\n<\/li>\n<li><strong>Tribunal<\/strong>\n<ul>\n<li>Presidente del tribunal: jacinto Luis Choza armenta <\/li>\n<li>Fernando Camacho acosta (vocal)<\/li>\n<li> Estrada diez Juan  Antonio (vocal)<\/li>\n<li> Garrido luceno Jos\u00e9 M\u00aa (vocal)<\/li>\n<\/ul>\n<\/li>\n<\/ul>\n<p>&nbsp;<\/p>\n","protected":false},"excerpt":{"rendered":"<p>Tesis doctoral de Castellon Martin Jos\u00e9 Joaquin El intento de este trabajo es defender la tesis de que en los [&hellip;]<\/p>\n","protected":false},"author":1,"featured_media":0,"comment_status":"open","ping_status":"open","sticky":false,"template":"","format":"standard","meta":{"site-sidebar-layout":"default","site-content-layout":"","ast-site-content-layout":"","site-content-style":"default","site-sidebar-style":"default","ast-global-header-display":"","ast-banner-title-visibility":"","ast-main-header-display":"","ast-hfb-above-header-display":"","ast-hfb-below-header-display":"","ast-hfb-mobile-header-display":"","site-post-title":"","ast-breadcrumbs-content":"","ast-featured-img":"","footer-sml-layout":"","theme-transparent-header-meta":"","adv-header-id-meta":"","stick-header-meta":"","header-above-stick-meta":"","header-main-stick-meta":"","header-below-stick-meta":"","astra-migrate-meta-layouts":"default","ast-page-background-enabled":"default","ast-page-background-meta":{"desktop":{"background-color":"var(--ast-global-color-4)","background-image":"","background-repeat":"repeat","background-position":"center center","background-size":"auto","background-attachment":"scroll","background-type":"","background-media":"","overlay-type":"","overlay-color":"","overlay-gradient":""},"tablet":{"background-color":"","background-image":"","background-repeat":"repeat","background-position":"center center","background-size":"auto","background-attachment":"scroll","background-type":"","background-media":"","overlay-type":"","overlay-color":"","overlay-gradient":""},"mobile":{"background-color":"","background-image":"","background-repeat":"repeat","background-position":"center center","background-size":"auto","background-attachment":"scroll","background-type":"","background-media":"","overlay-type":"","overlay-color":"","overlay-gradient":""}},"ast-content-background-meta":{"desktop":{"background-color":"var(--ast-global-color-5)","background-image":"","background-repeat":"repeat","background-position":"center center","background-size":"auto","background-attachment":"scroll","background-type":"","background-media":"","overlay-type":"","overlay-color":"","overlay-gradient":""},"tablet":{"background-color":"var(--ast-global-color-5)","background-image":"","background-repeat":"repeat","background-position":"center center","background-size":"auto","background-attachment":"scroll","background-type":"","background-media":"","overlay-type":"","overlay-color":"","overlay-gradient":""},"mobile":{"background-color":"var(--ast-global-color-5)","background-image":"","background-repeat":"repeat","background-position":"center center","background-size":"auto","background-attachment":"scroll","background-type":"","background-media":"","overlay-type":"","overlay-color":"","overlay-gradient":""}},"footnotes":""},"categories":[5537,8646,8647,8649,165,956,5342,6008,1078,6428,10715],"tags":[36813,36815,36814,36816,26680,10848],"class_list":["post-11196","post","type-post","status-publish","format-standard","hentry","category-epistemologia","category-etica","category-etica-de-individuos","category-etica-filosofica","category-filosofia","category-filosofia-del-conocimiento","category-filosofia-general","category-filosofia-politica","category-filosofia-social","category-metafisica-y-ontologia","category-sevilla","tag-castellon-martin-jose-joaquin","tag-estrada-diez-juan-antonio","tag-fernando-camacho-acosta","tag-garrido-luceno-jose-ma","tag-hernandez-pacheco-sanz-javier","tag-jacinto-luis-choza-armenta"],"_links":{"self":[{"href":"https:\/\/www.deberes.net\/tesis\/wp-json\/wp\/v2\/posts\/11196","targetHints":{"allow":["GET"]}}],"collection":[{"href":"https:\/\/www.deberes.net\/tesis\/wp-json\/wp\/v2\/posts"}],"about":[{"href":"https:\/\/www.deberes.net\/tesis\/wp-json\/wp\/v2\/types\/post"}],"author":[{"embeddable":true,"href":"https:\/\/www.deberes.net\/tesis\/wp-json\/wp\/v2\/users\/1"}],"replies":[{"embeddable":true,"href":"https:\/\/www.deberes.net\/tesis\/wp-json\/wp\/v2\/comments?post=11196"}],"version-history":[{"count":0,"href":"https:\/\/www.deberes.net\/tesis\/wp-json\/wp\/v2\/posts\/11196\/revisions"}],"wp:attachment":[{"href":"https:\/\/www.deberes.net\/tesis\/wp-json\/wp\/v2\/media?parent=11196"}],"wp:term":[{"taxonomy":"category","embeddable":true,"href":"https:\/\/www.deberes.net\/tesis\/wp-json\/wp\/v2\/categories?post=11196"},{"taxonomy":"post_tag","embeddable":true,"href":"https:\/\/www.deberes.net\/tesis\/wp-json\/wp\/v2\/tags?post=11196"}],"curies":[{"name":"wp","href":"https:\/\/api.w.org\/{rel}","templated":true}]}}