{"id":111978,"date":"2011-05-12T00:00:00","date_gmt":"2011-05-12T00:00:00","guid":{"rendered":"https:\/\/www.deberes.net\/tesis\/sin-categoria\/eliminacion-de-glutenasolucion-o-problema-determinantes-de-la-calidade-de-vida\/"},"modified":"2011-05-12T00:00:00","modified_gmt":"2011-05-12T00:00:00","slug":"eliminacion-de-glutenasolucion-o-problema-determinantes-de-la-calidade-de-vida","status":"publish","type":"post","link":"https:\/\/www.deberes.net\/tesis\/extremadura\/eliminacion-de-glutenasolucion-o-problema-determinantes-de-la-calidade-de-vida\/","title":{"rendered":"Eliminaci\u00f3n de gl\u00faten:\u00c2\u00bfsoluci\u00f3n o problema?  determinantes de la calidade de vida"},"content":{"rendered":"<h2>Tesis doctoral de <strong> Catarina Alexandra Lob\u00c1\u00a3o Rodrigues Faria <\/strong><\/h2>\n<p>A doen\u00ed\u00a7a cel\u00edaca \u00e9 tida como a intoler\u00ed\u00a2ncia alimentar mais frequente no mundo,  constituindo  um  emergente  problema  de  sa\u00fade  p\u00fablica  com  forte  impacto  na  sa\u00fade, nas pr\u00e1ticas alimentares e na qualidade de vida da pessoa. Todavia, pouco  conhecemos  sobre  a  percep\u00ed\u00a7\u00ed\u00a3o  de  qualidade  de  vida  da  pessoa  cel\u00edaca  adulta  e  quais os factores que a influenciam.  para  tal,  privilegiando  uma  abordagem  do  tipo  quantitativo,  desenvolvemos  um  estudo  descritivo,  correlacional  e  transversal  com  uma  amostra  de  231  pessoas  cel\u00edacas  adultas  que  acederam  preencher  o  instrumento  de  recolha  de  dados  constitu\u00eddo    por    um    question\u00e1rio    s\u00f3cio-demogr\u00e1fico,    o    celiac    disease  questionnaire  (cdq),  a  escala  de  locus-de-controlo  de  sa\u00fade  e  o  medical  outcomes study social  support survey  (mos-sss). Eram nossos objectivos: i)  calcular as propriedades m\u00e9tricas da vers\u00ed\u00a3o portuguesa do cdq; ii) caracterizar a  percep\u00ed\u00a7\u00ed\u00a3o  de  qualidade  de  vida  conjugando  o  impacto  das  vari\u00e1veis  s\u00f3cio- demogr\u00e1ficas  e  cl\u00ednicas;  iii)  caracterizar  a  percep\u00ed\u00a7\u00ed\u00a3o  de  locus  de  controlo  e  de  apoio  social  da  pessoa  cel\u00edaca  adulta;  iv)  verificar  a  exist\u00ed\u00aancia  de  rela\u00ed\u00a7\u00ed\u00b5es  significativas  entre  a  percep\u00ed\u00a7\u00ed\u00a3o  da  qualidade  de  vida,  o  locus  de  controlo  e  o  apoio social; e v) apresentar propostas, fundamentadas nas evid\u00ed\u00aancias cient\u00edficas e  nos   resultados   da   avalia\u00ed\u00a7\u00ed\u00a3o   da   percep\u00ed\u00a7\u00ed\u00a3o   da   qualidade   de   vida   e   seus  determinantes, que potenciem comportamentos em sa\u00fade da pessoa cel\u00edaca adulta.  a  amostra  em  estudo  evidenciou  uma  razo\u00e1vel  percep\u00ed\u00a7\u00ed\u00a3o  de  qualidade  de  vida,  bom   apoio   social   e   baixo   locus   de   controlo.   Quanto   \u00ed\u00a0s   vari\u00e1veis   s\u00f3cio- demogr\u00e1ficas, cl\u00ednicas e psicossociais, o sexo, a idade, o estado civil, a religi\u00ed\u00a3o, o  rendimento mensal, a idade de diagn\u00f3stico e as raz\u00ed\u00b5es para a sua procura, o tipo  de confirma\u00ed\u00a7\u00ed\u00a3o diagn\u00f3stica, o tipo de acompanhamento cl\u00ednico, o cumprimento da  dieta isenta de gl\u00faten, a perten\u00ed\u00a7a a associa\u00ed\u00a7\u00ed\u00b5es de cel\u00edacos, a percep\u00ed\u00a7\u00ed\u00a3o de apoio  social  e  a  de  locus  de  controlo  de  sa\u00fade  revelaram  correla\u00ed\u00a7\u00ed\u00b5es  estatisticamente  significativas  com  a  percep\u00ed\u00a7\u00ed\u00a3o  de  qualidade  de  vida  global  e  nas  suas  quatro  dimens\u00ed\u00b5es.  conclui-se assim que, as mulheres, os mais velhos, os de diagn\u00f3stico tardio e que  apresentam nesse momento mau estado geral, os que n\u00ed\u00a3o cumprem dieta isenta de  gl\u00faten, os n\u00ed\u00a3o s\u00f3cios da apc, os que acreditam que o controlo da sua sa\u00fade est\u00e1  dependente  dos  outros  e  os  que  t\u00ed\u00aam  menor  apoio  social,  por  apresentarem  percep\u00ed\u00a7\u00ed\u00a3o de pior qualidade de vida, podemos consider\u00e1-los como grupos de risco  no que concerne \u00ed\u00a0 adop\u00ed\u00a7\u00ed\u00a3o de comportamentos de sa\u00fade adequados \u00ed\u00a0 sua situa\u00ed\u00a7\u00ed\u00a3o  cl\u00ednica.<\/p>\n<p>&nbsp;<\/p>\n<h3>Datos acad\u00e9micos de la tesis doctoral \u00ab<strong>Eliminaci\u00f3n de gl\u00faten:\u00c2\u00bfsoluci\u00f3n o problema?  determinantes de la calidade de vida<\/strong>\u00ab<\/h3>\n<ul>\n<li><strong>T\u00edtulo de la tesis:<\/strong>\u00a0 Eliminaci\u00f3n de gl\u00faten:\u00c2\u00bfsoluci\u00f3n o problema?  determinantes de la calidade de vida <\/li>\n<li><strong>Autor:<\/strong>\u00a0 Catarina Alexandra Lob\u00c1\u00a3o Rodrigues Faria <\/li>\n<li><strong>Universidad:<\/strong>\u00a0 Extremadura<\/li>\n<li><strong>Fecha de lectura de la tesis:<\/strong>\u00a0 05\/12\/2011<\/li>\n<\/ul>\n<p>&nbsp;<\/p>\n<h3>Direcci\u00f3n y tribunal<\/h3>\n<ul>\n<li><strong>Director de la tesis<\/strong>\n<ul>\n<li>Florencio Vicente Castro<\/li>\n<\/ul>\n<\/li>\n<li><strong>Tribunal<\/strong>\n<ul>\n<li>Presidente del tribunal: ramona Rubio herrera <\/li>\n<li>nazario Yuste rossell (vocal)<\/li>\n<li>orazio Licciardello (vocal)<\/li>\n<li>Francisco Miras mart\u00ednez (vocal)<\/li>\n<\/ul>\n<\/li>\n<\/ul>\n<p>&nbsp;<\/p>\n","protected":false},"excerpt":{"rendered":"<p>Tesis doctoral de Catarina Alexandra Lob\u00c1\u00a3o Rodrigues Faria A doen\u00ed\u00a7a cel\u00edaca \u00e9 tida como a intoler\u00ed\u00a2ncia alimentar mais frequente no [&hellip;]<\/p>\n","protected":false},"author":1,"featured_media":0,"comment_status":"open","ping_status":"open","sticky":false,"template":"","format":"standard","meta":{"site-sidebar-layout":"default","site-content-layout":"","ast-site-content-layout":"","site-content-style":"default","site-sidebar-style":"default","ast-global-header-display":"","ast-banner-title-visibility":"","ast-main-header-display":"","ast-hfb-above-header-display":"","ast-hfb-below-header-display":"","ast-hfb-mobile-header-display":"","site-post-title":"","ast-breadcrumbs-content":"","ast-featured-img":"","footer-sml-layout":"","theme-transparent-header-meta":"","adv-header-id-meta":"","stick-header-meta":"","header-above-stick-meta":"","header-main-stick-meta":"","header-below-stick-meta":"","astra-migrate-meta-layouts":"default","ast-page-background-enabled":"default","ast-page-background-meta":{"desktop":{"background-color":"var(--ast-global-color-4)","background-image":"","background-repeat":"repeat","background-position":"center center","background-size":"auto","background-attachment":"scroll","background-type":"","background-media":"","overlay-type":"","overlay-color":"","overlay-gradient":""},"tablet":{"background-color":"","background-image":"","background-repeat":"repeat","background-position":"center center","background-size":"auto","background-attachment":"scroll","background-type":"","background-media":"","overlay-type":"","overlay-color":"","overlay-gradient":""},"mobile":{"background-color":"","background-image":"","background-repeat":"repeat","background-position":"center center","background-size":"auto","background-attachment":"scroll","background-type":"","background-media":"","overlay-type":"","overlay-color":"","overlay-gradient":""}},"ast-content-background-meta":{"desktop":{"background-color":"var(--ast-global-color-5)","background-image":"","background-repeat":"repeat","background-position":"center center","background-size":"auto","background-attachment":"scroll","background-type":"","background-media":"","overlay-type":"","overlay-color":"","overlay-gradient":""},"tablet":{"background-color":"var(--ast-global-color-5)","background-image":"","background-repeat":"repeat","background-position":"center center","background-size":"auto","background-attachment":"scroll","background-type":"","background-media":"","overlay-type":"","overlay-color":"","overlay-gradient":""},"mobile":{"background-color":"var(--ast-global-color-5)","background-image":"","background-repeat":"repeat","background-position":"center center","background-size":"auto","background-attachment":"scroll","background-type":"","background-media":"","overlay-type":"","overlay-color":"","overlay-gradient":""}},"footnotes":""},"categories":[19815,949],"tags":[222952,7144,21713,46233,222953,21712],"class_list":["post-111978","post","type-post","status-publish","format-standard","hentry","category-calidad-de-vida","category-extremadura","tag-catarina-alexandra-lobao-rodrigues-faria","tag-florencio-vicente-castro","tag-francisco-miras-Martinez","tag-nazario-yuste-rossell","tag-orazio-licciardello","tag-ramona-rubio-herrera"],"_links":{"self":[{"href":"https:\/\/www.deberes.net\/tesis\/wp-json\/wp\/v2\/posts\/111978","targetHints":{"allow":["GET"]}}],"collection":[{"href":"https:\/\/www.deberes.net\/tesis\/wp-json\/wp\/v2\/posts"}],"about":[{"href":"https:\/\/www.deberes.net\/tesis\/wp-json\/wp\/v2\/types\/post"}],"author":[{"embeddable":true,"href":"https:\/\/www.deberes.net\/tesis\/wp-json\/wp\/v2\/users\/1"}],"replies":[{"embeddable":true,"href":"https:\/\/www.deberes.net\/tesis\/wp-json\/wp\/v2\/comments?post=111978"}],"version-history":[{"count":0,"href":"https:\/\/www.deberes.net\/tesis\/wp-json\/wp\/v2\/posts\/111978\/revisions"}],"wp:attachment":[{"href":"https:\/\/www.deberes.net\/tesis\/wp-json\/wp\/v2\/media?parent=111978"}],"wp:term":[{"taxonomy":"category","embeddable":true,"href":"https:\/\/www.deberes.net\/tesis\/wp-json\/wp\/v2\/categories?post=111978"},{"taxonomy":"post_tag","embeddable":true,"href":"https:\/\/www.deberes.net\/tesis\/wp-json\/wp\/v2\/tags?post=111978"}],"curies":[{"name":"wp","href":"https:\/\/api.w.org\/{rel}","templated":true}]}}