{"id":111979,"date":"2011-05-12T00:00:00","date_gmt":"2011-05-12T00:00:00","guid":{"rendered":"https:\/\/www.deberes.net\/tesis\/sin-categoria\/calidad-de-vida-y-satisfaccion-sexuel-de-parejas-infetiles-en-tratamientoprolongadoa-qualidade-de-vida-e-satisfaa%c2%a7ao-sexual-do-casal-infertil-em-tratamento-prolongado\/"},"modified":"2011-05-12T00:00:00","modified_gmt":"2011-05-12T00:00:00","slug":"calidad-de-vida-y-satisfaccion-sexuel-de-parejas-infetiles-en-tratamientoprolongadoa-qualidade-de-vida-e-satisfaa%c2%a7ao-sexual-do-casal-infertil-em-tratamento-prolongado","status":"publish","type":"post","link":"https:\/\/www.deberes.net\/tesis\/extremadura\/calidad-de-vida-y-satisfaccion-sexuel-de-parejas-infetiles-en-tratamientoprolongadoa-qualidade-de-vida-e-satisfaa%c2%a7ao-sexual-do-casal-infertil-em-tratamento-prolongado\/","title":{"rendered":"\u00abcalidad de vida y satisfacci\u00f3n sexuel de parejas infetiles en tratamientoprolongado\u00c2\u00bf; qualidade de vida e satisfa\u00c1\u00a7\u00c1\u00a3o sexual do casal inf\u00e9rtil em tratamento prolongado"},"content":{"rendered":"<h2>Tesis doctoral de <strong> Marie C\u00e9cile Pereira Domingues <\/strong><\/h2>\n<p>Segundo dados da organizacao mundial de sa\u00fade, a infertilidade representa uma condicao que afecta 15% da populaca em todo o mundo. Quando o desejo de parentalidade se encontra compometido, os casai inferteis experienciam um conjunto de consequencias emocianais e psicol\u00f3gica que repercutem no pleno funcionamento dos mesmo. Neste sentido, objectivase propo uma an\u00e1lise do impacto da infertilidades na qualidadede vida e santifacao sexual do casa inf\u00e9rtil em tratamiento prolongado.<\/p>\n<p>&nbsp;<\/p>\n<h3>Datos acad\u00e9micos de la tesis doctoral \u00ab<strong>\u00abcalidad de vida y satisfacci\u00f3n sexuel de parejas infetiles en tratamientoprolongado\u00c2\u00bf; qualidade de vida e satisfa\u00c1\u00a7\u00c1\u00a3o sexual do casal inf\u00e9rtil em tratamento prolongado<\/strong>\u00ab<\/h3>\n<ul>\n<li><strong>T\u00edtulo de la tesis:<\/strong>\u00a0 \u00abcalidad de vida y satisfacci\u00f3n sexuel de parejas infetiles en tratamientoprolongado\u00c2\u00bf; qualidade de vida e satisfa\u00c1\u00a7\u00c1\u00a3o sexual do casal inf\u00e9rtil em tratamento prolongado <\/li>\n<li><strong>Autor:<\/strong>\u00a0 Marie C\u00e9cile Pereira Domingues <\/li>\n<li><strong>Universidad:<\/strong>\u00a0 Extremadura<\/li>\n<li><strong>Fecha de lectura de la tesis:<\/strong>\u00a0 05\/12\/2011<\/li>\n<\/ul>\n<p>&nbsp;<\/p>\n<h3>Direcci\u00f3n y tribunal<\/h3>\n<ul>\n<li><strong>Director de la tesis<\/strong>\n<ul>\n<li>Florencio Vicente Castro<\/li>\n<\/ul>\n<\/li>\n<li><strong>Tribunal<\/strong>\n<ul>\n<li>Presidente del tribunal: v\u00edctor Santiuste bermejo <\/li>\n<li>luz Mar\u00eda Fernandez mateos (vocal)<\/li>\n<li>eliseo alfonso Barca lozano (vocal)<\/li>\n<li>joao Rosado de miranda justo (vocal)<\/li>\n<\/ul>\n<\/li>\n<\/ul>\n<p>&nbsp;<\/p>\n","protected":false},"excerpt":{"rendered":"<p>Tesis doctoral de Marie C\u00e9cile Pereira Domingues Segundo dados da organizacao mundial de sa\u00fade, a infertilidade representa uma condicao que [&hellip;]<\/p>\n","protected":false},"author":1,"featured_media":0,"comment_status":"open","ping_status":"open","sticky":false,"template":"","format":"standard","meta":{"site-sidebar-layout":"default","site-content-layout":"","ast-site-content-layout":"","site-content-style":"default","site-sidebar-style":"default","ast-global-header-display":"","ast-banner-title-visibility":"","ast-main-header-display":"","ast-hfb-above-header-display":"","ast-hfb-below-header-display":"","ast-hfb-mobile-header-display":"","site-post-title":"","ast-breadcrumbs-content":"","ast-featured-img":"","footer-sml-layout":"","theme-transparent-header-meta":"","adv-header-id-meta":"","stick-header-meta":"","header-above-stick-meta":"","header-main-stick-meta":"","header-below-stick-meta":"","astra-migrate-meta-layouts":"default","ast-page-background-enabled":"default","ast-page-background-meta":{"desktop":{"background-color":"var(--ast-global-color-4)","background-image":"","background-repeat":"repeat","background-position":"center center","background-size":"auto","background-attachment":"scroll","background-type":"","background-media":"","overlay-type":"","overlay-color":"","overlay-gradient":""},"tablet":{"background-color":"","background-image":"","background-repeat":"repeat","background-position":"center center","background-size":"auto","background-attachment":"scroll","background-type":"","background-media":"","overlay-type":"","overlay-color":"","overlay-gradient":""},"mobile":{"background-color":"","background-image":"","background-repeat":"repeat","background-position":"center center","background-size":"auto","background-attachment":"scroll","background-type":"","background-media":"","overlay-type":"","overlay-color":"","overlay-gradient":""}},"ast-content-background-meta":{"desktop":{"background-color":"var(--ast-global-color-5)","background-image":"","background-repeat":"repeat","background-position":"center center","background-size":"auto","background-attachment":"scroll","background-type":"","background-media":"","overlay-type":"","overlay-color":"","overlay-gradient":""},"tablet":{"background-color":"var(--ast-global-color-5)","background-image":"","background-repeat":"repeat","background-position":"center center","background-size":"auto","background-attachment":"scroll","background-type":"","background-media":"","overlay-type":"","overlay-color":"","overlay-gradient":""},"mobile":{"background-color":"var(--ast-global-color-5)","background-image":"","background-repeat":"repeat","background-position":"center center","background-size":"auto","background-attachment":"scroll","background-type":"","background-media":"","overlay-type":"","overlay-color":"","overlay-gradient":""}},"footnotes":""},"categories":[19815,949],"tags":[21321,7144,142501,77431,222954,18438],"class_list":["post-111979","post","type-post","status-publish","format-standard","hentry","category-calidad-de-vida","category-extremadura","tag-eliseo-alfonso-barca-lozano","tag-florencio-vicente-castro","tag-joao-rosado-de-miranda-justo","tag-luz-maria-fernandez-mateos","tag-marie-cecile-pereira-domingues","tag-victor-santiuste-bermejo"],"_links":{"self":[{"href":"https:\/\/www.deberes.net\/tesis\/wp-json\/wp\/v2\/posts\/111979","targetHints":{"allow":["GET"]}}],"collection":[{"href":"https:\/\/www.deberes.net\/tesis\/wp-json\/wp\/v2\/posts"}],"about":[{"href":"https:\/\/www.deberes.net\/tesis\/wp-json\/wp\/v2\/types\/post"}],"author":[{"embeddable":true,"href":"https:\/\/www.deberes.net\/tesis\/wp-json\/wp\/v2\/users\/1"}],"replies":[{"embeddable":true,"href":"https:\/\/www.deberes.net\/tesis\/wp-json\/wp\/v2\/comments?post=111979"}],"version-history":[{"count":0,"href":"https:\/\/www.deberes.net\/tesis\/wp-json\/wp\/v2\/posts\/111979\/revisions"}],"wp:attachment":[{"href":"https:\/\/www.deberes.net\/tesis\/wp-json\/wp\/v2\/media?parent=111979"}],"wp:term":[{"taxonomy":"category","embeddable":true,"href":"https:\/\/www.deberes.net\/tesis\/wp-json\/wp\/v2\/categories?post=111979"},{"taxonomy":"post_tag","embeddable":true,"href":"https:\/\/www.deberes.net\/tesis\/wp-json\/wp\/v2\/tags?post=111979"}],"curies":[{"name":"wp","href":"https:\/\/api.w.org\/{rel}","templated":true}]}}