{"id":112017,"date":"2018-03-11T10:38:49","date_gmt":"2018-03-11T10:38:49","guid":{"rendered":"https:\/\/www.deberes.net\/tesis\/sin-categoria\/la-teurgia-de-los-aoraculos-caldeosa-cuestiones-de-lexico-y-de-contexto-historico\/"},"modified":"2018-03-11T10:38:49","modified_gmt":"2018-03-11T10:38:49","slug":"la-teurgia-de-los-aoraculos-caldeosa-cuestiones-de-lexico-y-de-contexto-historico","status":"publish","type":"post","link":"https:\/\/www.deberes.net\/tesis\/historia-de-las-religiones\/la-teurgia-de-los-aoraculos-caldeosa-cuestiones-de-lexico-y-de-contexto-historico\/","title":{"rendered":"La te\u00fargia de los \u00c2\u00abor\u00e1culos caldeos\u00c2\u00bb: cuestiones de l\u00e9xico y de contexto hist\u00f3rico"},"content":{"rendered":"<h2>Tesis doctoral de <strong> \u00e1lvaro Fern\u00e1ndez Fern\u00e1ndez <\/strong><\/h2>\n<p>Isbn:? 9788469511541<\/p>\n<p>&nbsp;<\/p>\n<h3>Datos acad\u00e9micos de la tesis doctoral \u00ab<strong>La te\u00fargia de los \u00c2\u00abor\u00e1culos caldeos\u00c2\u00bb: cuestiones de l\u00e9xico y de contexto hist\u00f3rico<\/strong>\u00ab<\/h3>\n<ul>\n<li><strong>T\u00edtulo de la tesis:<\/strong>\u00a0 La te\u00fargia de los \u00c2\u00abor\u00e1culos caldeos\u00c2\u00bb: cuestiones de l\u00e9xico y de contexto hist\u00f3rico <\/li>\n<li><strong>Autor:<\/strong>\u00a0 \u00e1lvaro Fern\u00e1ndez Fern\u00e1ndez <\/li>\n<li><strong>Universidad:<\/strong>\u00a0 Granada<\/li>\n<li><strong>Fecha de lectura de la tesis:<\/strong>\u00a0 13\/12\/2011<\/li>\n<\/ul>\n<p>&nbsp;<\/p>\n<h3>Direcci\u00f3n y tribunal<\/h3>\n<ul>\n<li><strong>Director de la tesis<\/strong>\n<ul>\n<li>Jos\u00e9 Luis Calvo Mart\u00ednez<\/li>\n<\/ul>\n<\/li>\n<li><strong>Tribunal<\/strong>\n<ul>\n<li>Presidente del tribunal: aurelio P\u00e9rez jim\u00e9nez <\/li>\n<li>leonor Perez gomez (vocal)<\/li>\n<li>Carlos Alcalde mart\u00edn (vocal)<\/li>\n<li>enrique angel Ramos  jurado (vocal)<\/li>\n<\/ul>\n<\/li>\n<\/ul>\n<p>&nbsp;<\/p>\n","protected":false},"excerpt":{"rendered":"<p>Tesis doctoral de \u00e1lvaro Fern\u00e1ndez Fern\u00e1ndez Isbn:? 9788469511541 &nbsp; Datos acad\u00e9micos de la tesis doctoral \u00abLa te\u00fargia de los \u00c2\u00abor\u00e1culos [&hellip;]<\/p>\n","protected":false},"author":1,"featured_media":0,"comment_status":"open","ping_status":"open","sticky":false,"template":"","format":"standard","meta":{"site-sidebar-layout":"default","site-content-layout":"","ast-site-content-layout":"","site-content-style":"default","site-sidebar-style":"default","ast-global-header-display":"","ast-banner-title-visibility":"","ast-main-header-display":"","ast-hfb-above-header-display":"","ast-hfb-below-header-display":"","ast-hfb-mobile-header-display":"","site-post-title":"","ast-breadcrumbs-content":"","ast-featured-img":"","footer-sml-layout":"","theme-transparent-header-meta":"","adv-header-id-meta":"","stick-header-meta":"","header-above-stick-meta":"","header-main-stick-meta":"","header-below-stick-meta":"","astra-migrate-meta-layouts":"default","ast-page-background-enabled":"default","ast-page-background-meta":{"desktop":{"background-color":"var(--ast-global-color-4)","background-image":"","background-repeat":"repeat","background-position":"center center","background-size":"auto","background-attachment":"scroll","background-type":"","background-media":"","overlay-type":"","overlay-color":"","overlay-gradient":""},"tablet":{"background-color":"","background-image":"","background-repeat":"repeat","background-position":"center center","background-size":"auto","background-attachment":"scroll","background-type":"","background-media":"","overlay-type":"","overlay-color":"","overlay-gradient":""},"mobile":{"background-color":"","background-image":"","background-repeat":"repeat","background-position":"center center","background-size":"auto","background-attachment":"scroll","background-type":"","background-media":"","overlay-type":"","overlay-color":"","overlay-gradient":""}},"ast-content-background-meta":{"desktop":{"background-color":"var(--ast-global-color-5)","background-image":"","background-repeat":"repeat","background-position":"center center","background-size":"auto","background-attachment":"scroll","background-type":"","background-media":"","overlay-type":"","overlay-color":"","overlay-gradient":""},"tablet":{"background-color":"var(--ast-global-color-5)","background-image":"","background-repeat":"repeat","background-position":"center center","background-size":"auto","background-attachment":"scroll","background-type":"","background-media":"","overlay-type":"","overlay-color":"","overlay-gradient":""},"mobile":{"background-color":"var(--ast-global-color-5)","background-image":"","background-repeat":"repeat","background-position":"center center","background-size":"auto","background-attachment":"scroll","background-type":"","background-media":"","overlay-type":"","overlay-color":"","overlay-gradient":""}},"footnotes":""},"categories":[7220,62793,42662,18402],"tags":[223019,5023,24676,1857,5751,48820],"class_list":["post-112017","post","type-post","status-publish","format-standard","hentry","category-historia-de-las-religiones","category-lexicografia-griega","category-magia","category-sistemas-teologico-filosoficos","tag-alvaro-fernandez-fernandez","tag-aurelio-perez-jimenez","tag-carlos-alcalde-martin","tag-enrique-angel-ramos-jurado","tag-jose-luis-calvo-Martinez","tag-leonor-perez-gomez"],"_links":{"self":[{"href":"https:\/\/www.deberes.net\/tesis\/wp-json\/wp\/v2\/posts\/112017","targetHints":{"allow":["GET"]}}],"collection":[{"href":"https:\/\/www.deberes.net\/tesis\/wp-json\/wp\/v2\/posts"}],"about":[{"href":"https:\/\/www.deberes.net\/tesis\/wp-json\/wp\/v2\/types\/post"}],"author":[{"embeddable":true,"href":"https:\/\/www.deberes.net\/tesis\/wp-json\/wp\/v2\/users\/1"}],"replies":[{"embeddable":true,"href":"https:\/\/www.deberes.net\/tesis\/wp-json\/wp\/v2\/comments?post=112017"}],"version-history":[{"count":0,"href":"https:\/\/www.deberes.net\/tesis\/wp-json\/wp\/v2\/posts\/112017\/revisions"}],"wp:attachment":[{"href":"https:\/\/www.deberes.net\/tesis\/wp-json\/wp\/v2\/media?parent=112017"}],"wp:term":[{"taxonomy":"category","embeddable":true,"href":"https:\/\/www.deberes.net\/tesis\/wp-json\/wp\/v2\/categories?post=112017"},{"taxonomy":"post_tag","embeddable":true,"href":"https:\/\/www.deberes.net\/tesis\/wp-json\/wp\/v2\/tags?post=112017"}],"curies":[{"name":"wp","href":"https:\/\/api.w.org\/{rel}","templated":true}]}}