{"id":112074,"date":"2018-03-11T10:38:54","date_gmt":"2018-03-11T10:38:54","guid":{"rendered":"https:\/\/www.deberes.net\/tesis\/sin-categoria\/papel-de-los-escritores-del-surdimientu-na-recuperacion-del-asturianu-la-vision-del-escritor\/"},"modified":"2018-03-11T10:38:54","modified_gmt":"2018-03-11T10:38:54","slug":"papel-de-los-escritores-del-surdimientu-na-recuperacion-del-asturianu-la-vision-del-escritor","status":"publish","type":"post","link":"https:\/\/www.deberes.net\/tesis\/linguistica-aplicada\/papel-de-los-escritores-del-surdimientu-na-recuperacion-del-asturianu-la-vision-del-escritor\/","title":{"rendered":"Papel de los escritores del surdimientu na recuperaci\u00f3n del asturianu: la visi\u00f3n del escritor"},"content":{"rendered":"<h2>Tesis doctoral de <strong> Juan Santori V\u00e1zquez <\/strong><\/h2>\n<p>Es generalmente aceptado y existe cierto grado de conocimiento sobre que en el \u00faltimo cuarto siglo pasado y hasta la primera d\u00e9cada del xxi la literatura asturiana se ha desarrollado en todos los aspectos y en grado comparable con otras literaturas: volumen de publicaciones, tipolog\u00eda textual y diversidad tem\u00e1tica. Este hecho supone una revoluci\u00f3n si se observa la tradici\u00f3n de la que part\u00eda el cultivo en lengua asturiana que se reduc\u00eda en el final de siglo a algunos ejemplos aislados de obras de valor dentro de una repetici\u00f3n generalizada de esquemas formales fosilizados y tem\u00e1tica ruralizante. una de las causas para esta evoluci\u00f3n es la transici\u00f3n pol\u00edtica en espa\u00f1a que provoca una reacci\u00f3n de cambio global y modernidad que en asturias se da, entre otros lugares, alrededor de la vindicaci\u00f3n ling\u00ed\u00bc\u00edstica. En ella cuaja el movimiento social y de recuperaci\u00f3n idiom\u00e1tica conocido por surdimientu y que dar\u00e1 la vuelta al camino hacia la desaparici\u00f3n por el que se encaminaba la lengua y la literatura, hacia una edad de oro literaria.  en ese cambio de sentido se intuyen conexiones concretas y relaciones de causalidad entre los procesos de desarrollo del estatus y del corpus de la lengua asturiana, y el desarrollo social de la literatura. Es m\u00e1s, el periodo que se estudia, casi cuatro d\u00e9cadas, es suficiente para analizar el grado de encaje que el modelo est\u00e1ndar del asturiano tiene en los usuarios y la aceptaci\u00f3n social del mismo. Los primeros seguidores, los escritores, son la parte de la sociedad a la que en principio se dirigen los procesos de normalizaci\u00f3n del corpus y los que se afanan por el avance en el estatus de la lengua. Bien de veces son y\/o se declaran protagonistas de esos procesos. a la vista de ello todo se pretende en este estudio corroborar y describir con metodolog\u00eda cuantitativa estas premisas que se ven\u00edan tradicionalmente estableciendo de forma cualitativa. En concreto en tres sentidos: (a) describir el medio literario en el que se desarrolla la lengua y el oficio de escritor; las influencias, las generaciones en marcha, el oficio de escritor, la producci\u00f3n literaria, la distribuci\u00f3n y el sistema de compensaciones que tiene la literatura asturiana; (b) hacer una descripci\u00f3n y medici\u00f3n  de los procesos de estandarizaci\u00f3n en el \u00e1mbito los escritores y (c) establecer el nivel de encaje social logrado por el asturiano, todos estos de acuerdo con el parecer de los escritores. para estos objetivos se plantearon una serie de hip\u00f3tesis con intenci\u00f3n de probar por m\u00e9todos socioling\u00ed\u00bc\u00edsticos solventes: (i) la literatura asturiana se ha desarrollado con potencia, en cuanto a obras, autores y ha establecido criterios propios y aut\u00f3nomos en lo referente a influencias, agrupamientos generacionales, motivaciones y criterios sobre los elementos que influyen en el hecho literario. (Ii) en la opini\u00f3n de los escritores, \u00e9sta ha alcanzado un grado que permite compararla con otras literaturas vecinas. (Iii) los escritores se consideran protagonistas del proceso de normalizaci\u00f3n social en marcha. (Iv) el modelo de est\u00e1ndar propuesto es maduro y efectivo entre los escritores y (v) los escritores se consideran axiales en los procesos de desarrollo del corpus y el estatus de la lengua. con el objetivo de establecer el cumplimiento de lo propuesto, se utiliz\u00f3 una metodolog\u00eda novedosa en el \u00e1mbito de la literatura y la socioling\u00ed\u00bc\u00edstica que utiliza datos emp\u00edricos de car\u00e1cter primario para medir, describir y fijar posibles relaciones entre los elementos que estructuran el \u00e1mbito de la literatura. Para ello, se elabor\u00f3 una encuesta con 450 \u00edtems y se entrevist\u00f3 a los autores del 82% de la literatura asturiana. Una vez analizados los datos, se presentaron los resultados junto con las conclusiones alcanzadas apoyados en documentaci\u00f3n gr\u00e1fica adecuada.  esta tesis est\u00e1 redactada en lengua asturiana<\/p>\n<p>&nbsp;<\/p>\n<h3>Datos acad\u00e9micos de la tesis doctoral \u00ab<strong>Papel de los escritores del surdimientu na recuperaci\u00f3n del asturianu: la visi\u00f3n del escritor<\/strong>\u00ab<\/h3>\n<ul>\n<li><strong>T\u00edtulo de la tesis:<\/strong>\u00a0 Papel de los escritores del surdimientu na recuperaci\u00f3n del asturianu: la visi\u00f3n del escritor <\/li>\n<li><strong>Autor:<\/strong>\u00a0 Juan Santori V\u00e1zquez <\/li>\n<li><strong>Universidad:<\/strong>\u00a0 Oviedo<\/li>\n<li><strong>Fecha de lectura de la tesis:<\/strong>\u00a0 16\/12\/2011<\/li>\n<\/ul>\n<p>&nbsp;<\/p>\n<h3>Direcci\u00f3n y tribunal<\/h3>\n<ul>\n<li><strong>Director de la tesis<\/strong>\n<ul>\n<li>Ramon De Andr\u00e9s Diaz<\/li>\n<\/ul>\n<\/li>\n<li><strong>Tribunal<\/strong>\n<ul>\n<li>Presidente del tribunal: Francisco jose Llera ramo <\/li>\n<li>Francisco xos\u00e9 Dubert Garc\u00eda (vocal)<\/li>\n<li>\u00e1lvaro Ruiz de la pe\u00f1a solar (vocal)<\/li>\n<li>jon batti Kortazar uriarte (vocal)<\/li>\n<\/ul>\n<\/li>\n<\/ul>\n<p>&nbsp;<\/p>\n","protected":false},"excerpt":{"rendered":"<p>Tesis doctoral de Juan Santori V\u00e1zquez Es generalmente aceptado y existe cierto grado de conocimiento sobre que en el \u00faltimo [&hellip;]<\/p>\n","protected":false},"author":1,"featured_media":0,"comment_status":"open","ping_status":"open","sticky":false,"template":"","format":"standard","meta":{"site-sidebar-layout":"default","site-content-layout":"","ast-site-content-layout":"","site-content-style":"default","site-sidebar-style":"default","ast-global-header-display":"","ast-banner-title-visibility":"","ast-main-header-display":"","ast-hfb-above-header-display":"","ast-hfb-below-header-display":"","ast-hfb-mobile-header-display":"","site-post-title":"","ast-breadcrumbs-content":"","ast-featured-img":"","footer-sml-layout":"","theme-transparent-header-meta":"","adv-header-id-meta":"","stick-header-meta":"","header-above-stick-meta":"","header-main-stick-meta":"","header-below-stick-meta":"","astra-migrate-meta-layouts":"default","ast-page-background-enabled":"default","ast-page-background-meta":{"desktop":{"background-color":"var(--ast-global-color-4)","background-image":"","background-repeat":"repeat","background-position":"center center","background-size":"auto","background-attachment":"scroll","background-type":"","background-media":"","overlay-type":"","overlay-color":"","overlay-gradient":""},"tablet":{"background-color":"","background-image":"","background-repeat":"repeat","background-position":"center center","background-size":"auto","background-attachment":"scroll","background-type":"","background-media":"","overlay-type":"","overlay-color":"","overlay-gradient":""},"mobile":{"background-color":"","background-image":"","background-repeat":"repeat","background-position":"center center","background-size":"auto","background-attachment":"scroll","background-type":"","background-media":"","overlay-type":"","overlay-color":"","overlay-gradient":""}},"ast-content-background-meta":{"desktop":{"background-color":"var(--ast-global-color-5)","background-image":"","background-repeat":"repeat","background-position":"center center","background-size":"auto","background-attachment":"scroll","background-type":"","background-media":"","overlay-type":"","overlay-color":"","overlay-gradient":""},"tablet":{"background-color":"var(--ast-global-color-5)","background-image":"","background-repeat":"repeat","background-position":"center center","background-size":"auto","background-attachment":"scroll","background-type":"","background-media":"","overlay-type":"","overlay-color":"","overlay-gradient":""},"mobile":{"background-color":"var(--ast-global-color-5)","background-image":"","background-repeat":"repeat","background-position":"center center","background-size":"auto","background-attachment":"scroll","background-type":"","background-media":"","overlay-type":"","overlay-color":"","overlay-gradient":""}},"footnotes":""},"categories":[636,60,8846,3676],"tags":[25364,6328,223123,28350,223122,155196],"class_list":["post-112074","post","type-post","status-publish","format-standard","hentry","category-lengua-y-literatura","category-linguistica-aplicada","category-oviedo","category-sociolinguistica","tag-alvaro-ruiz-de-la-pena-solar","tag-francisco-jose-llera-ramo","tag-francisco-xose-dubert-garcia","tag-jon-batti-kortazar-uriarte","tag-juan-santori-vazquez","tag-ramon-de-andres-diaz"],"_links":{"self":[{"href":"https:\/\/www.deberes.net\/tesis\/wp-json\/wp\/v2\/posts\/112074","targetHints":{"allow":["GET"]}}],"collection":[{"href":"https:\/\/www.deberes.net\/tesis\/wp-json\/wp\/v2\/posts"}],"about":[{"href":"https:\/\/www.deberes.net\/tesis\/wp-json\/wp\/v2\/types\/post"}],"author":[{"embeddable":true,"href":"https:\/\/www.deberes.net\/tesis\/wp-json\/wp\/v2\/users\/1"}],"replies":[{"embeddable":true,"href":"https:\/\/www.deberes.net\/tesis\/wp-json\/wp\/v2\/comments?post=112074"}],"version-history":[{"count":0,"href":"https:\/\/www.deberes.net\/tesis\/wp-json\/wp\/v2\/posts\/112074\/revisions"}],"wp:attachment":[{"href":"https:\/\/www.deberes.net\/tesis\/wp-json\/wp\/v2\/media?parent=112074"}],"wp:term":[{"taxonomy":"category","embeddable":true,"href":"https:\/\/www.deberes.net\/tesis\/wp-json\/wp\/v2\/categories?post=112074"},{"taxonomy":"post_tag","embeddable":true,"href":"https:\/\/www.deberes.net\/tesis\/wp-json\/wp\/v2\/tags?post=112074"}],"curies":[{"name":"wp","href":"https:\/\/api.w.org\/{rel}","templated":true}]}}