{"id":112130,"date":"2018-03-11T10:39:00","date_gmt":"2018-03-11T10:39:00","guid":{"rendered":"https:\/\/www.deberes.net\/tesis\/sin-categoria\/arte-e-iconografa%c2%ada-de-san-jose-en-espana\/"},"modified":"2018-03-11T10:39:00","modified_gmt":"2018-03-11T10:39:00","slug":"arte-e-iconografa%c2%ada-de-san-jose-en-espana","status":"publish","type":"post","link":"https:\/\/www.deberes.net\/tesis\/iconografia\/arte-e-iconografa%c2%ada-de-san-jose-en-espana\/","title":{"rendered":"Arte e iconograf\u00edade san jos\u00e9 en espa\u00f1a"},"content":{"rendered":"<h2>Tesis doctoral de <strong> Sandra De Arriba Cantero <\/strong><\/h2>\n<p>La visi\u00f3n tradicional que el gran p\u00fablico suele tener de la figura de san jos\u00e9 responde a una iconograf\u00eda generalmente repetitiva y anodina que las reproducciones seriadas de olot contribuyeron a forjar. Nuestro trabajo pretende poner de manifiesto lo err\u00f3neo de esta idea, ya que si existe una imagen especialmente controvertida para el arte \u00e9sta es seguramente la de san jos\u00e9. El tratamiento formal de dicha figura, en ocasiones teol\u00f3gicamente inc\u00f3moda, va mostrando una sucesi\u00f3n de variaciones a lo largo del tiempo motivadas por muy diversos factores, dependiendo del contexto hist\u00f3rico, social y por supuesto religioso del momento. A trav\u00e9s de \u00e9l comprobaremos las evidentes afinidades entre arte y pensamiento, objeto primordial de este estudio iconogr\u00e1fico.  de esta forma, en un primer cap\u00edtulo, hablaremos del desarrollo evolutivo de la devoci\u00f3n a san jos\u00e9 insistiendo en la complejidad de este proceso hist\u00f3rico y analizando las consecuencias iconogr\u00e1ficas que de \u00e9l se derivan. Todas estas premisas contribuir\u00e1n a fraguar la imagen de san jos\u00e9 tal y como hoy la reconocemos, siendo a partir de ellas como iremos describiendo el tipo iconogr\u00e1fico del santo especificando, a su vez, aquellos atributos que lo configuran. Tras este punto pasamos a enumerar y analizar los diferentes temas iconogr\u00e1ficos en los que la figura de san jos\u00e9 resulta implicada, distinguiendo fundamentalmente entre aquellos extra\u00eddos de los evangelios can\u00f3nicos y aquellos inspirados en textos ap\u00f3crifos u otras fuentes de origen diverso.  a continuaci\u00f3n, e insistiendo en la importancia que la devoci\u00f3n popular tiene sobre el origen de una iconograf\u00eda, estudiamos tambi\u00e9n los patrocinios que se adscriben a san jos\u00e9, incluido aquellos con una evidente carga social, como la que vincula a san jos\u00e9 con los gremios de carpinteros y, finalmente, con todo el colectivo de trabajadores. Por \u00faltimo, es obligado hacer referencia al hecho de que san jos\u00e9 sea invocado de forma general por todos aquellos que escogen la vida consagrada, m\u00e1s concretamente en su vertiente contemplativa y en especial franciscanos y carmelitas, una vinculaci\u00f3n que tambi\u00e9n tendr\u00e1n su reflejo en la iconograf\u00eda.<\/p>\n<p>&nbsp;<\/p>\n<h3>Datos acad\u00e9micos de la tesis doctoral \u00ab<strong>Arte e iconograf\u00edade san jos\u00e9 en espa\u00f1a<\/strong>\u00ab<\/h3>\n<ul>\n<li><strong>T\u00edtulo de la tesis:<\/strong>\u00a0 Arte e iconograf\u00edade san jos\u00e9 en espa\u00f1a <\/li>\n<li><strong>Autor:<\/strong>\u00a0 Sandra De Arriba Cantero <\/li>\n<li><strong>Universidad:<\/strong>\u00a0 Valladolid<\/li>\n<li><strong>Fecha de lectura de la tesis:<\/strong>\u00a0 20\/12\/2011<\/li>\n<\/ul>\n<p>&nbsp;<\/p>\n<h3>Direcci\u00f3n y tribunal<\/h3>\n<ul>\n<li><strong>Director de la tesis<\/strong>\n<ul>\n<li>Salvador Andr\u00e9s Ordax<\/li>\n<\/ul>\n<\/li>\n<li><strong>Tribunal<\/strong>\n<ul>\n<li>Presidente del tribunal: teofanes Egido lopez <\/li>\n<li>Mar\u00eda de lurdes Dos anjos craveiro (vocal)<\/li>\n<li>Miguel Cort\u00e9s arrese (vocal)<\/li>\n<li>yvonne Burggr\u00ed\u00a4fin zu dohna-schlobitten (vocal)<\/li>\n<\/ul>\n<\/li>\n<\/ul>\n<p>&nbsp;<\/p>\n","protected":false},"excerpt":{"rendered":"<p>Tesis doctoral de Sandra De Arriba Cantero La visi\u00f3n tradicional que el gran p\u00fablico suele tener de la figura de [&hellip;]<\/p>\n","protected":false},"author":1,"featured_media":0,"comment_status":"open","ping_status":"open","sticky":false,"template":"","format":"standard","meta":{"site-sidebar-layout":"default","site-content-layout":"","ast-site-content-layout":"","site-content-style":"default","site-sidebar-style":"default","ast-global-header-display":"","ast-banner-title-visibility":"","ast-main-header-display":"","ast-hfb-above-header-display":"","ast-hfb-below-header-display":"","ast-hfb-mobile-header-display":"","site-post-title":"","ast-breadcrumbs-content":"","ast-featured-img":"","footer-sml-layout":"","theme-transparent-header-meta":"","adv-header-id-meta":"","stick-header-meta":"","header-above-stick-meta":"","header-main-stick-meta":"","header-below-stick-meta":"","astra-migrate-meta-layouts":"default","ast-page-background-enabled":"default","ast-page-background-meta":{"desktop":{"background-color":"var(--ast-global-color-4)","background-image":"","background-repeat":"repeat","background-position":"center center","background-size":"auto","background-attachment":"scroll","background-type":"","background-media":"","overlay-type":"","overlay-color":"","overlay-gradient":""},"tablet":{"background-color":"","background-image":"","background-repeat":"repeat","background-position":"center center","background-size":"auto","background-attachment":"scroll","background-type":"","background-media":"","overlay-type":"","overlay-color":"","overlay-gradient":""},"mobile":{"background-color":"","background-image":"","background-repeat":"repeat","background-position":"center center","background-size":"auto","background-attachment":"scroll","background-type":"","background-media":"","overlay-type":"","overlay-color":"","overlay-gradient":""}},"ast-content-background-meta":{"desktop":{"background-color":"var(--ast-global-color-5)","background-image":"","background-repeat":"repeat","background-position":"center center","background-size":"auto","background-attachment":"scroll","background-type":"","background-media":"","overlay-type":"","overlay-color":"","overlay-gradient":""},"tablet":{"background-color":"var(--ast-global-color-5)","background-image":"","background-repeat":"repeat","background-position":"center center","background-size":"auto","background-attachment":"scroll","background-type":"","background-media":"","overlay-type":"","overlay-color":"","overlay-gradient":""},"mobile":{"background-color":"var(--ast-global-color-5)","background-image":"","background-repeat":"repeat","background-position":"center center","background-size":"auto","background-attachment":"scroll","background-type":"","background-media":"","overlay-type":"","overlay-color":"","overlay-gradient":""}},"footnotes":""},"categories":[2073,12451],"tags":[223209,32474,19582,223208,3360,223210],"class_list":["post-112130","post","type-post","status-publish","format-standard","hentry","category-iconografia","category-valladolid","tag-maria-de-lurdes-dos-anjos-craveiro","tag-miguel-cortes-arrese","tag-salvador-andres-ordax","tag-sandra-de-arriba-cantero","tag-teofanes-egido-lopez","tag-yvonne-burggrifin-zu-dohna-schlobitten"],"_links":{"self":[{"href":"https:\/\/www.deberes.net\/tesis\/wp-json\/wp\/v2\/posts\/112130","targetHints":{"allow":["GET"]}}],"collection":[{"href":"https:\/\/www.deberes.net\/tesis\/wp-json\/wp\/v2\/posts"}],"about":[{"href":"https:\/\/www.deberes.net\/tesis\/wp-json\/wp\/v2\/types\/post"}],"author":[{"embeddable":true,"href":"https:\/\/www.deberes.net\/tesis\/wp-json\/wp\/v2\/users\/1"}],"replies":[{"embeddable":true,"href":"https:\/\/www.deberes.net\/tesis\/wp-json\/wp\/v2\/comments?post=112130"}],"version-history":[{"count":0,"href":"https:\/\/www.deberes.net\/tesis\/wp-json\/wp\/v2\/posts\/112130\/revisions"}],"wp:attachment":[{"href":"https:\/\/www.deberes.net\/tesis\/wp-json\/wp\/v2\/media?parent=112130"}],"wp:term":[{"taxonomy":"category","embeddable":true,"href":"https:\/\/www.deberes.net\/tesis\/wp-json\/wp\/v2\/categories?post=112130"},{"taxonomy":"post_tag","embeddable":true,"href":"https:\/\/www.deberes.net\/tesis\/wp-json\/wp\/v2\/tags?post=112130"}],"curies":[{"name":"wp","href":"https:\/\/api.w.org\/{rel}","templated":true}]}}