{"id":112204,"date":"2018-03-11T10:39:04","date_gmt":"2018-03-11T10:39:04","guid":{"rendered":"https:\/\/www.deberes.net\/tesis\/sin-categoria\/personalidad-y-patologa%c2%ada-vocal-variables-psicologicas-implicadas-en-el-tratamiento-logopedico-de-la-disfona%c2%ada-funcional\/"},"modified":"2018-03-11T10:39:04","modified_gmt":"2018-03-11T10:39:04","slug":"personalidad-y-patologa%c2%ada-vocal-variables-psicologicas-implicadas-en-el-tratamiento-logopedico-de-la-disfona%c2%ada-funcional","status":"publish","type":"post","link":"https:\/\/www.deberes.net\/tesis\/psicologia-clinica\/personalidad-y-patologa%c2%ada-vocal-variables-psicologicas-implicadas-en-el-tratamiento-logopedico-de-la-disfona%c2%ada-funcional\/","title":{"rendered":"Personalidad y patolog\u00eda vocal: variables psicol\u00f3gicas implicadas en el tratamiento logop\u00e9dico de la disfon\u00edafuncional"},"content":{"rendered":"<h2>Tesis doctoral de <strong> Mar\u00eda  Del Carmen Sprekelsen Rodriguez <\/strong><\/h2>\n<p>Resumen: \testa investigaci\u00f3n estudia variables psicol\u00f3gicas y cl\u00ednicas  en 79  pacientes con disfon\u00eda funcional  e identifica v\u00ednculos estables entre las dimensiones psicol\u00f3gicas y de la  cl\u00ednica foni\u00e1trica con la aparici\u00f3n, mantenimiento y recuperaci\u00f3n de la patolog\u00eda vocal,  y su  implicaci\u00f3n en la eficacia de un tratamiento logop\u00e9dico. \tlos resultados avalan las hip\u00f3tesis planteadas,  encontrando indicios de  relaci\u00f3n entre la disfon\u00eda y la ansiedad y el estr\u00e9s, y un perfil diferencial de personalidad en los sujetos de la muestra respecto de la poblaci\u00f3n normal,   y un perfil diferencial de personalidad en las  personas con disfon\u00eda funcional que mejoran tras recibir rehabilitaci\u00f3n logop\u00e9dica, interpretado  seg\u00fan la teor\u00eda de la personalidad de millon.<\/p>\n<p>&nbsp;<\/p>\n<h3>Datos acad\u00e9micos de la tesis doctoral \u00ab<strong>Personalidad y patolog\u00eda vocal: variables psicol\u00f3gicas implicadas en el tratamiento logop\u00e9dico de la disfon\u00edafuncional<\/strong>\u00ab<\/h3>\n<ul>\n<li><strong>T\u00edtulo de la tesis:<\/strong>\u00a0 Personalidad y patolog\u00eda vocal: variables psicol\u00f3gicas implicadas en el tratamiento logop\u00e9dico de la disfon\u00edafuncional <\/li>\n<li><strong>Autor:<\/strong>\u00a0 Mar\u00eda  Del Carmen Sprekelsen Rodriguez <\/li>\n<li><strong>Universidad:<\/strong>\u00a0 Murcia<\/li>\n<li><strong>Fecha de lectura de la tesis:<\/strong>\u00a0 13\/01\/2012<\/li>\n<\/ul>\n<p>&nbsp;<\/p>\n<h3>Direcci\u00f3n y tribunal<\/h3>\n<ul>\n<li><strong>Director de la tesis<\/strong>\n<ul>\n<li>Rosa Mar\u00eda Limi\u00f1ana Gras<\/li>\n<\/ul>\n<\/li>\n<li><strong>Tribunal<\/strong>\n<ul>\n<li>Presidente del tribunal: Jos\u00e9 Antonio Carranza carnicero <\/li>\n<li>Mar\u00eda  pilar Sanchez lopez (vocal)<\/li>\n<li>enrique Zapater latorre (vocal)<\/li>\n<li>Jorge Basterra alegria (vocal)<\/li>\n<\/ul>\n<\/li>\n<\/ul>\n<p>&nbsp;<\/p>\n","protected":false},"excerpt":{"rendered":"<p>Tesis doctoral de Mar\u00eda Del Carmen Sprekelsen Rodriguez Resumen: esta investigaci\u00f3n estudia variables psicol\u00f3gicas y cl\u00ednicas en 79 pacientes con [&hellip;]<\/p>\n","protected":false},"author":1,"featured_media":0,"comment_status":"open","ping_status":"open","sticky":false,"template":"","format":"standard","meta":{"site-sidebar-layout":"default","site-content-layout":"","ast-site-content-layout":"","site-content-style":"default","site-sidebar-style":"default","ast-global-header-display":"","ast-banner-title-visibility":"","ast-main-header-display":"","ast-hfb-above-header-display":"","ast-hfb-below-header-display":"","ast-hfb-mobile-header-display":"","site-post-title":"","ast-breadcrumbs-content":"","ast-featured-img":"","footer-sml-layout":"","theme-transparent-header-meta":"","adv-header-id-meta":"","stick-header-meta":"","header-above-stick-meta":"","header-main-stick-meta":"","header-below-stick-meta":"","astra-migrate-meta-layouts":"default","ast-page-background-enabled":"default","ast-page-background-meta":{"desktop":{"background-color":"var(--ast-global-color-4)","background-image":"","background-repeat":"repeat","background-position":"center center","background-size":"auto","background-attachment":"scroll","background-type":"","background-media":"","overlay-type":"","overlay-color":"","overlay-gradient":""},"tablet":{"background-color":"","background-image":"","background-repeat":"repeat","background-position":"center center","background-size":"auto","background-attachment":"scroll","background-type":"","background-media":"","overlay-type":"","overlay-color":"","overlay-gradient":""},"mobile":{"background-color":"","background-image":"","background-repeat":"repeat","background-position":"center center","background-size":"auto","background-attachment":"scroll","background-type":"","background-media":"","overlay-type":"","overlay-color":"","overlay-gradient":""}},"ast-content-background-meta":{"desktop":{"background-color":"var(--ast-global-color-5)","background-image":"","background-repeat":"repeat","background-position":"center center","background-size":"auto","background-attachment":"scroll","background-type":"","background-media":"","overlay-type":"","overlay-color":"","overlay-gradient":""},"tablet":{"background-color":"var(--ast-global-color-5)","background-image":"","background-repeat":"repeat","background-position":"center center","background-size":"auto","background-attachment":"scroll","background-type":"","background-media":"","overlay-type":"","overlay-color":"","overlay-gradient":""},"mobile":{"background-color":"var(--ast-global-color-5)","background-image":"","background-repeat":"repeat","background-position":"center center","background-size":"auto","background-attachment":"scroll","background-type":"","background-media":"","overlay-type":"","overlay-color":"","overlay-gradient":""}},"footnotes":""},"categories":[8235,1226,487,5780],"tags":[95298,27159,8757,223322,187803,124712],"class_list":["post-112204","post","type-post","status-publish","format-standard","hentry","category-murcia","category-otorrinolaringologia","category-psicologia-clinica","category-rehabilitacion-medica","tag-enrique-zapater-latorre","tag-jorge-basterra-alegria","tag-jose-antonio-carranza-carnicero","tag-maria-del-carmen-sprekelsen-rodriguez","tag-maria-pilar-sanchez-lopez","tag-rosa-maria-liminana-gras"],"_links":{"self":[{"href":"https:\/\/www.deberes.net\/tesis\/wp-json\/wp\/v2\/posts\/112204","targetHints":{"allow":["GET"]}}],"collection":[{"href":"https:\/\/www.deberes.net\/tesis\/wp-json\/wp\/v2\/posts"}],"about":[{"href":"https:\/\/www.deberes.net\/tesis\/wp-json\/wp\/v2\/types\/post"}],"author":[{"embeddable":true,"href":"https:\/\/www.deberes.net\/tesis\/wp-json\/wp\/v2\/users\/1"}],"replies":[{"embeddable":true,"href":"https:\/\/www.deberes.net\/tesis\/wp-json\/wp\/v2\/comments?post=112204"}],"version-history":[{"count":0,"href":"https:\/\/www.deberes.net\/tesis\/wp-json\/wp\/v2\/posts\/112204\/revisions"}],"wp:attachment":[{"href":"https:\/\/www.deberes.net\/tesis\/wp-json\/wp\/v2\/media?parent=112204"}],"wp:term":[{"taxonomy":"category","embeddable":true,"href":"https:\/\/www.deberes.net\/tesis\/wp-json\/wp\/v2\/categories?post=112204"},{"taxonomy":"post_tag","embeddable":true,"href":"https:\/\/www.deberes.net\/tesis\/wp-json\/wp\/v2\/tags?post=112204"}],"curies":[{"name":"wp","href":"https:\/\/api.w.org\/{rel}","templated":true}]}}