{"id":112214,"date":"2018-03-11T10:39:04","date_gmt":"2018-03-11T10:39:04","guid":{"rendered":"https:\/\/www.deberes.net\/tesis\/sin-categoria\/aspectos-diferenciales-de-la-velocidad-de-anticipacion\/"},"modified":"2018-03-11T10:39:04","modified_gmt":"2018-03-11T10:39:04","slug":"aspectos-diferenciales-de-la-velocidad-de-anticipacion","status":"publish","type":"post","link":"https:\/\/www.deberes.net\/tesis\/psicologia\/aspectos-diferenciales-de-la-velocidad-de-anticipacion\/","title":{"rendered":"Aspectos diferenciales de la velocidad de anticipaci\u00f3n."},"content":{"rendered":"<h2>Tesis doctoral de <strong> Clara Gonzalez Uriel <\/strong><\/h2>\n<p>El constructo velocidad de anticipaci\u00f3n implica la capacidad humana de captaci\u00f3n de la situaci\u00f3n espacio-temporal como respuesta adquirida evolutivamente por la especie para una mejor adaptaci\u00f3n a su medio. Tras realizar una caracterizaci\u00f3n te\u00f3rica d el constructo con sus aspectos diferenciales b\u00e1sicos, se lleva a cabo una investigaci\u00f3n emp\u00edrica que confirme o rechace algunas de las l\u00edneas con las que definimos este constructo, as\u00ed como la permanencia de los sujetos en los extremos de la distribu ci\u00f3n de las puntuaciones.   \tpara ello, se ha contado con una muestra total de 229 participantes, de los que 93 pertenecen a la poblaci\u00f3n de personas mayores, con sesenta o m\u00e1s a\u00f1os, y los otros 136 pertenecen a la poblaci\u00f3n de j\u00f3venes estudiantes de  entre quince y veintisiete a\u00f1os. Mediante una investigaci\u00f3n correlacional transversal, se someten a estudio los aspectos diferenciales m\u00e1s relevantes de la velocidad de anticipaci\u00f3n y la persistencia de las puntuaciones, a pesar de las posibles defi ciencias en las medidas.  \tse ha comprobado: la normalidad de la distribuci\u00f3n de los logaritmos neperianos de las puntuaciones en velocidad de anticipaci\u00f3n, que la fiabilidad del instrumento de medida utilizado (test kcc) es alta en comparaci\u00f3n con e studios anteriores, que la tendencia al adelanto\/retraso influye en las puntuaciones que obtienen los participantes en velocidad de anticipaci\u00f3n, que la edad influye y que el g\u00e9nero no. Igualmente, se ha verificado que la permanencia de los participa ntes ubicados en los centiles extremos en velocidad de anticipaci\u00f3n es m\u00e1s persistente que la de los participantes situados en los centiles intermedios, tanto al reducir a la mitad la longitud del test de medida, como al medir la velocidad de anticip aci\u00f3n sin ponderar las distintas velocidades que componen las pruebas. Esto se cumple con especial relevancia en los sujetos que muestran menor competencia en velocidad de anticipaci\u00f3n, puesto que permanecen de manera consistente dentro del 5  de suj etos con peor desempe\u00f1o cuando alteramos las formas de medir. Finalmente, cabe destacar que este aspecto diferencial de la velocidad de anticipaci\u00f3n revela que dicho constructo puede ser un \u00fatil criterio diagn\u00f3stico en la selecci\u00f3n de conductores, ya  que permitir\u00eda descartar a los menos aptos en velocidad de anticipaci\u00f3n.<\/p>\n<p>&nbsp;<\/p>\n<h3>Datos acad\u00e9micos de la tesis doctoral \u00ab<strong>Aspectos diferenciales de la velocidad de anticipaci\u00f3n.<\/strong>\u00ab<\/h3>\n<ul>\n<li><strong>T\u00edtulo de la tesis:<\/strong>\u00a0 Aspectos diferenciales de la velocidad de anticipaci\u00f3n. <\/li>\n<li><strong>Autor:<\/strong>\u00a0 Clara Gonzalez Uriel <\/li>\n<li><strong>Universidad:<\/strong>\u00a0 Complutense de Madrid<\/li>\n<li><strong>Fecha de lectura de la tesis:<\/strong>\u00a0 16\/01\/2012<\/li>\n<\/ul>\n<p>&nbsp;<\/p>\n<h3>Direcci\u00f3n y tribunal<\/h3>\n<ul>\n<li><strong>Director de la tesis<\/strong>\n<ul>\n<li>Justo F. Ramos Alia<\/li>\n<\/ul>\n<\/li>\n<li><strong>Tribunal<\/strong>\n<ul>\n<li>Presidente del tribunal: Jos\u00e9 Antonio Bueno \u00e1lvarez <\/li>\n<li>Mar\u00eda dolores Mu\u00f1oz vallejo (vocal)<\/li>\n<li>Francisco Mart\u00edn del buey (vocal)<\/li>\n<li>Mar\u00eda del mar Garc\u00eda se\u00f1or\u00e1n (vocal)<\/li>\n<\/ul>\n<\/li>\n<\/ul>\n<p>&nbsp;<\/p>\n","protected":false},"excerpt":{"rendered":"<p>Tesis doctoral de Clara Gonzalez Uriel El constructo velocidad de anticipaci\u00f3n implica la capacidad humana de captaci\u00f3n de la situaci\u00f3n [&hellip;]<\/p>\n","protected":false},"author":1,"featured_media":0,"comment_status":"open","ping_status":"open","sticky":false,"template":"","format":"standard","meta":{"site-sidebar-layout":"default","site-content-layout":"","ast-site-content-layout":"","site-content-style":"default","site-sidebar-style":"default","ast-global-header-display":"","ast-banner-title-visibility":"","ast-main-header-display":"","ast-hfb-above-header-display":"","ast-hfb-below-header-display":"","ast-hfb-mobile-header-display":"","site-post-title":"","ast-breadcrumbs-content":"","ast-featured-img":"","footer-sml-layout":"","theme-transparent-header-meta":"","adv-header-id-meta":"","stick-header-meta":"","header-above-stick-meta":"","header-main-stick-meta":"","header-below-stick-meta":"","astra-migrate-meta-layouts":"default","ast-page-background-enabled":"default","ast-page-background-meta":{"desktop":{"background-color":"var(--ast-global-color-4)","background-image":"","background-repeat":"repeat","background-position":"center center","background-size":"auto","background-attachment":"scroll","background-type":"","background-media":"","overlay-type":"","overlay-color":"","overlay-gradient":""},"tablet":{"background-color":"","background-image":"","background-repeat":"repeat","background-position":"center center","background-size":"auto","background-attachment":"scroll","background-type":"","background-media":"","overlay-type":"","overlay-color":"","overlay-gradient":""},"mobile":{"background-color":"","background-image":"","background-repeat":"repeat","background-position":"center center","background-size":"auto","background-attachment":"scroll","background-type":"","background-media":"","overlay-type":"","overlay-color":"","overlay-gradient":""}},"ast-content-background-meta":{"desktop":{"background-color":"var(--ast-global-color-5)","background-image":"","background-repeat":"repeat","background-position":"center center","background-size":"auto","background-attachment":"scroll","background-type":"","background-media":"","overlay-type":"","overlay-color":"","overlay-gradient":""},"tablet":{"background-color":"var(--ast-global-color-5)","background-image":"","background-repeat":"repeat","background-position":"center center","background-size":"auto","background-attachment":"scroll","background-type":"","background-media":"","overlay-type":"","overlay-color":"","overlay-gradient":""},"mobile":{"background-color":"var(--ast-global-color-5)","background-image":"","background-repeat":"repeat","background-position":"center center","background-size":"auto","background-attachment":"scroll","background-type":"","background-media":"","overlay-type":"","overlay-color":"","overlay-gradient":""}},"footnotes":""},"categories":[986,324],"tags":[223336,119533,140214,175158,2759,223337],"class_list":["post-112214","post","type-post","status-publish","format-standard","hentry","category-complutense-de-madrid","category-psicologia","tag-clara-gonzalez-uriel","tag-francisco-martin-del-buey","tag-jose-antonio-bueno-alvarez","tag-justo-f-ramos-alia","tag-maria-del-mar-garcia-senoran","tag-maria-dolores-munoz-vallejo"],"_links":{"self":[{"href":"https:\/\/www.deberes.net\/tesis\/wp-json\/wp\/v2\/posts\/112214","targetHints":{"allow":["GET"]}}],"collection":[{"href":"https:\/\/www.deberes.net\/tesis\/wp-json\/wp\/v2\/posts"}],"about":[{"href":"https:\/\/www.deberes.net\/tesis\/wp-json\/wp\/v2\/types\/post"}],"author":[{"embeddable":true,"href":"https:\/\/www.deberes.net\/tesis\/wp-json\/wp\/v2\/users\/1"}],"replies":[{"embeddable":true,"href":"https:\/\/www.deberes.net\/tesis\/wp-json\/wp\/v2\/comments?post=112214"}],"version-history":[{"count":0,"href":"https:\/\/www.deberes.net\/tesis\/wp-json\/wp\/v2\/posts\/112214\/revisions"}],"wp:attachment":[{"href":"https:\/\/www.deberes.net\/tesis\/wp-json\/wp\/v2\/media?parent=112214"}],"wp:term":[{"taxonomy":"category","embeddable":true,"href":"https:\/\/www.deberes.net\/tesis\/wp-json\/wp\/v2\/categories?post=112214"},{"taxonomy":"post_tag","embeddable":true,"href":"https:\/\/www.deberes.net\/tesis\/wp-json\/wp\/v2\/tags?post=112214"}],"curies":[{"name":"wp","href":"https:\/\/api.w.org\/{rel}","templated":true}]}}