{"id":112243,"date":"2018-03-11T10:39:09","date_gmt":"2018-03-11T10:39:09","guid":{"rendered":"https:\/\/www.deberes.net\/tesis\/sin-categoria\/una-aproximacion-ontosemiotica-a-la-visualizacion-y-el-razonamiento-espacial\/"},"modified":"2018-03-11T10:39:09","modified_gmt":"2018-03-11T10:39:09","slug":"una-aproximacion-ontosemiotica-a-la-visualizacion-y-el-razonamiento-espacial","status":"publish","type":"post","link":"https:\/\/www.deberes.net\/tesis\/geometria\/una-aproximacion-ontosemiotica-a-la-visualizacion-y-el-razonamiento-espacial\/","title":{"rendered":"Una aproximaci\u00f3n ontosemiotica a la visualizaci\u00f3n y el razonamiento espacial"},"content":{"rendered":"<h2>Tesis doctoral de <strong> Teresa Fern\u00e1ndez  Blanco <\/strong><\/h2>\n<p>El objetivo principal de esta investigaci\u00f3n se centra en la evaluaci\u00f3n de las habilidades de visualizaci\u00f3n y razonamiento espacial de futuros profesores de educaci\u00f3n primaria. El enfoque del trabajo es de \u00edndole cognitivo, en el sentido de que se pretende evaluar conocimientos, formas de razonar y habilidades de pensamiento de los sujetos sobre los que se realiza el estudio. Teniendo en cuenta la diversidad de planteamientos y de nociones cognitivas usadas en las investigaciones, as\u00ed como la finalidad educativa del estudio, se ha optado por utilizar un marco te\u00f3rico integrativo sobre el conocimiento y la instrucci\u00f3n matem\u00e1tica, como es el \u00c2\u00bfenfoque ontosemi\u00f3tico\u00c2\u00bf (eos) que godino y colaboradores vienen desarrollando para la did\u00e1ctica de las matem\u00e1ticas (godino y batanero, 1998; godino, 2002; godino, batanero y font, 2007). Uno de los objetivos propuestos es contribuir al desarrollo de este marco te\u00f3rico en el campo de la evaluaci\u00f3n de los aprendizajes geom\u00e9tricos.  se ha empleado como instrumento de evaluaci\u00f3n para analizar las habilidades de visualizaci\u00f3n y razonamiento espacial un cuestionario elaborado espec\u00edficamente para esta investigaci\u00f3n, el cual se ha pasado a una muestra de 400 alumnos. El an\u00e1lisis se ha centrado en aplicar las categor\u00edas de objetos matem\u00e1ticos primarios que propone el eos (objetos ling\u00ed\u00bc\u00edsticos, conceptos, propiedades, procedimientos, argumentos, situaciones-problemas), y las dualidades cognitivas (ostensivo \u00c2\u00bf no ostensivo, particular \u00c2\u00bf general, unitario \u00c2\u00bf sist\u00e9mico, expresi\u00f3n \u00c2\u00bf contenido y personal \u00c2\u00bf institucional) con el fin de elaborar una caracterizaci\u00f3n de la visualizaci\u00f3n espacial, la cual servir\u00e1 de base para describir las habilidades de los estudiantes a la hora de resolver las tareas propuestas y comprender los conflictos que manifiestan. las conclusiones del estudio muestran, a trav\u00e9s del an\u00e1lisis ontosemi\u00f3tico realizado, que estos estudiantes movilizan gran cantidad de objetos y procesos visuales; sin embargo, no lo hacen de forma eficiente y en numerosas ocasiones ni siquiera de forma consciente. Los resultados obtenidos en la investigaci\u00f3n fueron coherentes con las hip\u00f3tesis establecidas, poniendo de manifiesto importantes carencias en la comprensi\u00f3n de conceptos b\u00e1sicos geom\u00e9tricos y limitaciones a la hora de comunicar la informaci\u00f3n visual.<\/p>\n<p>&nbsp;<\/p>\n<h3>Datos acad\u00e9micos de la tesis doctoral \u00ab<strong>Una aproximaci\u00f3n ontosemiotica a la visualizaci\u00f3n y el razonamiento espacial<\/strong>\u00ab<\/h3>\n<ul>\n<li><strong>T\u00edtulo de la tesis:<\/strong>\u00a0 Una aproximaci\u00f3n ontosemiotica a la visualizaci\u00f3n y el razonamiento espacial <\/li>\n<li><strong>Autor:<\/strong>\u00a0 Teresa Fern\u00e1ndez  Blanco <\/li>\n<li><strong>Universidad:<\/strong>\u00a0 Santiago de compostela<\/li>\n<li><strong>Fecha de lectura de la tesis:<\/strong>\u00a0 20\/01\/2012<\/li>\n<\/ul>\n<p>&nbsp;<\/p>\n<h3>Direcci\u00f3n y tribunal<\/h3>\n<ul>\n<li><strong>Director de la tesis<\/strong>\n<ul>\n<li>Jos\u00e9 A. Cajaraville Pegito<\/li>\n<\/ul>\n<\/li>\n<li><strong>Tribunal<\/strong>\n<ul>\n<li>Presidente del tribunal: carmen Batanero bernabeu <\/li>\n<li>Mar\u00eda teresa Bixirao neto (vocal)<\/li>\n<li>\u00e1ngel Guti\u00e9rrez rodriguez (vocal)<\/li>\n<li>enrique De la torre fern\u00e1ndez (vocal)<\/li>\n<\/ul>\n<\/li>\n<\/ul>\n<p>&nbsp;<\/p>\n","protected":false},"excerpt":{"rendered":"<p>Tesis doctoral de Teresa Fern\u00e1ndez Blanco El objetivo principal de esta investigaci\u00f3n se centra en la evaluaci\u00f3n de las habilidades [&hellip;]<\/p>\n","protected":false},"author":1,"featured_media":0,"comment_status":"open","ping_status":"open","sticky":false,"template":"","format":"standard","meta":{"site-sidebar-layout":"default","site-content-layout":"","ast-site-content-layout":"","site-content-style":"default","site-sidebar-style":"default","ast-global-header-display":"","ast-banner-title-visibility":"","ast-main-header-display":"","ast-hfb-above-header-display":"","ast-hfb-below-header-display":"","ast-hfb-mobile-header-display":"","site-post-title":"","ast-breadcrumbs-content":"","ast-featured-img":"","footer-sml-layout":"","theme-transparent-header-meta":"","adv-header-id-meta":"","stick-header-meta":"","header-above-stick-meta":"","header-main-stick-meta":"","header-below-stick-meta":"","astra-migrate-meta-layouts":"default","ast-page-background-enabled":"default","ast-page-background-meta":{"desktop":{"background-color":"var(--ast-global-color-4)","background-image":"","background-repeat":"repeat","background-position":"center center","background-size":"auto","background-attachment":"scroll","background-type":"","background-media":"","overlay-type":"","overlay-color":"","overlay-gradient":""},"tablet":{"background-color":"","background-image":"","background-repeat":"repeat","background-position":"center center","background-size":"auto","background-attachment":"scroll","background-type":"","background-media":"","overlay-type":"","overlay-color":"","overlay-gradient":""},"mobile":{"background-color":"","background-image":"","background-repeat":"repeat","background-position":"center center","background-size":"auto","background-attachment":"scroll","background-type":"","background-media":"","overlay-type":"","overlay-color":"","overlay-gradient":""}},"ast-content-background-meta":{"desktop":{"background-color":"var(--ast-global-color-5)","background-image":"","background-repeat":"repeat","background-position":"center center","background-size":"auto","background-attachment":"scroll","background-type":"","background-media":"","overlay-type":"","overlay-color":"","overlay-gradient":""},"tablet":{"background-color":"var(--ast-global-color-5)","background-image":"","background-repeat":"repeat","background-position":"center center","background-size":"auto","background-attachment":"scroll","background-type":"","background-media":"","overlay-type":"","overlay-color":"","overlay-gradient":""},"mobile":{"background-color":"var(--ast-global-color-5)","background-image":"","background-repeat":"repeat","background-position":"center center","background-size":"auto","background-attachment":"scroll","background-type":"","background-media":"","overlay-type":"","overlay-color":"","overlay-gradient":""}},"footnotes":""},"categories":[583,977],"tags":[11911,41416,37490,34818,223385,223384],"class_list":["post-112243","post","type-post","status-publish","format-standard","hentry","category-geometria","category-santiago-de-compostela","tag-angel-gutierrez-rodriguez","tag-carmen-batanero-bernabeu","tag-enrique-de-la-torre-fernandez","tag-jose-a-cajaraville-pegito","tag-maria-teresa-bixirao-neto","tag-teresa-fernandez-blanco"],"_links":{"self":[{"href":"https:\/\/www.deberes.net\/tesis\/wp-json\/wp\/v2\/posts\/112243","targetHints":{"allow":["GET"]}}],"collection":[{"href":"https:\/\/www.deberes.net\/tesis\/wp-json\/wp\/v2\/posts"}],"about":[{"href":"https:\/\/www.deberes.net\/tesis\/wp-json\/wp\/v2\/types\/post"}],"author":[{"embeddable":true,"href":"https:\/\/www.deberes.net\/tesis\/wp-json\/wp\/v2\/users\/1"}],"replies":[{"embeddable":true,"href":"https:\/\/www.deberes.net\/tesis\/wp-json\/wp\/v2\/comments?post=112243"}],"version-history":[{"count":0,"href":"https:\/\/www.deberes.net\/tesis\/wp-json\/wp\/v2\/posts\/112243\/revisions"}],"wp:attachment":[{"href":"https:\/\/www.deberes.net\/tesis\/wp-json\/wp\/v2\/media?parent=112243"}],"wp:term":[{"taxonomy":"category","embeddable":true,"href":"https:\/\/www.deberes.net\/tesis\/wp-json\/wp\/v2\/categories?post=112243"},{"taxonomy":"post_tag","embeddable":true,"href":"https:\/\/www.deberes.net\/tesis\/wp-json\/wp\/v2\/tags?post=112243"}],"curies":[{"name":"wp","href":"https:\/\/api.w.org\/{rel}","templated":true}]}}