{"id":112252,"date":"2018-03-11T10:39:09","date_gmt":"2018-03-11T10:39:09","guid":{"rendered":"https:\/\/www.deberes.net\/tesis\/sin-categoria\/personalization-and-shared-autonomy-in-assistive-technologies\/"},"modified":"2018-03-11T10:39:09","modified_gmt":"2018-03-11T10:39:09","slug":"personalization-and-shared-autonomy-in-assistive-technologies","status":"publish","type":"post","link":"https:\/\/www.deberes.net\/tesis\/inteligencia-artificial\/personalization-and-shared-autonomy-in-assistive-technologies\/","title":{"rendered":"Personalization and shared autonomy in assistive technologies"},"content":{"rendered":"<h2>Tesis doctoral de <strong> Cristian Barru\u00e9 Subirana <\/strong><\/h2>\n<p>Una definici\u00f3n simplificada de la idea de autonom\u00eda, desde un punto de vista conductista, ser\u00eda definirla como la capacidad de resolver problemas (en la vida). en el contexto de la poblaci\u00f3n anciana donde la mayor\u00eda de los ancianos tienen al menos una o varias enfermedades cr\u00f3nicas, muchas generando discapacidades f\u00edsicas o cognitivas, puede existir una p\u00e9rdida de autonom\u00eda en todas sus facetas. la delegaci\u00f3n de parte de la autonom\u00eda afectada en una entidad externa, sea un cuidador o un elemento tecnol\u00f3gico, es un ejercicio de autonom\u00eda por s\u00ed mismo que nos lleva a la situaci\u00f3n que nosotros llamamos autonom\u00eda compartida. en este trabajo presentamos nuestras ideas exploratorias y soluciones asociadas al concepto de autonom\u00eda compartida y a la integraci\u00f3n de las tecnolog\u00edas asistenciales en los ancianos como v\u00eda para materializarla. La mayor parte de estas ideas han sido desarrolladas por el autor en el contexto del proyecto financiado por la ue supported human autonomy for recovery and enhancement of cognitive and motor abilities using information technologies. Nuestro mayor empe\u00f1ono se ha centrado en el estudio de la personalizaci\u00f3n de las tecnolog\u00edas de apoyo para proporcionar la cantidad exacta de ayuda para satisfacer las necesidades del usuario.<\/p>\n<p>&nbsp;<\/p>\n<h3>Datos acad\u00e9micos de la tesis doctoral \u00ab<strong>Personalization and shared autonomy in assistive technologies<\/strong>\u00ab<\/h3>\n<ul>\n<li><strong>T\u00edtulo de la tesis:<\/strong>\u00a0 Personalization and shared autonomy in assistive technologies <\/li>\n<li><strong>Autor:<\/strong>\u00a0 Cristian Barru\u00e9 Subirana <\/li>\n<li><strong>Universidad:<\/strong>\u00a0 Polit\u00e9cnica de catalunya<\/li>\n<li><strong>Fecha de lectura de la tesis:<\/strong>\u00a0 23\/01\/2012<\/li>\n<\/ul>\n<p>&nbsp;<\/p>\n<h3>Direcci\u00f3n y tribunal<\/h3>\n<ul>\n<li><strong>Director de la tesis<\/strong>\n<ul>\n<li>Ulises Cort\u00e9s Garc\u00eda<\/li>\n<\/ul>\n<\/li>\n<li><strong>Tribunal<\/strong>\n<ul>\n<li>Presidente del tribunal: sen\u00e9n Barro ameneiro <\/li>\n<li>Juan  Manuel Corchado rodr\u00edguez (vocal)<\/li>\n<li>j. Emilio Rojo  rodes (vocal)<\/li>\n<li>fabio Babiloni (vocal)<\/li>\n<\/ul>\n<\/li>\n<\/ul>\n<p>&nbsp;<\/p>\n","protected":false},"excerpt":{"rendered":"<p>Tesis doctoral de Cristian Barru\u00e9 Subirana Una definici\u00f3n simplificada de la idea de autonom\u00eda, desde un punto de vista conductista, [&hellip;]<\/p>\n","protected":false},"author":1,"featured_media":0,"comment_status":"open","ping_status":"open","sticky":false,"template":"","format":"standard","meta":{"site-sidebar-layout":"default","site-content-layout":"","ast-site-content-layout":"","site-content-style":"default","site-sidebar-style":"default","ast-global-header-display":"","ast-banner-title-visibility":"","ast-main-header-display":"","ast-hfb-above-header-display":"","ast-hfb-below-header-display":"","ast-hfb-mobile-header-display":"","site-post-title":"","ast-breadcrumbs-content":"","ast-featured-img":"","footer-sml-layout":"","theme-transparent-header-meta":"","adv-header-id-meta":"","stick-header-meta":"","header-above-stick-meta":"","header-main-stick-meta":"","header-below-stick-meta":"","astra-migrate-meta-layouts":"default","ast-page-background-enabled":"default","ast-page-background-meta":{"desktop":{"background-color":"var(--ast-global-color-4)","background-image":"","background-repeat":"repeat","background-position":"center center","background-size":"auto","background-attachment":"scroll","background-type":"","background-media":"","overlay-type":"","overlay-color":"","overlay-gradient":""},"tablet":{"background-color":"","background-image":"","background-repeat":"repeat","background-position":"center center","background-size":"auto","background-attachment":"scroll","background-type":"","background-media":"","overlay-type":"","overlay-color":"","overlay-gradient":""},"mobile":{"background-color":"","background-image":"","background-repeat":"repeat","background-position":"center center","background-size":"auto","background-attachment":"scroll","background-type":"","background-media":"","overlay-type":"","overlay-color":"","overlay-gradient":""}},"ast-content-background-meta":{"desktop":{"background-color":"var(--ast-global-color-5)","background-image":"","background-repeat":"repeat","background-position":"center center","background-size":"auto","background-attachment":"scroll","background-type":"","background-media":"","overlay-type":"","overlay-color":"","overlay-gradient":""},"tablet":{"background-color":"var(--ast-global-color-5)","background-image":"","background-repeat":"repeat","background-position":"center center","background-size":"auto","background-attachment":"scroll","background-type":"","background-media":"","overlay-type":"","overlay-color":"","overlay-gradient":""},"mobile":{"background-color":"var(--ast-global-color-5)","background-image":"","background-repeat":"repeat","background-position":"center center","background-size":"auto","background-attachment":"scroll","background-type":"","background-media":"","overlay-type":"","overlay-color":"","overlay-gradient":""}},"footnotes":""},"categories":[2528,15596],"tags":[223399,72927,223400,38695,2530,30279],"class_list":["post-112252","post","type-post","status-publish","format-standard","hentry","category-inteligencia-artificial","category-politecnica-de-catalunya","tag-cristian-barrue-subirana","tag-fabio-babiloni","tag-j-emilio-rojo-rodes","tag-juan-manuel-corchado-rodriguez","tag-senen-barro-ameneiro","tag-ulises-cortes-garcia"],"_links":{"self":[{"href":"https:\/\/www.deberes.net\/tesis\/wp-json\/wp\/v2\/posts\/112252","targetHints":{"allow":["GET"]}}],"collection":[{"href":"https:\/\/www.deberes.net\/tesis\/wp-json\/wp\/v2\/posts"}],"about":[{"href":"https:\/\/www.deberes.net\/tesis\/wp-json\/wp\/v2\/types\/post"}],"author":[{"embeddable":true,"href":"https:\/\/www.deberes.net\/tesis\/wp-json\/wp\/v2\/users\/1"}],"replies":[{"embeddable":true,"href":"https:\/\/www.deberes.net\/tesis\/wp-json\/wp\/v2\/comments?post=112252"}],"version-history":[{"count":0,"href":"https:\/\/www.deberes.net\/tesis\/wp-json\/wp\/v2\/posts\/112252\/revisions"}],"wp:attachment":[{"href":"https:\/\/www.deberes.net\/tesis\/wp-json\/wp\/v2\/media?parent=112252"}],"wp:term":[{"taxonomy":"category","embeddable":true,"href":"https:\/\/www.deberes.net\/tesis\/wp-json\/wp\/v2\/categories?post=112252"},{"taxonomy":"post_tag","embeddable":true,"href":"https:\/\/www.deberes.net\/tesis\/wp-json\/wp\/v2\/tags?post=112252"}],"curies":[{"name":"wp","href":"https:\/\/api.w.org\/{rel}","templated":true}]}}