{"id":11227,"date":"2001-11-06T00:00:00","date_gmt":"2001-11-06T00:00:00","guid":{"rendered":"https:\/\/www.deberes.net\/tesis\/sin-categoria\/haraui-taquik-taquiycamayok-la-musica-como-emblema-de-poder-en-los-andes-centro-meridionales-estudios-enarqueomusicologa%c2%ada-para-america-andian\/"},"modified":"2001-11-06T00:00:00","modified_gmt":"2001-11-06T00:00:00","slug":"haraui-taquik-taquiycamayok-la-musica-como-emblema-de-poder-en-los-andes-centro-meridionales-estudios-enarqueomusicologa%c2%ada-para-america-andian","status":"publish","type":"post","link":"https:\/\/www.deberes.net\/tesis\/historia\/haraui-taquik-taquiycamayok-la-musica-como-emblema-de-poder-en-los-andes-centro-meridionales-estudios-enarqueomusicologa%c2%ada-para-america-andian\/","title":{"rendered":"Haraui taquik-taquiycamayok la m\u00fasica como emblema de poder en los andes centro-meridionales (estudios enarqueomusicolog\u00eda para am\u00e9rica andian)"},"content":{"rendered":"<h2>Tesis doctoral de <strong>  Gudemos L\u00f3pez M\u00f3nica Luc\u00eda <\/strong><\/h2>\n<p>Tesis doctoral sobre estudios en arqueomusicolog\u00eda andina planteados desde el an\u00e1lisis interdisciplinario.  una expresi\u00f3n musical, como acci\u00f3n humana, no involucra hechos aislados, desprovistos del contexto cultural que los sutenta. Es una manifestaci\u00f3n en la que se exteriorizan una serie de determinanates soio-culturales que convergen y coexisten est\u00e9ticamente en un acto volitivo. En la cosmovisi\u00f3n andina, una expresi\u00f3n musical es, ante todo, una expresion social y como tal debe ser estudiada; con categor\u00edas de an\u00e1lisis que contemplen el concepto de \u00ablo musical\u00bb en la concepci\u00f3n andina del hombre en su relaci\u00f3n con el cosmos. Desde esa perspectiva se proponen los siguientes objetivos generales:  a,- presentar un corpus metodol\u00f3gico de car\u00e1cter interdisciplinario especialmente dise\u00f1ado para estudios en arquomusicolog\u00eda.  b,- fundamentar dicho corupus a tr\u00e1ves de su aplicaci\u00f3n en el tratamiento de las manifestaciones musicales prehispanas, espec\u00edficamente del area andina centro-meridional.  c,- demostrar la importancia de la m\u00fasica en la prafernalia andina de poder.  el material arqueol\u00f3gico que se analiza en esta investigaci\u00f3n incluye no s\u00f3lo instrumentos musicales, sino todo aquello que proporcione informaci\u00f3n acerca de la m\u00fasica como expresi\u00f3n cultural en el mundo andino prehispano. pinturas rupestres, iconograf\u00edas decorativas emplazamientos arquitect\u00f3nicos, contextos funerarios y un largo y no menos interesante ectcetera atraen y concentran la atenci\u00f3n en el momento de establecer pautas acerca de la funci\u00f3n social de las manifestaciones que se estudian.  por la claridad que exige la exposici\u00f3n de uncorpus metodol\u00f3gico, por las carcter\u00edsticas de los materiales anlaizados y por la complejidad de los temas desarrollados, la informaci\u00f3n se presenta en siete cap\u00edtulos distribuidos en tres partes, cada una de ellas referida a un \u00e1rea de an\u00e1lisis espec\u00edfica (tecnolog\u00eda -representaci\u00f3n simb\u00f3lica &#8211;<\/p>\n<p>&nbsp;<\/p>\n<h3>Datos acad\u00e9micos de la tesis doctoral \u00ab<strong>Haraui taquik-taquiycamayok la m\u00fasica como emblema de poder en los andes centro-meridionales (estudios enarqueomusicolog\u00eda para am\u00e9rica andian)<\/strong>\u00ab<\/h3>\n<ul>\n<li><strong>T\u00edtulo de la tesis:<\/strong>\u00a0 Haraui taquik-taquiycamayok la m\u00fasica como emblema de poder en los andes centro-meridionales (estudios enarqueomusicolog\u00eda para am\u00e9rica andian) <\/li>\n<li><strong>Autor:<\/strong>\u00a0  Gudemos L\u00f3pez M\u00f3nica Luc\u00eda <\/li>\n<li><strong>Universidad:<\/strong>\u00a0 Complutense de Madrid<\/li>\n<li><strong>Fecha de lectura de la tesis:<\/strong>\u00a0 11\/06\/2001<\/li>\n<\/ul>\n<p>&nbsp;<\/p>\n<h3>Direcci\u00f3n y tribunal<\/h3>\n<ul>\n<li><strong>Director de la tesis<\/strong>\n<ul>\n<li>Emma S\u00e1nchez Monta\u00f1\u00e9s<\/li>\n<\/ul>\n<\/li>\n<li><strong>Tribunal<\/strong>\n<ul>\n<li>Presidente del tribunal: concepci\u00f3n Bravo guerreira <\/li>\n<li>alonso Plinski ram\u00f3n (vocal)<\/li>\n<li>victoria Rodr\u00edguez (vocal)<\/li>\n<li>Elena Ortiz Garc\u00eda (vocal)<\/li>\n<\/ul>\n<\/li>\n<\/ul>\n<p>&nbsp;<\/p>\n","protected":false},"excerpt":{"rendered":"<p>Tesis doctoral de Gudemos L\u00f3pez M\u00f3nica Luc\u00eda Tesis doctoral sobre estudios en arqueomusicolog\u00eda andina planteados desde el an\u00e1lisis interdisciplinario. una [&hellip;]<\/p>\n","protected":false},"author":1,"featured_media":0,"comment_status":"open","ping_status":"open","sticky":false,"template":"","format":"standard","meta":{"site-sidebar-layout":"default","site-content-layout":"","ast-site-content-layout":"","site-content-style":"default","site-sidebar-style":"default","ast-global-header-display":"","ast-banner-title-visibility":"","ast-main-header-display":"","ast-hfb-above-header-display":"","ast-hfb-below-header-display":"","ast-hfb-mobile-header-display":"","site-post-title":"","ast-breadcrumbs-content":"","ast-featured-img":"","footer-sml-layout":"","theme-transparent-header-meta":"","adv-header-id-meta":"","stick-header-meta":"","header-above-stick-meta":"","header-main-stick-meta":"","header-below-stick-meta":"","astra-migrate-meta-layouts":"default","ast-page-background-enabled":"default","ast-page-background-meta":{"desktop":{"background-color":"var(--ast-global-color-4)","background-image":"","background-repeat":"repeat","background-position":"center center","background-size":"auto","background-attachment":"scroll","background-type":"","background-media":"","overlay-type":"","overlay-color":"","overlay-gradient":""},"tablet":{"background-color":"","background-image":"","background-repeat":"repeat","background-position":"center center","background-size":"auto","background-attachment":"scroll","background-type":"","background-media":"","overlay-type":"","overlay-color":"","overlay-gradient":""},"mobile":{"background-color":"","background-image":"","background-repeat":"repeat","background-position":"center center","background-size":"auto","background-attachment":"scroll","background-type":"","background-media":"","overlay-type":"","overlay-color":"","overlay-gradient":""}},"ast-content-background-meta":{"desktop":{"background-color":"var(--ast-global-color-5)","background-image":"","background-repeat":"repeat","background-position":"center center","background-size":"auto","background-attachment":"scroll","background-type":"","background-media":"","overlay-type":"","overlay-color":"","overlay-gradient":""},"tablet":{"background-color":"var(--ast-global-color-5)","background-image":"","background-repeat":"repeat","background-position":"center center","background-size":"auto","background-attachment":"scroll","background-type":"","background-media":"","overlay-type":"","overlay-color":"","overlay-gradient":""},"mobile":{"background-color":"var(--ast-global-color-5)","background-image":"","background-repeat":"repeat","background-position":"center center","background-size":"auto","background-attachment":"scroll","background-type":"","background-media":"","overlay-type":"","overlay-color":"","overlay-gradient":""}},"footnotes":""},"categories":[147,104,7632,222,9132,1111],"tags":[36906,6346,36908,5152,36905,36907],"class_list":["post-11227","post","type-post","status-publish","format-standard","hentry","category-ciencias-de-las-artes-y-las-letras","category-historia","category-historia-de-la-musica","category-historias-especializadas","category-musica-y-musicologia","category-teoria-analisis-y-critica-de-las-bellas-artes","tag-alonso-plinski-ramon","tag-concepcion-bravo-guerreira","tag-elena-ortiz-garcia","tag-emma-sanchez-montanes","tag-gudemos-lopez-monica-lucia","tag-victoria-rodriguez"],"_links":{"self":[{"href":"https:\/\/www.deberes.net\/tesis\/wp-json\/wp\/v2\/posts\/11227","targetHints":{"allow":["GET"]}}],"collection":[{"href":"https:\/\/www.deberes.net\/tesis\/wp-json\/wp\/v2\/posts"}],"about":[{"href":"https:\/\/www.deberes.net\/tesis\/wp-json\/wp\/v2\/types\/post"}],"author":[{"embeddable":true,"href":"https:\/\/www.deberes.net\/tesis\/wp-json\/wp\/v2\/users\/1"}],"replies":[{"embeddable":true,"href":"https:\/\/www.deberes.net\/tesis\/wp-json\/wp\/v2\/comments?post=11227"}],"version-history":[{"count":0,"href":"https:\/\/www.deberes.net\/tesis\/wp-json\/wp\/v2\/posts\/11227\/revisions"}],"wp:attachment":[{"href":"https:\/\/www.deberes.net\/tesis\/wp-json\/wp\/v2\/media?parent=11227"}],"wp:term":[{"taxonomy":"category","embeddable":true,"href":"https:\/\/www.deberes.net\/tesis\/wp-json\/wp\/v2\/categories?post=11227"},{"taxonomy":"post_tag","embeddable":true,"href":"https:\/\/www.deberes.net\/tesis\/wp-json\/wp\/v2\/tags?post=11227"}],"curies":[{"name":"wp","href":"https:\/\/api.w.org\/{rel}","templated":true}]}}