{"id":11230,"date":"2001-11-06T00:00:00","date_gmt":"2001-11-06T00:00:00","guid":{"rendered":"https:\/\/www.deberes.net\/tesis\/sin-categoria\/ecologa%c2%ada-y-fisiologa%c2%ada-comparadas-de-spartina-mara%c2%adtima-y-spartina-densiflora-en-marismas-mareales-mediterraneas\/"},"modified":"2001-11-06T00:00:00","modified_gmt":"2001-11-06T00:00:00","slug":"ecologa%c2%ada-y-fisiologa%c2%ada-comparadas-de-spartina-mara%c2%adtima-y-spartina-densiflora-en-marismas-mareales-mediterraneas","status":"publish","type":"post","link":"https:\/\/www.deberes.net\/tesis\/ciencias-de-la-tierra-y-del-espacio\/ecologa%c2%ada-y-fisiologa%c2%ada-comparadas-de-spartina-mara%c2%adtima-y-spartina-densiflora-en-marismas-mareales-mediterraneas\/","title":{"rendered":"Ecolog\u00eda y fisiolog\u00eda comparadas de spartina mar\u00edtima y spartina densiflora en marismas mareales mediterr\u00e1neas"},"content":{"rendered":"<h2>Tesis doctoral de <strong> Jes\u00fas Manuel Castillo Segura <\/strong><\/h2>\n<p>Esta tesis doctoral cuantifica la erosi\u00f3n de taludes y en plenicies invernales en las marismas del odiel (huelva, so espa\u00f1a), analizando sus causas y consecuencias.  adem\u00e1s, mediante estudios b\u00e1sicos de ecofisiolog\u00eda y biolog\u00eda de la reproducci\u00f3n desarrolla una biotectnolog\u00eda de trasplantes con spartina mar\u00edtina y spartina densiflora. Spartina mar\u00edtima se muestra como una especie id\u00f3nea para realizar transplantes para luchar contra la erosi\u00f3n, debido a su tolerancia de las condiciones abi\u00f3ticas en zonas de marisma baja, as\u00ed como por su tolerancia a la estancionalidad del clima mediterr\u00e1neo y su forma de vencimiento e inversi\u00f3n en reproducci\u00f3n sexual y asexual.<\/p>\n<p>&nbsp;<\/p>\n<h3>Datos acad\u00e9micos de la tesis doctoral \u00ab<strong>Ecolog\u00eda y fisiolog\u00eda comparadas de spartina mar\u00edtima y spartina densiflora en marismas mareales mediterr\u00e1neas<\/strong>\u00ab<\/h3>\n<ul>\n<li><strong>T\u00edtulo de la tesis:<\/strong>\u00a0 Ecolog\u00eda y fisiolog\u00eda comparadas de spartina mar\u00edtima y spartina densiflora en marismas mareales mediterr\u00e1neas <\/li>\n<li><strong>Autor:<\/strong>\u00a0 Jes\u00fas Manuel Castillo Segura <\/li>\n<li><strong>Universidad:<\/strong>\u00a0 Sevilla<\/li>\n<li><strong>Fecha de lectura de la tesis:<\/strong>\u00a0 11\/06\/2001<\/li>\n<\/ul>\n<p>&nbsp;<\/p>\n<h3>Direcci\u00f3n y tribunal<\/h3>\n<ul>\n<li><strong>Director de la tesis<\/strong>\n<ul>\n<li> Figueroa Clemente Manuel Enrique<\/li>\n<\/ul>\n<\/li>\n<li><strong>Tribunal<\/strong>\n<ul>\n<li>Presidente del tribunal: Francisco Gil  Martinez <\/li>\n<li>Francisco a. Com\u00edn sebastian (vocal)<\/li>\n<li> Jim\u00e9nez nieva Francisco Javier (vocal)<\/li>\n<li>Juan  Carlos Rubio garcia (vocal)<\/li>\n<\/ul>\n<\/li>\n<\/ul>\n<p>&nbsp;<\/p>\n","protected":false},"excerpt":{"rendered":"<p>Tesis doctoral de Jes\u00fas Manuel Castillo Segura Esta tesis doctoral cuantifica la erosi\u00f3n de taludes y en plenicies invernales en [&hellip;]<\/p>\n","protected":false},"author":1,"featured_media":0,"comment_status":"open","ping_status":"open","sticky":false,"template":"","format":"standard","meta":{"site-sidebar-layout":"default","site-content-layout":"","ast-site-content-layout":"","site-content-style":"default","site-sidebar-style":"default","ast-global-header-display":"","ast-banner-title-visibility":"","ast-main-header-display":"","ast-hfb-above-header-display":"","ast-hfb-below-header-display":"","ast-hfb-mobile-header-display":"","site-post-title":"","ast-breadcrumbs-content":"","ast-featured-img":"","footer-sml-layout":"","theme-transparent-header-meta":"","adv-header-id-meta":"","stick-header-meta":"","header-above-stick-meta":"","header-main-stick-meta":"","header-below-stick-meta":"","astra-migrate-meta-layouts":"default","ast-page-background-enabled":"default","ast-page-background-meta":{"desktop":{"background-color":"var(--ast-global-color-4)","background-image":"","background-repeat":"repeat","background-position":"center center","background-size":"auto","background-attachment":"scroll","background-type":"","background-media":"","overlay-type":"","overlay-color":"","overlay-gradient":""},"tablet":{"background-color":"","background-image":"","background-repeat":"repeat","background-position":"center center","background-size":"auto","background-attachment":"scroll","background-type":"","background-media":"","overlay-type":"","overlay-color":"","overlay-gradient":""},"mobile":{"background-color":"","background-image":"","background-repeat":"repeat","background-position":"center center","background-size":"auto","background-attachment":"scroll","background-type":"","background-media":"","overlay-type":"","overlay-color":"","overlay-gradient":""}},"ast-content-background-meta":{"desktop":{"background-color":"var(--ast-global-color-5)","background-image":"","background-repeat":"repeat","background-position":"center center","background-size":"auto","background-attachment":"scroll","background-type":"","background-media":"","overlay-type":"","overlay-color":"","overlay-gradient":""},"tablet":{"background-color":"var(--ast-global-color-5)","background-image":"","background-repeat":"repeat","background-position":"center center","background-size":"auto","background-attachment":"scroll","background-type":"","background-media":"","overlay-type":"","overlay-color":"","overlay-gradient":""},"mobile":{"background-color":"var(--ast-global-color-5)","background-image":"","background-repeat":"repeat","background-position":"center center","background-size":"auto","background-attachment":"scroll","background-type":"","background-media":"","overlay-type":"","overlay-color":"","overlay-gradient":""}},"footnotes":""},"categories":[27,228,15748,10715],"tags":[36914,18850,19761,36913,36915,36916],"class_list":["post-11230","post","type-post","status-publish","format-standard","hentry","category-ciencias-de-la-tierra-y-del-espacio","category-oceanografia","category-procesos-litorales-y-sublitorales","category-sevilla","tag-figueroa-clemente-manuel-enrique","tag-francisco-a-comin-sebastian","tag-francisco-gil-Martinez","tag-jesus-manuel-castillo-segura","tag-jimenez-nieva-francisco-javier","tag-juan-carlos-rubio-garcia"],"_links":{"self":[{"href":"https:\/\/www.deberes.net\/tesis\/wp-json\/wp\/v2\/posts\/11230","targetHints":{"allow":["GET"]}}],"collection":[{"href":"https:\/\/www.deberes.net\/tesis\/wp-json\/wp\/v2\/posts"}],"about":[{"href":"https:\/\/www.deberes.net\/tesis\/wp-json\/wp\/v2\/types\/post"}],"author":[{"embeddable":true,"href":"https:\/\/www.deberes.net\/tesis\/wp-json\/wp\/v2\/users\/1"}],"replies":[{"embeddable":true,"href":"https:\/\/www.deberes.net\/tesis\/wp-json\/wp\/v2\/comments?post=11230"}],"version-history":[{"count":0,"href":"https:\/\/www.deberes.net\/tesis\/wp-json\/wp\/v2\/posts\/11230\/revisions"}],"wp:attachment":[{"href":"https:\/\/www.deberes.net\/tesis\/wp-json\/wp\/v2\/media?parent=11230"}],"wp:term":[{"taxonomy":"category","embeddable":true,"href":"https:\/\/www.deberes.net\/tesis\/wp-json\/wp\/v2\/categories?post=11230"},{"taxonomy":"post_tag","embeddable":true,"href":"https:\/\/www.deberes.net\/tesis\/wp-json\/wp\/v2\/tags?post=11230"}],"curies":[{"name":"wp","href":"https:\/\/api.w.org\/{rel}","templated":true}]}}