{"id":112300,"date":"2018-03-11T10:39:09","date_gmt":"2018-03-11T10:39:09","guid":{"rendered":"https:\/\/www.deberes.net\/tesis\/sin-categoria\/proteccion-internacional-de-los-derechos-humanos-justificaciones-tecnico-jura%c2%addicas-para-la-creacion-de-un-tribunal-mundial-de-derechos-humanos\/"},"modified":"2018-03-11T10:39:09","modified_gmt":"2018-03-11T10:39:09","slug":"proteccion-internacional-de-los-derechos-humanos-justificaciones-tecnico-jura%c2%addicas-para-la-creacion-de-un-tribunal-mundial-de-derechos-humanos","status":"publish","type":"post","link":"https:\/\/www.deberes.net\/tesis\/carlos-iii-de-madrid\/proteccion-internacional-de-los-derechos-humanos-justificaciones-tecnico-jura%c2%addicas-para-la-creacion-de-un-tribunal-mundial-de-derechos-humanos\/","title":{"rendered":"Protecci\u00f3n internacional de los derechos humanos &#8211; justificaciones t\u00e9cnico-jur\u00eddicas para la creaci\u00f3n de un tribunal mundial de derechos humanos"},"content":{"rendered":"<h2>Tesis doctoral de <strong> Alexandre Vidigal De Oliveira <\/strong><\/h2>\n<p>La tesis demuestra que la protecci\u00f3n internacional de los derechos humanos, realizada por una multitud de \u00f3rganos universales y regionales, de naturaleza extraconvencional o convencional, es todav\u00eda precaria en relaci\u00f3n al  principio de la universalidad,  principalmente cuando considerada la protecci\u00f3n judicial, y que  alcanza s\u00f3lo a una quinta parte de la humanidad, hecho que compromete el reconocimiento de la efectividad de los derechos humanos. Para superar esa constataci\u00f3n, y avanzar en la m\u00e1xima efectividad posible en la protecci\u00f3n internacional de los derechos humanos, la tesis defiende la necesidad de existencia de un tribunal mundial de derechos humanos, de alcance universal o global , con atribuciones para juzgar ciertas vulneraciones de naturaleza no-penal a los derechos humanos, practicadas por cualquier pa\u00eds contra cualquier individuo, y presentando justificaciones t\u00e9cnico-jur\u00eddicas para su creaci\u00f3n.  para alcanzar sus objetivos, la tesis adopta la metodolog\u00eda deductiva, partiendo del an\u00e1lisis general evidenciado por la constataci\u00f3n  de que gran parte de la poblaci\u00f3n mundial no dispone de mecanismos internacionales de protecci\u00f3n a los derechos humanos, y llegando al punto espec\u00edfico de proponer, como alternativa a enfrentar y transformar aquella constataci\u00f3n, la existencia del tribunal mundial de derechos humanos.  en desarrollo del trabajo, la tesis es dividida en cuatro partes. En la primera ser\u00e1n abordados algunos puntos iniciales importantes para el debido enfrentamiento del tema, como un breve registro hist\u00f3rico de la evoluci\u00f3n de la tutela internacional de los derechos humanos, pasando por los modos actuales de realizaci\u00f3n de aquella tutela,  siguiendo con un breve enfoque sobre la efectividad de los derechos humanos y sobre la comunidad internacional.  la segunda parte expone una radiograf\u00eda de la estructura y funcionamiento actual de protecci\u00f3n internacional de los derechos humanos, describiendo cada uno de los principales \u00f3rganos e instituciones que la integran y apuntando sus rasgos principales, como su fuente de creaci\u00f3n, su naturaleza, competencia, alcance, mecanismos de eficacia, composici\u00f3n y funcionamiento.   en seguida, como tercera parte, la tesis presenta un an\u00e1lisis cr\u00edtico de aquella estructura y funcionamiento actuales, destacando sus puntos d\u00e9biles, principalmente por traducir un sistema de protecci\u00f3n internacional limitado, que no alcanza a toda la gente del mundo, caracteriz\u00e1ndose esa situaci\u00f3n como una contundente paradoja entre el discurso de la universalidad de los derechos humanos y el modelo de protecci\u00f3n internacional, predominantemente no-universal. Esa situaci\u00f3n a\u00fan m\u00e1s se agrava cuando se constata que la protecci\u00f3n judicial es basada exclusivamente en estructuras regionales,  \u00e9stas disponiendo de tribunales para juzgar las violaciones a los derechos humanos restringida a la gente sometida a sus jurisdicciones, como son, actualmente, parte de los americanos, europeos y africanos, dejando al margen de id\u00e9ntica protecci\u00f3n judicial internacional parte sustancial de la poblaci\u00f3n humana. Esa situaci\u00f3n impide el alcance de una mayor efectividad del sistema actual de protecci\u00f3n internacional de derechos humanos, y que, a su vez, justifica la necesidad de existencia de un tribunal mundial, de alcance global,  para proporcionar una m\u00e1s efectiva protecci\u00f3n a aquellos derechos.   en la cuarta parte se presentan los fundamentos que demuestran ser posible y que dan sustentaci\u00f3n a la creaci\u00f3n de un tribunal mundial de derechos humanos,  y que se caracteriza como una jurisdicci\u00f3n aut\u00f3noma e independiente, con rasgo de complementariedad en relaci\u00f3n a la estructura judicial de protecci\u00f3n nacional, y como una jurisdicci\u00f3n subsidiaria en relaci\u00f3n a los tribunales internacionales regionales de derechos humanos. M\u00e1s all\u00e1, en la cuarta parte se propone un modelo org\u00e1nico y funcional en los cuales se puede plantear, concretamente, su existencia.  la propuesta de la tesis se justifica por la importancia de debatir un tema que se traduce en el reconocimiento de que la defensa internacional de los derechos humanos es la \u00faltima oportunidad de garant\u00eda de su cumplimiento, y por ello hay que afirmarse en un modelo de resultados efectivos, o, al menos, que se demuestren aptos para alcanzar un nivel con el m\u00e1ximo posible de efectividad.<\/p>\n<p>&nbsp;<\/p>\n<h3>Datos acad\u00e9micos de la tesis doctoral \u00ab<strong>Protecci\u00f3n internacional de los derechos humanos &#8211; justificaciones t\u00e9cnico-jur\u00eddicas para la creaci\u00f3n de un tribunal mundial de derechos humanos<\/strong>\u00ab<\/h3>\n<ul>\n<li><strong>T\u00edtulo de la tesis:<\/strong>\u00a0 Protecci\u00f3n internacional de los derechos humanos &#8211; justificaciones t\u00e9cnico-jur\u00eddicas para la creaci\u00f3n de un tribunal mundial de derechos humanos <\/li>\n<li><strong>Autor:<\/strong>\u00a0 Alexandre Vidigal De Oliveira <\/li>\n<li><strong>Universidad:<\/strong>\u00a0 Carlos III de Madrid<\/li>\n<li><strong>Fecha de lectura de la tesis:<\/strong>\u00a0 31\/01\/2012<\/li>\n<\/ul>\n<p>&nbsp;<\/p>\n<h3>Direcci\u00f3n y tribunal<\/h3>\n<ul>\n<li><strong>Director de la tesis<\/strong>\n<ul>\n<li>Fernando Mari\u00f1o Menendez<\/li>\n<\/ul>\n<\/li>\n<li><strong>Tribunal<\/strong>\n<ul>\n<li>Presidente del tribunal: albert Galinsoga jorda <\/li>\n<li>Juan  Jos\u00e9 Mart\u00edn arribas (vocal)<\/li>\n<li>angel gregorio Chueca sancho (vocal)<\/li>\n<li>M\u00aa carmen Perez gonzalez (vocal)<\/li>\n<\/ul>\n<\/li>\n<\/ul>\n<p>&nbsp;<\/p>\n","protected":false},"excerpt":{"rendered":"<p>Tesis doctoral de Alexandre Vidigal De Oliveira La tesis demuestra que la protecci\u00f3n internacional de los derechos humanos, realizada por [&hellip;]<\/p>\n","protected":false},"author":1,"featured_media":0,"comment_status":"open","ping_status":"open","sticky":false,"template":"","format":"standard","meta":{"site-sidebar-layout":"default","site-content-layout":"","ast-site-content-layout":"","site-content-style":"default","site-sidebar-style":"default","ast-global-header-display":"","ast-banner-title-visibility":"","ast-main-header-display":"","ast-hfb-above-header-display":"","ast-hfb-below-header-display":"","ast-hfb-mobile-header-display":"","site-post-title":"","ast-breadcrumbs-content":"","ast-featured-img":"","footer-sml-layout":"","theme-transparent-header-meta":"","adv-header-id-meta":"","stick-header-meta":"","header-above-stick-meta":"","header-main-stick-meta":"","header-below-stick-meta":"","astra-migrate-meta-layouts":"default","ast-page-background-enabled":"default","ast-page-background-meta":{"desktop":{"background-color":"var(--ast-global-color-4)","background-image":"","background-repeat":"repeat","background-position":"center center","background-size":"auto","background-attachment":"scroll","background-type":"","background-media":"","overlay-type":"","overlay-color":"","overlay-gradient":""},"tablet":{"background-color":"","background-image":"","background-repeat":"repeat","background-position":"center center","background-size":"auto","background-attachment":"scroll","background-type":"","background-media":"","overlay-type":"","overlay-color":"","overlay-gradient":""},"mobile":{"background-color":"","background-image":"","background-repeat":"repeat","background-position":"center center","background-size":"auto","background-attachment":"scroll","background-type":"","background-media":"","overlay-type":"","overlay-color":"","overlay-gradient":""}},"ast-content-background-meta":{"desktop":{"background-color":"var(--ast-global-color-5)","background-image":"","background-repeat":"repeat","background-position":"center center","background-size":"auto","background-attachment":"scroll","background-type":"","background-media":"","overlay-type":"","overlay-color":"","overlay-gradient":""},"tablet":{"background-color":"var(--ast-global-color-5)","background-image":"","background-repeat":"repeat","background-position":"center center","background-size":"auto","background-attachment":"scroll","background-type":"","background-media":"","overlay-type":"","overlay-color":"","overlay-gradient":""},"mobile":{"background-color":"var(--ast-global-color-5)","background-image":"","background-repeat":"repeat","background-position":"center center","background-size":"auto","background-attachment":"scroll","background-type":"","background-media":"","overlay-type":"","overlay-color":"","overlay-gradient":""}},"footnotes":""},"categories":[18550,19869],"tags":[29451,223482,70460,9015,223483,180305],"class_list":["post-112300","post","type-post","status-publish","format-standard","hentry","category-carlos-iii-de-madrid","category-derechos-humanos","tag-albert-galinsoga-jorda","tag-alexandre-vidigal-de-oliveira","tag-angel-gregorio-chueca-sancho","tag-fernando-marino-menendez","tag-juan-jose-martin-arribas","tag-ma-carmen-perez-gonzalez"],"_links":{"self":[{"href":"https:\/\/www.deberes.net\/tesis\/wp-json\/wp\/v2\/posts\/112300","targetHints":{"allow":["GET"]}}],"collection":[{"href":"https:\/\/www.deberes.net\/tesis\/wp-json\/wp\/v2\/posts"}],"about":[{"href":"https:\/\/www.deberes.net\/tesis\/wp-json\/wp\/v2\/types\/post"}],"author":[{"embeddable":true,"href":"https:\/\/www.deberes.net\/tesis\/wp-json\/wp\/v2\/users\/1"}],"replies":[{"embeddable":true,"href":"https:\/\/www.deberes.net\/tesis\/wp-json\/wp\/v2\/comments?post=112300"}],"version-history":[{"count":0,"href":"https:\/\/www.deberes.net\/tesis\/wp-json\/wp\/v2\/posts\/112300\/revisions"}],"wp:attachment":[{"href":"https:\/\/www.deberes.net\/tesis\/wp-json\/wp\/v2\/media?parent=112300"}],"wp:term":[{"taxonomy":"category","embeddable":true,"href":"https:\/\/www.deberes.net\/tesis\/wp-json\/wp\/v2\/categories?post=112300"},{"taxonomy":"post_tag","embeddable":true,"href":"https:\/\/www.deberes.net\/tesis\/wp-json\/wp\/v2\/tags?post=112300"}],"curies":[{"name":"wp","href":"https:\/\/api.w.org\/{rel}","templated":true}]}}