{"id":112302,"date":"2012-01-02T00:00:00","date_gmt":"2012-01-02T00:00:00","guid":{"rendered":"https:\/\/www.deberes.net\/tesis\/sin-categoria\/salud-y-desigualdades-sociales-en-salud-en-la-comunidad-autonoma-del-paa%c2%ads-vasco-en-el-cambio-de-siglo-una-vision-desde-las-esperanzas-de-salud\/"},"modified":"2012-01-02T00:00:00","modified_gmt":"2012-01-02T00:00:00","slug":"salud-y-desigualdades-sociales-en-salud-en-la-comunidad-autonoma-del-paa%c2%ads-vasco-en-el-cambio-de-siglo-una-vision-desde-las-esperanzas-de-salud","status":"publish","type":"post","link":"https:\/\/www.deberes.net\/tesis\/salud-publica\/salud-y-desigualdades-sociales-en-salud-en-la-comunidad-autonoma-del-paa%c2%ads-vasco-en-el-cambio-de-siglo-una-vision-desde-las-esperanzas-de-salud\/","title":{"rendered":"Salud y desigualdades sociales en salud en la comunidad aut\u00f3noma del pa\u00eds vasco en el cambio de siglo: una visi\u00f3n desde las esperanzas de salud"},"content":{"rendered":"<h2>Tesis doctoral de <strong> Unai Martin Roncero <\/strong><\/h2>\n<p>La esperanza de vida ha aumentado considerablemente en la c.A del pa\u00eds vasco durante el \u00faltimo siglo y lo sigue haciendo en la actualidad. Sin embargo, esta tendencia no permite determinar la evoluci\u00f3n de la salud de la poblaci\u00f3n ya que este descenso puede estar produci\u00e9ndose en paralelo a un aumento de la mala salud. Adem\u00e1s, puede no ser un patr\u00f3n generalizable al conjunto de la poblaci\u00f3n y esconder relevantes desigualdades sociales. El objetivo de esta tesis fue analizar la salud y las desigualdades sociales en salud en la poblaci\u00f3n de la capv durante el cambio de siglo, utilizando fundamentalmente como medida diversas esperanzas de salud que integran un \u00fanico indicador informaci\u00f3n de mortalidad y estado de salud. Para ello, se realiz\u00f3 un estudio transversal y de tendencia temporal utilizando datos de mortalidad (1989-2008), poblaci\u00f3n (1991,1996, 2001 y 2006) y de varias encuestas de salud del pa\u00eds vasco (1992, 1997, 2002 y 2007). Los resultados del total del periodo mostraron que el aumento de los a\u00f1os vino acompa\u00f1ado de un incremento en su calidad. Sin embargo, en la \u00faltima parte del periodo estudiado la tendencia empeor\u00f3 y el aumento en la esperanza de vida fue mayor que en las esperanzas de salud. Las enfermedades con un mayor impacto sobre la salud fueron las del sistema circulatorio, los tumores y tambi\u00e9n las osteomusculares. Un descenso en el nivel de estudios o una mayor privaci\u00f3n del \u00e1rea de residencia supusieron un menor n\u00famero de a\u00f1os totales y en buena salud y un mayor n\u00famero de a\u00f1os en mala salud. Estas desigualdades sociales no se modificaron en el periodo de 1999-2003 a 2004-2008. Los resultados de esta tesis tienen importantes implicaciones sociales y en la elaboraci\u00f3n de las pol\u00edticas de salud<\/p>\n<p>&nbsp;<\/p>\n<h3>Datos acad\u00e9micos de la tesis doctoral \u00ab<strong>Salud y desigualdades sociales en salud en la comunidad aut\u00f3noma del pa\u00eds vasco en el cambio de siglo: una visi\u00f3n desde las esperanzas de salud<\/strong>\u00ab<\/h3>\n<ul>\n<li><strong>T\u00edtulo de la tesis:<\/strong>\u00a0 Salud y desigualdades sociales en salud en la comunidad aut\u00f3noma del pa\u00eds vasco en el cambio de siglo: una visi\u00f3n desde las esperanzas de salud <\/li>\n<li><strong>Autor:<\/strong>\u00a0 Unai Martin Roncero <\/li>\n<li><strong>Universidad:<\/strong>\u00a0 Pa\u00eds vasco\/euskal herriko unibertsitatea<\/li>\n<li><strong>Fecha de lectura de la tesis:<\/strong>\u00a0 01\/02\/2012<\/li>\n<\/ul>\n<p>&nbsp;<\/p>\n<h3>Direcci\u00f3n y tribunal<\/h3>\n<ul>\n<li><strong>Director de la tesis<\/strong>\n<ul>\n<li>Mar\u00eda  Bego\u00f1a Arregi Gorospe<\/li>\n<\/ul>\n<\/li>\n<li><strong>Tribunal<\/strong>\n<ul>\n<li>Presidente del tribunal: Mar\u00eda  teresa Bazo royo <\/li>\n<li>carme Borrell i thi\u00f3 (vocal)<\/li>\n<li>rosa Gomez redondo (vocal)<\/li>\n<li>lourdes Lostao unzu (vocal)<\/li>\n<\/ul>\n<\/li>\n<\/ul>\n<p>&nbsp;<\/p>\n","protected":false},"excerpt":{"rendered":"<p>Tesis doctoral de Unai Martin Roncero La esperanza de vida ha aumentado considerablemente en la c.A del pa\u00eds vasco durante [&hellip;]<\/p>\n","protected":false},"author":1,"featured_media":0,"comment_status":"open","ping_status":"open","sticky":false,"template":"","format":"standard","meta":{"site-sidebar-layout":"default","site-content-layout":"","ast-site-content-layout":"","site-content-style":"default","site-sidebar-style":"default","ast-global-header-display":"","ast-banner-title-visibility":"","ast-main-header-display":"","ast-hfb-above-header-display":"","ast-hfb-below-header-display":"","ast-hfb-mobile-header-display":"","site-post-title":"","ast-breadcrumbs-content":"","ast-featured-img":"","footer-sml-layout":"","theme-transparent-header-meta":"","adv-header-id-meta":"","stick-header-meta":"","header-above-stick-meta":"","header-main-stick-meta":"","header-below-stick-meta":"","astra-migrate-meta-layouts":"default","ast-page-background-enabled":"default","ast-page-background-meta":{"desktop":{"background-color":"var(--ast-global-color-4)","background-image":"","background-repeat":"repeat","background-position":"center center","background-size":"auto","background-attachment":"scroll","background-type":"","background-media":"","overlay-type":"","overlay-color":"","overlay-gradient":""},"tablet":{"background-color":"","background-image":"","background-repeat":"repeat","background-position":"center center","background-size":"auto","background-attachment":"scroll","background-type":"","background-media":"","overlay-type":"","overlay-color":"","overlay-gradient":""},"mobile":{"background-color":"","background-image":"","background-repeat":"repeat","background-position":"center center","background-size":"auto","background-attachment":"scroll","background-type":"","background-media":"","overlay-type":"","overlay-color":"","overlay-gradient":""}},"ast-content-background-meta":{"desktop":{"background-color":"var(--ast-global-color-5)","background-image":"","background-repeat":"repeat","background-position":"center center","background-size":"auto","background-attachment":"scroll","background-type":"","background-media":"","overlay-type":"","overlay-color":"","overlay-gradient":""},"tablet":{"background-color":"var(--ast-global-color-5)","background-image":"","background-repeat":"repeat","background-position":"center center","background-size":"auto","background-attachment":"scroll","background-type":"","background-media":"","overlay-type":"","overlay-color":"","overlay-gradient":""},"mobile":{"background-color":"var(--ast-global-color-5)","background-image":"","background-repeat":"repeat","background-position":"center center","background-size":"auto","background-attachment":"scroll","background-type":"","background-media":"","overlay-type":"","overlay-color":"","overlay-gradient":""}},"footnotes":""},"categories":[73360,12909,967,22043],"tags":[212082,31531,223486,48698,93329,223485],"class_list":["post-112302","post","type-post","status-publish","format-standard","hentry","category-mortalidad-general","category-pais-vasco-euskal-herriko-unibertsitatea","category-salud-publica","category-sociologia-medica","tag-carme-borrell-i-thio","tag-lourdes-lostao-unzu","tag-maria-begona-arregi-gorospe","tag-maria-teresa-bazo-royo","tag-rosa-gomez-redondo","tag-unai-martin-roncero"],"_links":{"self":[{"href":"https:\/\/www.deberes.net\/tesis\/wp-json\/wp\/v2\/posts\/112302","targetHints":{"allow":["GET"]}}],"collection":[{"href":"https:\/\/www.deberes.net\/tesis\/wp-json\/wp\/v2\/posts"}],"about":[{"href":"https:\/\/www.deberes.net\/tesis\/wp-json\/wp\/v2\/types\/post"}],"author":[{"embeddable":true,"href":"https:\/\/www.deberes.net\/tesis\/wp-json\/wp\/v2\/users\/1"}],"replies":[{"embeddable":true,"href":"https:\/\/www.deberes.net\/tesis\/wp-json\/wp\/v2\/comments?post=112302"}],"version-history":[{"count":0,"href":"https:\/\/www.deberes.net\/tesis\/wp-json\/wp\/v2\/posts\/112302\/revisions"}],"wp:attachment":[{"href":"https:\/\/www.deberes.net\/tesis\/wp-json\/wp\/v2\/media?parent=112302"}],"wp:term":[{"taxonomy":"category","embeddable":true,"href":"https:\/\/www.deberes.net\/tesis\/wp-json\/wp\/v2\/categories?post=112302"},{"taxonomy":"post_tag","embeddable":true,"href":"https:\/\/www.deberes.net\/tesis\/wp-json\/wp\/v2\/tags?post=112302"}],"curies":[{"name":"wp","href":"https:\/\/api.w.org\/{rel}","templated":true}]}}