{"id":112322,"date":"2012-06-02T00:00:00","date_gmt":"2012-06-02T00:00:00","guid":{"rendered":"https:\/\/www.deberes.net\/tesis\/sin-categoria\/evaluacion-del-dano-por-impacto-en-laminados-de-material-compuesto-mediante-la-respuesta-dinamica\/"},"modified":"2012-06-02T00:00:00","modified_gmt":"2012-06-02T00:00:00","slug":"evaluacion-del-dano-por-impacto-en-laminados-de-material-compuesto-mediante-la-respuesta-dinamica","status":"publish","type":"post","link":"https:\/\/www.deberes.net\/tesis\/resistencia-de-materiales\/evaluacion-del-dano-por-impacto-en-laminados-de-material-compuesto-mediante-la-respuesta-dinamica\/","title":{"rendered":"Evaluaci\u00f3n del da\u00f1o por impacto en laminados de material compuesto mediante la respuesta din\u00e1mica"},"content":{"rendered":"<h2>Tesis doctoral de <strong> Marco Antonio Perez Martinez <\/strong><\/h2>\n<p>Los materiales compuestos laminados ofrecen ventajas determinantes en comparaci\u00f3n con los materiales m\u00e1s tradicionales, especialmente en aplicaciones estructurales donde el peso es un factor limitante de dise\u00f1o. Sin embargo, \u00e9stos tambi\u00e9n han demostrado una susceptibilidad al da\u00f1o por impacto debido a la carencia de deformaci\u00f3n pl\u00e1stica, a la baja resistencia transversal e interlaminar y a la construcci\u00f3n laminada para reducir la naturaleza anis\u00f3tropa del material. Los impactos a baja velocidad inducen en los laminados un da\u00f1o interno que provoca reducciones severas en la rigidez, en la resistencia y en la estabilidad estructural. Consecuentemente, se presenta la necesidad de desarrollar metodolog\u00edas y herramientas de inspecci\u00f3n que permitan una detecci\u00f3n precoz del estado de degradaci\u00f3n estructural, con el fin de prevenir fallos o colapsos prematuros.  las t\u00e9cnicas de detecci\u00f3n de da\u00f1o basadas en la respuesta din\u00e1mica estructural se presentan como una atractiva alternativa a las t\u00e9cnicas de evaluaci\u00f3n tradicionales, entre otros, porque para la adquisici\u00f3n de la respuesta din\u00e1mica se requiere un n\u00famero finito de puntos de referencia, por lo que no es necesario un acceso completo a la estructura, permitiendo la monitorizaci\u00f3n incluso sin interrupci\u00f3n del servicio. Las t\u00e9cnicas se fundamentan en la relaci\u00f3n entre los par\u00e1metros modales y las propiedades f\u00edsicas de la estructura, asumiendo que los cambios en dichas propiedades inducidos por el da\u00f1o, originan variaciones cuantificables de los par\u00e1metros modales.  en esta tesis se analiza la viabilidad del uso de las t\u00e9cnicas experimentales y num\u00e9ricas basadas en la respuesta din\u00e1mica, para la detecci\u00f3n y localizaci\u00f3n del da\u00f1o inducido, la cuantificaci\u00f3n del grado de severidad y la predicci\u00f3n de las propiedades mec\u00e1nicas residuales de laminados de material compuesto tras ser sometidos a un impacto a baja velocidad. El trabajo de investigaci\u00f3n comprende un enfoque mixto experimental y num\u00e9rico. Por un lado constituye un riguroso estudio experimental que incluye la evaluaci\u00f3n de la resistencia a impacto, la caracterizaci\u00f3n del da\u00f1o inducido, la cuantificaci\u00f3n de los efectos en la respuesta din\u00e1mica y la evaluaci\u00f3n de la capacidad portante residual. El estudio experimental se completa con un minucioso an\u00e1lisis del efecto inducido por deslaminaciones artificiales en la respuesta din\u00e1mica y en la capacidad portante residual de los laminados. Por otro lado, se ha simulado el fen\u00f3meno estimando principalmente la iniciaci\u00f3n y la propagaci\u00f3n del da\u00f1o interlaminar e igualmente los efectos inducidos en la respuesta din\u00e1mica. En el enfoque num\u00e9rico se trata el material compuesto como un sistema microestructural, en el cual los fallos surgen en la interacci\u00f3n entre los materiales constituyentes. Para reproducir la degradaci\u00f3n se emplea una estrategia de reducci\u00f3n localizada de la rigidez el\u00e1stica del material que no demanda una intervenci\u00f3n durante el preproceso.   los resultados emp\u00edricos aportan conclusiones relevantes en relaci\u00f3n al grado de sensibilidad y a la adecuaci\u00f3n de los diferentes criterios de correlaci\u00f3n modal para la identificaci\u00f3n del da\u00f1o inducido por un impacto. Los nuevos criterios de correlaci\u00f3n definidos y el an\u00e1lisis conjunto de las propiedades est\u00e1ticas y din\u00e1micas residuales, han permitido acotar el intervalo de incertidumbre y reducir la limitaci\u00f3n actual en relaci\u00f3n a la deformaci\u00f3n m\u00e1xima admisible a compresi\u00f3n de los laminados. La herramienta de c\u00e1lculo desarrollada permite simular el comportamiento vibratorio de laminados compuestos definiendo el material y su estado de degradaci\u00f3n en la microescala. Los resultados  corroboran la viabilidad del enfoque microestructural para la simulaci\u00f3n del fen\u00f3meno.<\/p>\n<p>&nbsp;<\/p>\n<h3>Datos acad\u00e9micos de la tesis doctoral \u00ab<strong>Evaluaci\u00f3n del da\u00f1o por impacto en laminados de material compuesto mediante la respuesta din\u00e1mica<\/strong>\u00ab<\/h3>\n<ul>\n<li><strong>T\u00edtulo de la tesis:<\/strong>\u00a0 Evaluaci\u00f3n del da\u00f1o por impacto en laminados de material compuesto mediante la respuesta din\u00e1mica <\/li>\n<li><strong>Autor:<\/strong>\u00a0 Marco Antonio Perez Martinez <\/li>\n<li><strong>Universidad:<\/strong>\u00a0 Polit\u00e9cnica de catalunya<\/li>\n<li><strong>Fecha de lectura de la tesis:<\/strong>\u00a0 06\/02\/2012<\/li>\n<\/ul>\n<p>&nbsp;<\/p>\n<h3>Direcci\u00f3n y tribunal<\/h3>\n<ul>\n<li><strong>Director de la tesis<\/strong>\n<ul>\n<li>LLuis Gil Espert<\/li>\n<\/ul>\n<\/li>\n<li><strong>Tribunal<\/strong>\n<ul>\n<li>Presidente del tribunal: eugenio O\u00f1ate ib\u00e1\u00f1ez de navarra <\/li>\n<li>Antonio  joaquim Mendes ferreira (vocal)<\/li>\n<li>  (vocal)<\/li>\n<li>  (vocal)<\/li>\n<\/ul>\n<\/li>\n<\/ul>\n<p>&nbsp;<\/p>\n","protected":false},"excerpt":{"rendered":"<p>Tesis doctoral de Marco Antonio Perez Martinez Los materiales compuestos laminados ofrecen ventajas determinantes en comparaci\u00f3n con los materiales m\u00e1s [&hellip;]<\/p>\n","protected":false},"author":1,"featured_media":0,"comment_status":"open","ping_status":"open","sticky":false,"template":"","format":"standard","meta":{"site-sidebar-layout":"default","site-content-layout":"","ast-site-content-layout":"","site-content-style":"default","site-sidebar-style":"default","ast-global-header-display":"","ast-banner-title-visibility":"","ast-main-header-display":"","ast-hfb-above-header-display":"","ast-hfb-below-header-display":"","ast-hfb-mobile-header-display":"","site-post-title":"","ast-breadcrumbs-content":"","ast-featured-img":"","footer-sml-layout":"","theme-transparent-header-meta":"","adv-header-id-meta":"","stick-header-meta":"","header-above-stick-meta":"","header-main-stick-meta":"","header-below-stick-meta":"","astra-migrate-meta-layouts":"default","ast-page-background-enabled":"default","ast-page-background-meta":{"desktop":{"background-color":"var(--ast-global-color-4)","background-image":"","background-repeat":"repeat","background-position":"center center","background-size":"auto","background-attachment":"scroll","background-type":"","background-media":"","overlay-type":"","overlay-color":"","overlay-gradient":""},"tablet":{"background-color":"","background-image":"","background-repeat":"repeat","background-position":"center center","background-size":"auto","background-attachment":"scroll","background-type":"","background-media":"","overlay-type":"","overlay-color":"","overlay-gradient":""},"mobile":{"background-color":"","background-image":"","background-repeat":"repeat","background-position":"center center","background-size":"auto","background-attachment":"scroll","background-type":"","background-media":"","overlay-type":"","overlay-color":"","overlay-gradient":""}},"ast-content-background-meta":{"desktop":{"background-color":"var(--ast-global-color-5)","background-image":"","background-repeat":"repeat","background-position":"center center","background-size":"auto","background-attachment":"scroll","background-type":"","background-media":"","overlay-type":"","overlay-color":"","overlay-gradient":""},"tablet":{"background-color":"var(--ast-global-color-5)","background-image":"","background-repeat":"repeat","background-position":"center center","background-size":"auto","background-attachment":"scroll","background-type":"","background-media":"","overlay-type":"","overlay-color":"","overlay-gradient":""},"mobile":{"background-color":"var(--ast-global-color-5)","background-image":"","background-repeat":"repeat","background-position":"center center","background-size":"auto","background-attachment":"scroll","background-type":"","background-media":"","overlay-type":"","overlay-color":"","overlay-gradient":""}},"footnotes":""},"categories":[6240,28680,15596,1678,43172],"tags":[133434,15730,88272,223513],"class_list":["post-112322","post","type-post","status-publish","format-standard","hentry","category-materiales-compuestos","category-mecanica-de-medios-continuos","category-politecnica-de-catalunya","category-resistencia-de-materiales","category-vibraciones","tag-antonio-joaquim-mendes-ferreira","tag-eugenio-onate-ibanez-de-navarra","tag-lluis-gil-espert","tag-marco-antonio-perez-Martinez"],"_links":{"self":[{"href":"https:\/\/www.deberes.net\/tesis\/wp-json\/wp\/v2\/posts\/112322","targetHints":{"allow":["GET"]}}],"collection":[{"href":"https:\/\/www.deberes.net\/tesis\/wp-json\/wp\/v2\/posts"}],"about":[{"href":"https:\/\/www.deberes.net\/tesis\/wp-json\/wp\/v2\/types\/post"}],"author":[{"embeddable":true,"href":"https:\/\/www.deberes.net\/tesis\/wp-json\/wp\/v2\/users\/1"}],"replies":[{"embeddable":true,"href":"https:\/\/www.deberes.net\/tesis\/wp-json\/wp\/v2\/comments?post=112322"}],"version-history":[{"count":0,"href":"https:\/\/www.deberes.net\/tesis\/wp-json\/wp\/v2\/posts\/112322\/revisions"}],"wp:attachment":[{"href":"https:\/\/www.deberes.net\/tesis\/wp-json\/wp\/v2\/media?parent=112322"}],"wp:term":[{"taxonomy":"category","embeddable":true,"href":"https:\/\/www.deberes.net\/tesis\/wp-json\/wp\/v2\/categories?post=112322"},{"taxonomy":"post_tag","embeddable":true,"href":"https:\/\/www.deberes.net\/tesis\/wp-json\/wp\/v2\/tags?post=112322"}],"curies":[{"name":"wp","href":"https:\/\/api.w.org\/{rel}","templated":true}]}}