{"id":112355,"date":"2012-10-02T00:00:00","date_gmt":"2012-10-02T00:00:00","guid":{"rendered":"https:\/\/www.deberes.net\/tesis\/sin-categoria\/la-vida-musical-en-la-ciudad-de-valdivia-chile-desde-sus-ora%c2%adgenes-hasta-la-primera-decada-del-siglo-xxi\/"},"modified":"2012-10-02T00:00:00","modified_gmt":"2012-10-02T00:00:00","slug":"la-vida-musical-en-la-ciudad-de-valdivia-chile-desde-sus-ora%c2%adgenes-hasta-la-primera-decada-del-siglo-xxi","status":"publish","type":"post","link":"https:\/\/www.deberes.net\/tesis\/musica-y-musicologia\/la-vida-musical-en-la-ciudad-de-valdivia-chile-desde-sus-ora%c2%adgenes-hasta-la-primera-decada-del-siglo-xxi\/","title":{"rendered":"La vida musical en la ciudad de valdivia (chile) desde sus or\u00edgenes hasta la primera d\u00e9cada del siglo xxi"},"content":{"rendered":"<h2>Tesis doctoral de <strong> Vladimir Barraza Jeraldo <\/strong><\/h2>\n<p>La vida musical en la ciudad de valdivia (chile) desde sus or\u00edgenes hasta primera d\u00e9cada del siglo xxi  por vladimir barraza, facultad de educaci\u00f3n y trabajo social, departamento de did\u00e1ctica de la expresi\u00f3n musical, pl\u00e1stica y corporal de la universidad de valladolid, espa\u00f1a.              i. Antecedentes  esta tesis es un estudio en profundidad de la m\u00fasica en la ciudad de valdivia, chile, desde mediados del siglo xix hasta la primera d\u00e9cada del siglo xxi. Da una visi\u00f3n descriptiva, anal\u00edtica y sist\u00e9mica, en el contexto hist\u00f3rico de la historia de la vida musical de la ciudad. el estudio de la m\u00fasica y los m\u00fasicos de valdivia atrae el inter\u00e9s acad\u00e9mico, ya que no han sido estudiados despu\u00e9s del golpe de espato en 1973. Es necesario se\u00f1alar que, aunque nos encontramos en los albores de la segunda d\u00e9cada del siglo xxi, la historiograf\u00eda musicol\u00f3gica de valdivia a\u00fan no ha publicado desde la d\u00e9cada de 1970. Este hecho podr\u00eda ser debido a la dificultad de tener acceso a fuentes relacionadas con la historia musical y tambi\u00e9n a la falta de motivaci\u00f3n de los investigadores en esta \u00e1rea. nuestro pasado inmediato est\u00e1 plagado de hechos hist\u00f3ricos-musicales te\u00f1idos por la violencia pol\u00edtica, que ha influido en los m\u00fasicos, los investigadores y la m\u00fasica. La proximidad en el tiempo de algunos de estos hechos y eventos musicales, con el golpe de estado de augusto pinochet en 1973, produce una falta de objetividad porque algunos est\u00e1n de acuerdo y otros en contra del gobierno militar, lo cual produce en general poca imparcialidad de juicio. mi enfoque est\u00e1 centrado en la cultura musical de valdivia desde el momento de la colonizaci\u00f3n alemana en el a\u00f1o 1850 en adelante, continuando hasta 2010. La investigaci\u00f3n de esta tesis, inevitablemente, nos llev\u00f3 a documentar no s\u00f3lo la historia musical de valdivia local, sino tambi\u00e9n su impacto cultural en chile como un todo y espec\u00edficamente de los m\u00fasicos famosos, como guillermo frick, mahler roberto, agust\u00edn cullell y el d\u00fao schwenke &#038; nilo. Adem\u00e1s, el papel de la universidad austral de chile, como una de las instituciones m\u00e1s importantes de la cultura musical de valdivia se ha explorado y se encontr\u00f3 que es un factor innegable en la potencialidad y descentralizaci\u00f3n de la cultura art\u00edstica en el \u00e1mbito de la m\u00fasica chilena, sobre todo en el sur de chile.  ii. Resultados  esta tesis es un estudio en profundidad de la m\u00fasica en la ciudad de valdivia, chile, desde mediados del siglo xix hasta la primera d\u00e9cada del siglo xxi, como ya lo mencionamos.  la m\u00fasica y los m\u00fasicos de valdivia se han estudiado en su conjunto. Cabe se\u00f1alar que a pesar del hecho de que estamos en el siglo xxi, una historiograf\u00eda musicol\u00f3gica valdiviana no se ha hecho. Esto puede haber sido motivada por la dificultad de llegar a las fuentes hist\u00f3ricas, y tambi\u00e9n porque los investigadores que est\u00e1n fuertemente influenciadas por el pasado hist\u00f3rico inmediato, llena de violencia pol\u00edtica en ese per\u00edodo de la historia de chile, que influy\u00f3 en los m\u00fasicos y en los propios investigadores. Se estudi\u00f3 la vida musical en valdivia y el resultado es que la universidad austral de chile, que fue fundada en 1954, y es una de las instituciones m\u00e1s importantes para el cultivo de la m\u00fasica en valdivia, desde esa fecha hasta la actualidad, en el sur de chile. Y, por supuesto, incluyendo a guillermo frick (1813-1905), roberto mahler (1860-1911) como un activo m\u00fasicos, entre 1850-1905 la primera y la segunda en 1953-1928. uno de los principales objetivos de esta investigaci\u00f3n es buscar tanto en el pasado musical m\u00e1s distantes, es decir, desde 1552, fecha de la fundaci\u00f3n de la ciudad por el espa\u00f1ol pedro de valdivia, considerado por los historiadores como el conquistador de chile. A pesar de la falta de fuentes relacionadas con la m\u00fasica de la colonia, hay 19 canciones del misionero espa\u00f1ol jesuita bernardo havestadt en su libro de chilid\u00fag\u00fa escrito en mapudungun (1777), que contiene 19 canciones que fueron utilizados como la catequesis en la araucan\u00eda. Hay estudios realizados por historiadores y music\u00f3logos dedicados a los chilenos. describimos y analizamos la m\u00fasica de mediados del siglo xix y la primera d\u00e9cada del xxi, en t\u00e9rminos hist\u00f3rico-diacr\u00f3nico de valdivia, es decir, a partir de la colonizaci\u00f3n alemana de 1850 en adelante, y continuado hasta 1970 y m\u00e1s all\u00e1. la preparaci\u00f3n de esta tesis nos llev\u00f3 a la idea de describir un micro historia de la vida musical, ya que abarca no s\u00f3lo la ciudad de valdivia, sino que se relaciona con un fuerte v\u00ednculo con el pa\u00eds, chile, adem\u00e1s de la especial importancia para la construcci\u00f3n de biograf\u00edas de grandes m\u00fasicos como guillermo frick, mahler roberto y el d\u00fao schwenke &#038; nilo. Adem\u00e1s, la universidad austral de chile, como una de las instituciones m\u00e1s importantes para el cultivo de la m\u00fasica en valdivia, ha sido un medio a nivel nacional e internacional indiscutible para as\u00ed llamado canto nuevo  iii. Conclusiones llegamos a la conclusi\u00f3n de que la universidad austral de chile (uach), vuya campus central est\u00e1 en la ciudad de valdivia, chile, ha sido la instituci\u00f3n que ha fortalecido la vida musical desde su fundaci\u00f3n en el a\u00f1o 1954 en adelante, a trav\u00e9s de la m\u00fasica cl\u00e1sica, folk y popular, adem\u00e1s de la formaci\u00f3n de int\u00e9rpretes musicales y pedagogos en educaci\u00f3n musical y para la promoci\u00f3n de la investigaci\u00f3n musicol\u00f3gica emergente. Esperamos que con esta investigaci\u00f3n, descriptiva y anal\u00edtica en la medida de lo posible, se pueda hacer una contribuci\u00f3n a la ciencia de la musicolog\u00eda en lo que respecta a la revisi\u00f3n musicol\u00f3gica hist\u00f3rica, del estudio de la vida musical en valdivia, para chile, la comunidad latinoamericana y, por supuesto espa\u00f1a.<\/p>\n<p>&nbsp;<\/p>\n<h3>Datos acad\u00e9micos de la tesis doctoral \u00ab<strong>La vida musical en la ciudad de valdivia (chile) desde sus or\u00edgenes hasta la primera d\u00e9cada del siglo xxi<\/strong>\u00ab<\/h3>\n<ul>\n<li><strong>T\u00edtulo de la tesis:<\/strong>\u00a0 La vida musical en la ciudad de valdivia (chile) desde sus or\u00edgenes hasta la primera d\u00e9cada del siglo xxi <\/li>\n<li><strong>Autor:<\/strong>\u00a0 Vladimir Barraza Jeraldo <\/li>\n<li><strong>Universidad:<\/strong>\u00a0 Valladolid<\/li>\n<li><strong>Fecha de lectura de la tesis:<\/strong>\u00a0 10\/02\/2012<\/li>\n<\/ul>\n<p>&nbsp;<\/p>\n<h3>Direcci\u00f3n y tribunal<\/h3>\n<ul>\n<li><strong>Director de la tesis<\/strong>\n<ul>\n<li>Jos\u00e9 Ignacio Palacios Sanz<\/li>\n<\/ul>\n<\/li>\n<li><strong>Tribunal<\/strong>\n<ul>\n<li>Presidente del tribunal: Jes\u00fas Varela marcos <\/li>\n<li>julio cesar Mendivil  trelles (vocal)<\/li>\n<li>ramon Sobrino sanchez (vocal)<\/li>\n<li>alfonso Antonio Padilla silva (vocal)<\/li>\n<\/ul>\n<\/li>\n<\/ul>\n<p>&nbsp;<\/p>\n","protected":false},"excerpt":{"rendered":"<p>Tesis doctoral de Vladimir Barraza Jeraldo La vida musical en la ciudad de valdivia (chile) desde sus or\u00edgenes hasta primera [&hellip;]<\/p>\n","protected":false},"author":1,"featured_media":0,"comment_status":"open","ping_status":"open","sticky":false,"template":"","format":"standard","meta":{"site-sidebar-layout":"default","site-content-layout":"","ast-site-content-layout":"","site-content-style":"default","site-sidebar-style":"default","ast-global-header-display":"","ast-banner-title-visibility":"","ast-main-header-display":"","ast-hfb-above-header-display":"","ast-hfb-below-header-display":"","ast-hfb-mobile-header-display":"","site-post-title":"","ast-breadcrumbs-content":"","ast-featured-img":"","footer-sml-layout":"","theme-transparent-header-meta":"","adv-header-id-meta":"","stick-header-meta":"","header-above-stick-meta":"","header-main-stick-meta":"","header-below-stick-meta":"","astra-migrate-meta-layouts":"default","ast-page-background-enabled":"default","ast-page-background-meta":{"desktop":{"background-color":"var(--ast-global-color-4)","background-image":"","background-repeat":"repeat","background-position":"center center","background-size":"auto","background-attachment":"scroll","background-type":"","background-media":"","overlay-type":"","overlay-color":"","overlay-gradient":""},"tablet":{"background-color":"","background-image":"","background-repeat":"repeat","background-position":"center center","background-size":"auto","background-attachment":"scroll","background-type":"","background-media":"","overlay-type":"","overlay-color":"","overlay-gradient":""},"mobile":{"background-color":"","background-image":"","background-repeat":"repeat","background-position":"center center","background-size":"auto","background-attachment":"scroll","background-type":"","background-media":"","overlay-type":"","overlay-color":"","overlay-gradient":""}},"ast-content-background-meta":{"desktop":{"background-color":"var(--ast-global-color-5)","background-image":"","background-repeat":"repeat","background-position":"center center","background-size":"auto","background-attachment":"scroll","background-type":"","background-media":"","overlay-type":"","overlay-color":"","overlay-gradient":""},"tablet":{"background-color":"var(--ast-global-color-5)","background-image":"","background-repeat":"repeat","background-position":"center center","background-size":"auto","background-attachment":"scroll","background-type":"","background-media":"","overlay-type":"","overlay-color":"","overlay-gradient":""},"mobile":{"background-color":"var(--ast-global-color-5)","background-image":"","background-repeat":"repeat","background-position":"center center","background-size":"auto","background-attachment":"scroll","background-type":"","background-media":"","overlay-type":"","overlay-color":"","overlay-gradient":""}},"footnotes":""},"categories":[9132,12451],"tags":[223566,27962,49182,223565,13805,223564],"class_list":["post-112355","post","type-post","status-publish","format-standard","hentry","category-musica-y-musicologia","category-valladolid","tag-alfonso-antonio-padilla-silva","tag-jesus-varela-marcos","tag-jose-ignacio-palacios-sanz","tag-julio-cesar-mendivil-trelles","tag-ramon-sobrino-sanchez","tag-vladimir-barraza-jeraldo"],"_links":{"self":[{"href":"https:\/\/www.deberes.net\/tesis\/wp-json\/wp\/v2\/posts\/112355","targetHints":{"allow":["GET"]}}],"collection":[{"href":"https:\/\/www.deberes.net\/tesis\/wp-json\/wp\/v2\/posts"}],"about":[{"href":"https:\/\/www.deberes.net\/tesis\/wp-json\/wp\/v2\/types\/post"}],"author":[{"embeddable":true,"href":"https:\/\/www.deberes.net\/tesis\/wp-json\/wp\/v2\/users\/1"}],"replies":[{"embeddable":true,"href":"https:\/\/www.deberes.net\/tesis\/wp-json\/wp\/v2\/comments?post=112355"}],"version-history":[{"count":0,"href":"https:\/\/www.deberes.net\/tesis\/wp-json\/wp\/v2\/posts\/112355\/revisions"}],"wp:attachment":[{"href":"https:\/\/www.deberes.net\/tesis\/wp-json\/wp\/v2\/media?parent=112355"}],"wp:term":[{"taxonomy":"category","embeddable":true,"href":"https:\/\/www.deberes.net\/tesis\/wp-json\/wp\/v2\/categories?post=112355"},{"taxonomy":"post_tag","embeddable":true,"href":"https:\/\/www.deberes.net\/tesis\/wp-json\/wp\/v2\/tags?post=112355"}],"curies":[{"name":"wp","href":"https:\/\/api.w.org\/{rel}","templated":true}]}}