{"id":112356,"date":"2012-11-02T00:00:00","date_gmt":"2012-11-02T00:00:00","guid":{"rendered":"https:\/\/www.deberes.net\/tesis\/sin-categoria\/marine-aerosols-their-precursors-and-their-influence-on-clouds-over-the-global-ocean\/"},"modified":"2012-11-02T00:00:00","modified_gmt":"2012-11-02T00:00:00","slug":"marine-aerosols-their-precursors-and-their-influence-on-clouds-over-the-global-ocean","status":"publish","type":"post","link":"https:\/\/www.deberes.net\/tesis\/oceanografia\/marine-aerosols-their-precursors-and-their-influence-on-clouds-over-the-global-ocean\/","title":{"rendered":"Marine aerosols, their precursors and their influence on clouds over the global ocean"},"content":{"rendered":"<h2>Tesis doctoral de <strong> Mar\u00eda Ar\u00e1nzazu Lana Celaya <\/strong><\/h2>\n<p>Los aerosoles marinos tienen un gran potencial para influir en el clima de la tierra a trav\u00e9s de sus efectos en las propiedades de las nubes. La hip\u00f3tesis de claw va m\u00e1s all\u00e1 y sugiere que los aerosoles marinos formados por el ciclo del azufre en oc\u00e9anos y atm\u00f3sfera act\u00faan como un mecanismo para la regulaci\u00f3n del clima de la tierra. Este efecto se produce a trav\u00e9s de la influencia de las emisiones de plancton de compuestos de azufre en la formaci\u00f3n de nubes. El fitoplancton produce sulfuro de dimetilo (dms), un compuesto de azufre altamente vol\u00e1til. Una vez en la atm\u00f3sfera, el dms se oxida y se convierte en la principal fuente de sulfatos naturales atmosf\u00e9ricos. Estos sulfatos act\u00faan como n\u00facleos de condensaci\u00f3n, part\u00edculas esenciales para la formaci\u00f3n de nubes. Estas part\u00edculas presentes en la atm\u00f3sfera marina juegan un papel importante en el ciclo radiativo de la tierra. Indirectamente, producen una mayor cantidad de gotas de las nubes. Mayor n\u00famero de n\u00facleos de condensaci\u00f3n en las nubes implica gotas de nubes m\u00e1s peque\u00f1as. La eficacia de las peque\u00f1as gotas en reflejar la radiaci\u00f3n solar incidente es mayor, lo que resulta en un aumento del albedo de las nubes, produciendo un efecto de enfriamiento en la superficie de la tierra.Para estudiar adecuadamente los aerosoles marinos necesitamos tener un correcto conocimiento de la distribuci\u00f3n oce\u00e1nica global de los precursores de aerosoles. Nuestro trabajo se ha centrado en las emisiones del oc\u00e9ano a la atm\u00f3sfera de dms y otros gases biog\u00e9nicos que puede tener un impacto en la microf\u00edsica de nubes. Durante la tesis se ha actualizado la climalolog\u00eda mensual global de dms,aprovechando el aumento en tres veces del n\u00famero de observaciones y una mejor distribuci\u00f3n global de las mismas, en la base de datos de dms. Los patrones emergentes encontrados con las versiones anteriores de la base de datos y de la climatolog\u00eda se han re-evaluado con la versi\u00f3n actualizada. Las relaciones estad\u00edsticas encontradas entre la evoluci\u00f3n temporal de las concentraciones de dms y las dosis de radiaci\u00f3n solar y concentraciones de clorofila han sido re-examinadas. Los an\u00e1lisis de nueve a\u00f1os de datos de sat\u00e9lite sugieren que existe una correlaci\u00f3n inversa entre la cubierta espacial de nubes marinas bajas y el tama\u00f1o de las gotas de nubes, relacionado con la presencia de aerosoles peque\u00f1os. Esta estacionalidad acoplada conduce al albedo de las nubes a contribuir a un forzamiento radiativo negativo superior en verano, y m\u00e1s bajo en invierno. Esta relaci\u00f3n se interrumpe en las regiones de la atm\u00f3sfera marina con un alto impacto de los aerosoles antropog\u00e9nicos. En consecuencia, la posible influencia de los precursores de aerosoles marinos en las nubes se ha analizado en una atm\u00f3sfera marina limpia y contaminada, por separado. Los 9 a\u00f1os de datos satelitales globales y climatolog\u00edas oce\u00e1nicas se han utilizado para derivar las parametrizaciones de los flujos de producci\u00f3n de aerosoles secundarios, formados por la oxidaci\u00f3n de dms, y otros compuestos vol\u00e1tiles org\u00e1nicos biog\u00e9nicos. Adem\u00e1s, los flujos de emisiones biog\u00e9nicas de aerosoles primarios org\u00e1nicos y aerosoles de sal marina expulsados por acci\u00f3n del viento sobre la superficie del mar se ha estudiado tambi\u00e9n a nivel global. Las series semanales de las estimaciones de estos flujos se han correlacionado con las series temporales de los radios de las gotas de nubes. El resultado de los an\u00e1lisis estad\u00edsticos ha indicado que el azufre org\u00e1nico y otros aerosoles secundarios pueden ser importantes en la nucleaci\u00f3n y la activaci\u00f3n de sus gotas sobre las regiones oce\u00e1nicas no contaminadas en latitudes medias y altas. Por el contrario, aerosoles primarios (org\u00e1nico y la sal del mar) han mostrado que, a pesar de que contribuyen a una gran proporci\u00f3n de la masa de aerosol marino, no parecen ser los principales motores de la variabilidad de la microf\u00edsica de nubes. Con ello nuestros resultados proporcionan un apoyo parcial a la viabilidad de la hip\u00f3tesis de claw.<\/p>\n<p>&nbsp;<\/p>\n<h3>Datos acad\u00e9micos de la tesis doctoral \u00ab<strong>Marine aerosols, their precursors and their influence on clouds over the global ocean<\/strong>\u00ab<\/h3>\n<ul>\n<li><strong>T\u00edtulo de la tesis:<\/strong>\u00a0 Marine aerosols, their precursors and their influence on clouds over the global ocean <\/li>\n<li><strong>Autor:<\/strong>\u00a0 Mar\u00eda Ar\u00e1nzazu Lana Celaya <\/li>\n<li><strong>Universidad:<\/strong>\u00a0 Polit\u00e9cnica de catalunya<\/li>\n<li><strong>Fecha de lectura de la tesis:<\/strong>\u00a0 11\/02\/2012<\/li>\n<\/ul>\n<p>&nbsp;<\/p>\n<h3>Direcci\u00f3n y tribunal<\/h3>\n<ul>\n<li><strong>Director de la tesis<\/strong>\n<ul>\n<li>Rafel Sim\u00f3 Martorell<\/li>\n<\/ul>\n<\/li>\n<li><strong>Tribunal<\/strong>\n<ul>\n<li>Presidente del tribunal: alfonso Saiz l\u00f3pez <\/li>\n<li>peter s. Liss (vocal)<\/li>\n<li>  (vocal)<\/li>\n<li>  (vocal)<\/li>\n<\/ul>\n<\/li>\n<\/ul>\n<p>&nbsp;<\/p>\n","protected":false},"excerpt":{"rendered":"<p>Tesis doctoral de Mar\u00eda Ar\u00e1nzazu Lana Celaya Los aerosoles marinos tienen un gran potencial para influir en el clima de [&hellip;]<\/p>\n","protected":false},"author":1,"featured_media":0,"comment_status":"open","ping_status":"open","sticky":false,"template":"","format":"standard","meta":{"site-sidebar-layout":"default","site-content-layout":"","ast-site-content-layout":"","site-content-style":"default","site-sidebar-style":"default","ast-global-header-display":"","ast-banner-title-visibility":"","ast-main-header-display":"","ast-hfb-above-header-display":"","ast-hfb-below-header-display":"","ast-hfb-mobile-header-display":"","site-post-title":"","ast-breadcrumbs-content":"","ast-featured-img":"","footer-sml-layout":"","theme-transparent-header-meta":"","adv-header-id-meta":"","stick-header-meta":"","header-above-stick-meta":"","header-main-stick-meta":"","header-below-stick-meta":"","astra-migrate-meta-layouts":"default","ast-page-background-enabled":"default","ast-page-background-meta":{"desktop":{"background-color":"var(--ast-global-color-4)","background-image":"","background-repeat":"repeat","background-position":"center center","background-size":"auto","background-attachment":"scroll","background-type":"","background-media":"","overlay-type":"","overlay-color":"","overlay-gradient":""},"tablet":{"background-color":"","background-image":"","background-repeat":"repeat","background-position":"center center","background-size":"auto","background-attachment":"scroll","background-type":"","background-media":"","overlay-type":"","overlay-color":"","overlay-gradient":""},"mobile":{"background-color":"","background-image":"","background-repeat":"repeat","background-position":"center center","background-size":"auto","background-attachment":"scroll","background-type":"","background-media":"","overlay-type":"","overlay-color":"","overlay-gradient":""}},"ast-content-background-meta":{"desktop":{"background-color":"var(--ast-global-color-5)","background-image":"","background-repeat":"repeat","background-position":"center center","background-size":"auto","background-attachment":"scroll","background-type":"","background-media":"","overlay-type":"","overlay-color":"","overlay-gradient":""},"tablet":{"background-color":"var(--ast-global-color-5)","background-image":"","background-repeat":"repeat","background-position":"center center","background-size":"auto","background-attachment":"scroll","background-type":"","background-media":"","overlay-type":"","overlay-color":"","overlay-gradient":""},"mobile":{"background-color":"var(--ast-global-color-5)","background-image":"","background-repeat":"repeat","background-position":"center center","background-size":"auto","background-attachment":"scroll","background-type":"","background-media":"","overlay-type":"","overlay-color":"","overlay-gradient":""}},"footnotes":""},"categories":[138406,228,1876,15596],"tags":[218708,223567,223568,217006],"class_list":["post-112356","post","type-post","status-publish","format-standard","hentry","category-interacciones-mar-aire","category-oceanografia","category-oceanografia-fisica","category-politecnica-de-catalunya","tag-alfonso-saiz-lopez","tag-maria-aranzazu-lana-celaya","tag-peter-s-liss","tag-rafel-simo-martorell"],"_links":{"self":[{"href":"https:\/\/www.deberes.net\/tesis\/wp-json\/wp\/v2\/posts\/112356","targetHints":{"allow":["GET"]}}],"collection":[{"href":"https:\/\/www.deberes.net\/tesis\/wp-json\/wp\/v2\/posts"}],"about":[{"href":"https:\/\/www.deberes.net\/tesis\/wp-json\/wp\/v2\/types\/post"}],"author":[{"embeddable":true,"href":"https:\/\/www.deberes.net\/tesis\/wp-json\/wp\/v2\/users\/1"}],"replies":[{"embeddable":true,"href":"https:\/\/www.deberes.net\/tesis\/wp-json\/wp\/v2\/comments?post=112356"}],"version-history":[{"count":0,"href":"https:\/\/www.deberes.net\/tesis\/wp-json\/wp\/v2\/posts\/112356\/revisions"}],"wp:attachment":[{"href":"https:\/\/www.deberes.net\/tesis\/wp-json\/wp\/v2\/media?parent=112356"}],"wp:term":[{"taxonomy":"category","embeddable":true,"href":"https:\/\/www.deberes.net\/tesis\/wp-json\/wp\/v2\/categories?post=112356"},{"taxonomy":"post_tag","embeddable":true,"href":"https:\/\/www.deberes.net\/tesis\/wp-json\/wp\/v2\/tags?post=112356"}],"curies":[{"name":"wp","href":"https:\/\/api.w.org\/{rel}","templated":true}]}}