{"id":112434,"date":"2018-03-11T10:39:25","date_gmt":"2018-03-11T10:39:25","guid":{"rendered":"https:\/\/www.deberes.net\/tesis\/sin-categoria\/el-espacio-urbano-moderno-el-conjunto-tequendama-bavaria-bogota-1950-1982\/"},"modified":"2018-03-11T10:39:25","modified_gmt":"2018-03-11T10:39:25","slug":"el-espacio-urbano-moderno-el-conjunto-tequendama-bavaria-bogota-1950-1982","status":"publish","type":"post","link":"https:\/\/www.deberes.net\/tesis\/arquitectura\/el-espacio-urbano-moderno-el-conjunto-tequendama-bavaria-bogota-1950-1982\/","title":{"rendered":"El espacio urbano moderno. el conjunto tequendama-bavaria. bogot\u00e1, 1950-1982"},"content":{"rendered":"<h2>Tesis doctoral de <strong> Mar\u00eda  Pia Fontana <\/strong><\/h2>\n<p>Segregaci\u00f3n, discontinuidad, incompatibilidad son palabras que bien describen muchos espacios urbanos que han sido proyectados a partir de unos planteamientos mal enfocados de la modernidad arquitect\u00f3nica, donde se ha confundido la autonom\u00eda del edificio con su segregaci\u00f3n, la relaci\u00f3n entre las partes con la discontinuidad del tejido, y la separaci\u00f3n entre los elementos con su incompatibilidad: las consecuencias han sido nefastas para la ciudad. Sin embargo si el edificio se plantea como una unidad entre espacio construido y espacio libre, se puede entender la problem\u00e1tica del proyecto del espacio urbano a partir de soluciones de integraci\u00f3n, relaci\u00f3n y compatibilidad entre edificio y ciudad, entre interior y exterior, entre espacio construido y espacio libre, etc. para ejemplificar esta problem\u00e1tica proponemos el estudio de  un conjunto urbano realizado entre 1950 y 1982, ubicado en una zona pr\u00f3xima al centro tradicional de la ciudad de bogot\u00e1, en el \u00e1rea de san diego, y que denominamos conjunto tequendama-bavaria (n\u00facleo del centro internacional de bogot\u00e1): un centro moderno proyectado por diferentes equipos de arquitectos (holabird-root-burgee; cuellar-serrano\u00c2\u00bfg\u00f3mez; obreg\u00f3n-valenzuela\/pizano-pradilla-caro), en un arco temporal de m\u00e1s de treinta a\u00f1os y con un complejo proceso de gesti\u00f3n, materializado a trav\u00e9s de un modus operandi basado en la compatibilizaci\u00f3n entre partes, edificios y conjuntos, y cuyo resultado ha sido un centro urbano unitario, caracterizado por ser un \u00c2\u00bfespacio urbano humanizado\u00c2\u00bf en el que se desarrolla una intensa vida social entre los edificios, tal como reclamaba jan gehl en 1971, y que da respuesta tambi\u00e9n, a lo que de la misma manera rowe y koetter en 1970, defin\u00edan como \u00c2\u00bfla perdida de relaci\u00f3n entre las partes de la ciudad\u00c2\u00bf. el enfoque de estudio del conjunto parte de tres cuestiones principales: el edificio ; la relaci\u00f3n entre edificios (relaciones volum\u00e9tricas y entre plantas bajas) y el conjunto de edificios, que conforman un centro urbano. La respuesta a estas cuestiones se resume en las diferentes soluciones proyectuales de compatibilidad e integraci\u00f3n a diferentes escalas, a partir de tres preguntas b\u00e1sicas: \u00c2\u00bfcu\u00e1les son los criterios formales y las soluciones arquitect\u00f3nicas adoptadas en el dise\u00f1o de cada edificio del conjunto? \u00c2\u00bfcu\u00e1les son las soluciones que configuran entre los diferentes edificios relaciones de continuidad, permeabilidad y compatibilidad urbana, entre espacios construidos y espacio libres? Y finalmente, a mayor escala \u00c2\u00bfqu\u00e9 tipo de estructura urbana, entre los edificios y respecto a la ciudad, es la que garantiza el sentido aglutinador de un conjunto de edificios como centro?  el conjunto tequendama-bavaria propone una soluci\u00f3n al dilema del edificio exento a trav\u00e9s de su doble condici\u00f3n, como ocupante de espacio y definidor espacial abordando: 1. Los aspectos individuales de los edificios, centr\u00e1ndonos en la combinaci\u00f3n de concesiones locales con declaraciones de independencia, hecho que nos remite al estudio y reconocimiento del tipo edificatorio \u00c2\u00bfen sus variantes- y sus respectivas repercusiones urbanas. 2. Las relaciones que amalgaman los edificios, es decir el c\u00f3mo los edificios configuran entre ellos relaciones espaciales, formales y visuales entre objeto y espacio, s\u00f3lido-vac\u00edo, a trav\u00e9s de diferentes soluciones proyectuales. 3. El problema del centro, donde destacaremos que un conjunto se puede considerar un centro cuando adem\u00e1s de ser un importante recept\u00e1culo estructurado por edificios, nos aproxima a las posibilidades de crear polos o focos y por tanto confluencias. un centro urbano moderno proyectado y construido a partir de soluciones de integraci\u00f3n y de compatibilidad visual y espacial, soluciones de mediaci\u00f3n urbana y arquitect\u00f3nica que le otorgan al proyecto condiciones b\u00e1sicas de habitabilidad urbana.<\/p>\n<p>&nbsp;<\/p>\n<h3>Datos acad\u00e9micos de la tesis doctoral \u00ab<strong>El espacio urbano moderno. el conjunto tequendama-bavaria. bogot\u00e1, 1950-1982<\/strong>\u00ab<\/h3>\n<ul>\n<li><strong>T\u00edtulo de la tesis:<\/strong>\u00a0 El espacio urbano moderno. el conjunto tequendama-bavaria. bogot\u00e1, 1950-1982 <\/li>\n<li><strong>Autor:<\/strong>\u00a0 Mar\u00eda  Pia Fontana <\/li>\n<li><strong>Universidad:<\/strong>\u00a0 Polit\u00e9cnica de catalunya<\/li>\n<li><strong>Fecha de lectura de la tesis:<\/strong>\u00a0 29\/02\/2012<\/li>\n<\/ul>\n<p>&nbsp;<\/p>\n<h3>Direcci\u00f3n y tribunal<\/h3>\n<ul>\n<li><strong>Director de la tesis<\/strong>\n<ul>\n<li>Heliodoro Pi\u00f1\u00f3n Pallar\u00e9s<\/li>\n<\/ul>\n<\/li>\n<li><strong>Tribunal<\/strong>\n<ul>\n<li>Presidente del tribunal: joaquim Espa\u00f1ol  llorens <\/li>\n<li>Carlos Labarta aizp\u00fan (vocal)<\/li>\n<li>Jos\u00e9 Mar\u00eda Ezquiaga dom\u00ednguez (vocal)<\/li>\n<li>Jos\u00e9 Fuses comalada (vocal)<\/li>\n<\/ul>\n<\/li>\n<\/ul>\n<p>&nbsp;<\/p>\n","protected":false},"excerpt":{"rendered":"<p>Tesis doctoral de Mar\u00eda Pia Fontana Segregaci\u00f3n, discontinuidad, incompatibilidad son palabras que bien describen muchos espacios urbanos que han sido [&hellip;]<\/p>\n","protected":false},"author":1,"featured_media":0,"comment_status":"open","ping_status":"open","sticky":false,"template":"","format":"standard","meta":{"site-sidebar-layout":"default","site-content-layout":"","ast-site-content-layout":"","site-content-style":"default","site-sidebar-style":"default","ast-global-header-display":"","ast-banner-title-visibility":"","ast-main-header-display":"","ast-hfb-above-header-display":"","ast-hfb-below-header-display":"","ast-hfb-mobile-header-display":"","site-post-title":"","ast-breadcrumbs-content":"","ast-featured-img":"","footer-sml-layout":"","theme-transparent-header-meta":"","adv-header-id-meta":"","stick-header-meta":"","header-above-stick-meta":"","header-main-stick-meta":"","header-below-stick-meta":"","astra-migrate-meta-layouts":"default","ast-page-background-enabled":"default","ast-page-background-meta":{"desktop":{"background-color":"var(--ast-global-color-4)","background-image":"","background-repeat":"repeat","background-position":"center center","background-size":"auto","background-attachment":"scroll","background-type":"","background-media":"","overlay-type":"","overlay-color":"","overlay-gradient":""},"tablet":{"background-color":"","background-image":"","background-repeat":"repeat","background-position":"center center","background-size":"auto","background-attachment":"scroll","background-type":"","background-media":"","overlay-type":"","overlay-color":"","overlay-gradient":""},"mobile":{"background-color":"","background-image":"","background-repeat":"repeat","background-position":"center center","background-size":"auto","background-attachment":"scroll","background-type":"","background-media":"","overlay-type":"","overlay-color":"","overlay-gradient":""}},"ast-content-background-meta":{"desktop":{"background-color":"var(--ast-global-color-5)","background-image":"","background-repeat":"repeat","background-position":"center center","background-size":"auto","background-attachment":"scroll","background-type":"","background-media":"","overlay-type":"","overlay-color":"","overlay-gradient":""},"tablet":{"background-color":"var(--ast-global-color-5)","background-image":"","background-repeat":"repeat","background-position":"center center","background-size":"auto","background-attachment":"scroll","background-type":"","background-media":"","overlay-type":"","overlay-color":"","overlay-gradient":""},"mobile":{"background-color":"var(--ast-global-color-5)","background-image":"","background-repeat":"repeat","background-position":"center center","background-size":"auto","background-attachment":"scroll","background-type":"","background-media":"","overlay-type":"","overlay-color":"","overlay-gradient":""}},"footnotes":""},"categories":[4509,15596],"tags":[53201,15632,86311,222503,17830,223685],"class_list":["post-112434","post","type-post","status-publish","format-standard","hentry","category-arquitectura","category-politecnica-de-catalunya","tag-carlos-labarta-aizpun","tag-heliodoro-pinon-pallares","tag-joaquim-espanol-llorens","tag-jose-fuses-comalada","tag-jose-maria-ezquiaga-dominguez","tag-maria-pia-fontana"],"_links":{"self":[{"href":"https:\/\/www.deberes.net\/tesis\/wp-json\/wp\/v2\/posts\/112434","targetHints":{"allow":["GET"]}}],"collection":[{"href":"https:\/\/www.deberes.net\/tesis\/wp-json\/wp\/v2\/posts"}],"about":[{"href":"https:\/\/www.deberes.net\/tesis\/wp-json\/wp\/v2\/types\/post"}],"author":[{"embeddable":true,"href":"https:\/\/www.deberes.net\/tesis\/wp-json\/wp\/v2\/users\/1"}],"replies":[{"embeddable":true,"href":"https:\/\/www.deberes.net\/tesis\/wp-json\/wp\/v2\/comments?post=112434"}],"version-history":[{"count":0,"href":"https:\/\/www.deberes.net\/tesis\/wp-json\/wp\/v2\/posts\/112434\/revisions"}],"wp:attachment":[{"href":"https:\/\/www.deberes.net\/tesis\/wp-json\/wp\/v2\/media?parent=112434"}],"wp:term":[{"taxonomy":"category","embeddable":true,"href":"https:\/\/www.deberes.net\/tesis\/wp-json\/wp\/v2\/categories?post=112434"},{"taxonomy":"post_tag","embeddable":true,"href":"https:\/\/www.deberes.net\/tesis\/wp-json\/wp\/v2\/tags?post=112434"}],"curies":[{"name":"wp","href":"https:\/\/api.w.org\/{rel}","templated":true}]}}