{"id":112439,"date":"2012-01-03T00:00:00","date_gmt":"2012-01-03T00:00:00","guid":{"rendered":"https:\/\/www.deberes.net\/tesis\/sin-categoria\/mineria-riqueza-y-arquitectura-en-las-casas-de-morada-de-cajamarca-peru-siglos-xvii-xxi\/"},"modified":"2012-01-03T00:00:00","modified_gmt":"2012-01-03T00:00:00","slug":"mineria-riqueza-y-arquitectura-en-las-casas-de-morada-de-cajamarca-peru-siglos-xvii-xxi","status":"publish","type":"post","link":"https:\/\/www.deberes.net\/tesis\/historia-regional\/mineria-riqueza-y-arquitectura-en-las-casas-de-morada-de-cajamarca-peru-siglos-xvii-xxi\/","title":{"rendered":"Miner\u00eda, riqueza y arquitectura en las casas de morada de cajamarca (per\u00fa), siglos xvii-xxi"},"content":{"rendered":"<h2>Tesis doctoral de <strong> Adriana Scaletti C\u00e1rdenas <\/strong><\/h2>\n<p>La investigaci\u00f3n se ocupa de la numerosa arquitectura dom\u00e9stica tradicional en la ciudad de cajamarca, en los andes del norte del per\u00fa.  El tejido urbano est\u00e1 marcado por la presencia importantes de casas, grandes y peque\u00f1as, de valor patrimonial, y marcadas por grandes portadas de piedras. La arquitectura civil de la regi\u00f3n cajamarquina ha sido apenas vista, en comparaci\u00f3n con la m\u00e1s trabajada arquitectura religiosa, y su desarrollo ha resultado \u00edntimamente ligado -para bien y para mal- con los dos grandes booms mineros de la regi\u00f3n: hualgayoc en el s. Xviii y yanacocha ahora en el xxi. Se ha creado por primera vez un cat\u00e1logo completo de los edificios declarados patrimoniales, y -tambi\u00e9n por primera vez- se ha peinado el archivo regional para obtener noticias de registros de f\u00e1brica, compra-venta, testamentos e inventarios que completen la imagen de la vida dom\u00e9stica que s\u00f3lo se puede intuir en el trabajo de campo.<\/p>\n<p>&nbsp;<\/p>\n<h3>Datos acad\u00e9micos de la tesis doctoral \u00ab<strong>Miner\u00eda, riqueza y arquitectura en las casas de morada de cajamarca (per\u00fa), siglos xvii-xxi<\/strong>\u00ab<\/h3>\n<ul>\n<li><strong>T\u00edtulo de la tesis:<\/strong>\u00a0 Miner\u00eda, riqueza y arquitectura en las casas de morada de cajamarca (per\u00fa), siglos xvii-xxi <\/li>\n<li><strong>Autor:<\/strong>\u00a0 Adriana Scaletti C\u00e1rdenas <\/li>\n<li><strong>Universidad:<\/strong>\u00a0 Pablo de olavide<\/li>\n<li><strong>Fecha de lectura de la tesis:<\/strong>\u00a0 01\/03\/2012<\/li>\n<\/ul>\n<p>&nbsp;<\/p>\n<h3>Direcci\u00f3n y tribunal<\/h3>\n<ul>\n<li><strong>Director de la tesis<\/strong>\n<ul>\n<li>Francisco Ollero Lobato<\/li>\n<\/ul>\n<\/li>\n<li><strong>Tribunal<\/strong>\n<ul>\n<li>Presidente del tribunal: arsenio Moreno mendoza <\/li>\n<li>Juan  m. Monterroso montero (vocal)<\/li>\n<li>m. mar Loren m\u00e9ndez (vocal)<\/li>\n<li>Fernando Vela coss\u00edo (vocal)<\/li>\n<\/ul>\n<\/li>\n<\/ul>\n<p>&nbsp;<\/p>\n","protected":false},"excerpt":{"rendered":"<p>Tesis doctoral de Adriana Scaletti C\u00e1rdenas La investigaci\u00f3n se ocupa de la numerosa arquitectura dom\u00e9stica tradicional en la ciudad de [&hellip;]<\/p>\n","protected":false},"author":1,"featured_media":0,"comment_status":"open","ping_status":"open","sticky":false,"template":"","format":"standard","meta":{"site-sidebar-layout":"default","site-content-layout":"","ast-site-content-layout":"","site-content-style":"default","site-sidebar-style":"default","ast-global-header-display":"","ast-banner-title-visibility":"","ast-main-header-display":"","ast-hfb-above-header-display":"","ast-hfb-below-header-display":"","ast-hfb-mobile-header-display":"","site-post-title":"","ast-breadcrumbs-content":"","ast-featured-img":"","footer-sml-layout":"","theme-transparent-header-meta":"","adv-header-id-meta":"","stick-header-meta":"","header-above-stick-meta":"","header-main-stick-meta":"","header-below-stick-meta":"","astra-migrate-meta-layouts":"default","ast-page-background-enabled":"default","ast-page-background-meta":{"desktop":{"background-color":"var(--ast-global-color-4)","background-image":"","background-repeat":"repeat","background-position":"center center","background-size":"auto","background-attachment":"scroll","background-type":"","background-media":"","overlay-type":"","overlay-color":"","overlay-gradient":""},"tablet":{"background-color":"","background-image":"","background-repeat":"repeat","background-position":"center center","background-size":"auto","background-attachment":"scroll","background-type":"","background-media":"","overlay-type":"","overlay-color":"","overlay-gradient":""},"mobile":{"background-color":"","background-image":"","background-repeat":"repeat","background-position":"center center","background-size":"auto","background-attachment":"scroll","background-type":"","background-media":"","overlay-type":"","overlay-color":"","overlay-gradient":""}},"ast-content-background-meta":{"desktop":{"background-color":"var(--ast-global-color-5)","background-image":"","background-repeat":"repeat","background-position":"center center","background-size":"auto","background-attachment":"scroll","background-type":"","background-media":"","overlay-type":"","overlay-color":"","overlay-gradient":""},"tablet":{"background-color":"var(--ast-global-color-5)","background-image":"","background-repeat":"repeat","background-position":"center center","background-size":"auto","background-attachment":"scroll","background-type":"","background-media":"","overlay-type":"","overlay-color":"","overlay-gradient":""},"mobile":{"background-color":"var(--ast-global-color-5)","background-image":"","background-repeat":"repeat","background-position":"center center","background-size":"auto","background-attachment":"scroll","background-type":"","background-media":"","overlay-type":"","overlay-color":"","overlay-gradient":""}},"footnotes":""},"categories":[1745,1014,981,37286],"tags":[223693,115063,66149,45545,140473,85690],"class_list":["post-112439","post","type-post","status-publish","format-standard","hentry","category-historia-de-la-arquitectura","category-historia-del-arte","category-historia-regional","category-pablo-de-olavide","tag-adriana-scaletti-cardenas","tag-arsenio-moreno-mendoza","tag-fernando-vela-cossio","tag-francisco-ollero-lobato","tag-juan-m-monterroso-montero","tag-m-mar-loren-mendez"],"_links":{"self":[{"href":"https:\/\/www.deberes.net\/tesis\/wp-json\/wp\/v2\/posts\/112439","targetHints":{"allow":["GET"]}}],"collection":[{"href":"https:\/\/www.deberes.net\/tesis\/wp-json\/wp\/v2\/posts"}],"about":[{"href":"https:\/\/www.deberes.net\/tesis\/wp-json\/wp\/v2\/types\/post"}],"author":[{"embeddable":true,"href":"https:\/\/www.deberes.net\/tesis\/wp-json\/wp\/v2\/users\/1"}],"replies":[{"embeddable":true,"href":"https:\/\/www.deberes.net\/tesis\/wp-json\/wp\/v2\/comments?post=112439"}],"version-history":[{"count":0,"href":"https:\/\/www.deberes.net\/tesis\/wp-json\/wp\/v2\/posts\/112439\/revisions"}],"wp:attachment":[{"href":"https:\/\/www.deberes.net\/tesis\/wp-json\/wp\/v2\/media?parent=112439"}],"wp:term":[{"taxonomy":"category","embeddable":true,"href":"https:\/\/www.deberes.net\/tesis\/wp-json\/wp\/v2\/categories?post=112439"},{"taxonomy":"post_tag","embeddable":true,"href":"https:\/\/www.deberes.net\/tesis\/wp-json\/wp\/v2\/tags?post=112439"}],"curies":[{"name":"wp","href":"https:\/\/api.w.org\/{rel}","templated":true}]}}