{"id":112441,"date":"2012-02-03T00:00:00","date_gmt":"2012-02-03T00:00:00","guid":{"rendered":"https:\/\/www.deberes.net\/tesis\/sin-categoria\/la-construccion-de-la-referencia-en-torno-al-concepto-de-brecha-digital-en-espana\/"},"modified":"2012-02-03T00:00:00","modified_gmt":"2012-02-03T00:00:00","slug":"la-construccion-de-la-referencia-en-torno-al-concepto-de-brecha-digital-en-espana","status":"publish","type":"post","link":"https:\/\/www.deberes.net\/tesis\/sociologia\/la-construccion-de-la-referencia-en-torno-al-concepto-de-brecha-digital-en-espana\/","title":{"rendered":"La construcci\u00f3n de la referencia en torno al concepto de brecha digital en espa\u00f1a."},"content":{"rendered":"<h2>Tesis doctoral de <strong> Mar\u00eda  Cristina Pinto Arboleda <\/strong><\/h2>\n<p>En la implementaci\u00f3n de las nuevas tecnolog\u00edas de la informaci\u00f3n y el conocimiento (tics), ha sido definitiva la forma como se articulan los discursos con el objetivo de legitimar la operabilidad y aceptaci\u00f3n social de la implementaci\u00f3n del cambio te cnol\u00f3gico.  Como ya es sabido, las cuestiones conceptuales y referenciales, son determinantes dentro de la construcci\u00f3n de sentido, ya que es desde la reproducci\u00f3n de los marcos cognitivos como se configura el orden social que determina el tipo de mo delo que se est\u00e1 privilegiando con la inserci\u00f3n de las herramientas tecnol\u00f3gicas.  la presente investigaci\u00f3n se formula como hip\u00f3tesis de partida que el discurso promovido desde los documentos institucionales, los cuales han concebido conceptos como brecha digital, han sido determinantes para entender la forma como se han legitimado determinadas relaciones de poder a trav\u00e9s de la tematizaci\u00f3n de puntos de debate centrales con los que se han definido las pol\u00edticas globales de la introducci\u00f3n de l as tics. As\u00ed como tambi\u00e9n, se considera interesante identificar la manera como dentro del debate de la prensa nacional espa\u00f1ola se ha materializado dicho discurso.  en este orden de ideas, se plantea como objetivo, analizar el mapa conceptual y refer encial con el que se est\u00e1 elaborando un concepto que ha aparecido en los \u00faltimos a\u00f1os para definir un fen\u00f3meno amplio y a la vez ambiguo como lo es el de brecha digital, el cual a su vez hace parte de procesos discursivos tem\u00e1ticamente uniformes rela cionados con la inserci\u00f3n de las tecnolog\u00edas de la informaci\u00f3n y el conocimiento.  se consider\u00f3 necesario abordar el objeto material a partir de tres campos de estudio espec\u00edficos: el an\u00e1lisis cr\u00edtico del discurso, la teor\u00eda social de la comunicaci\u00f3n  y la econom\u00eda pol\u00edtica de la comunicaci\u00f3n.  Esta propuesta de triangulaci\u00f3n te\u00f3rica permite analizar el discurso desde sus componentes ideol\u00f3gicos, cognitivos, y desde la producci\u00f3n misma de los documentos.  El aporte de estas disciplinas fue determ inante para definir algunas consideraciones relevantes en torno a cuestiones tales como: las relaciones de poder que contribuyen a dar forma al discurso, los elementos que tienen car\u00e1cter ideol\u00f3gico, la ubicaci\u00f3n del discurso sobre el debate social r especto al tema, y su grado de contribuci\u00f3n para mantener las actuales relaciones sociales.    la metodolog\u00eda aplicada se estableci\u00f3 teniendo en cuenta la necesidad de descifrar las formas utilizadas en los dos tipos de textos para legitimar, reprodu<\/p>\n<p>&nbsp;<\/p>\n<h3>Datos acad\u00e9micos de la tesis doctoral \u00ab<strong>La construcci\u00f3n de la referencia en torno al concepto de brecha digital en espa\u00f1a.<\/strong>\u00ab<\/h3>\n<ul>\n<li><strong>T\u00edtulo de la tesis:<\/strong>\u00a0 La construcci\u00f3n de la referencia en torno al concepto de brecha digital en espa\u00f1a. <\/li>\n<li><strong>Autor:<\/strong>\u00a0 Mar\u00eda  Cristina Pinto Arboleda <\/li>\n<li><strong>Universidad:<\/strong>\u00a0 Complutense de Madrid<\/li>\n<li><strong>Fecha de lectura de la tesis:<\/strong>\u00a0 02\/03\/2012<\/li>\n<\/ul>\n<p>&nbsp;<\/p>\n<h3>Direcci\u00f3n y tribunal<\/h3>\n<ul>\n<li><strong>Director de la tesis<\/strong>\n<ul>\n<li>Jos\u00e9 Antonio Alcoceba Hernando<\/li>\n<\/ul>\n<\/li>\n<li><strong>Tribunal<\/strong>\n<ul>\n<li>Presidente del tribunal: Miguel angel Sobrino blanco <\/li>\n<li>Francisco Sierra caballero (vocal)<\/li>\n<li>alejandro Barranquero carretero (vocal)<\/li>\n<li>Jos\u00e9 m. Garc\u00eda de madariaga miranda (vocal)<\/li>\n<\/ul>\n<\/li>\n<\/ul>\n<p>&nbsp;<\/p>\n","protected":false},"excerpt":{"rendered":"<p>Tesis doctoral de Mar\u00eda Cristina Pinto Arboleda En la implementaci\u00f3n de las nuevas tecnolog\u00edas de la informaci\u00f3n y el conocimiento [&hellip;]<\/p>\n","protected":false},"author":1,"featured_media":0,"comment_status":"open","ping_status":"open","sticky":false,"template":"","format":"standard","meta":{"site-sidebar-layout":"default","site-content-layout":"","ast-site-content-layout":"","site-content-style":"default","site-sidebar-style":"default","ast-global-header-display":"","ast-banner-title-visibility":"","ast-main-header-display":"","ast-hfb-above-header-display":"","ast-hfb-below-header-display":"","ast-hfb-mobile-header-display":"","site-post-title":"","ast-breadcrumbs-content":"","ast-featured-img":"","footer-sml-layout":"","theme-transparent-header-meta":"","adv-header-id-meta":"","stick-header-meta":"","header-above-stick-meta":"","header-main-stick-meta":"","header-below-stick-meta":"","astra-migrate-meta-layouts":"default","ast-page-background-enabled":"default","ast-page-background-meta":{"desktop":{"background-color":"var(--ast-global-color-4)","background-image":"","background-repeat":"repeat","background-position":"center center","background-size":"auto","background-attachment":"scroll","background-type":"","background-media":"","overlay-type":"","overlay-color":"","overlay-gradient":""},"tablet":{"background-color":"","background-image":"","background-repeat":"repeat","background-position":"center center","background-size":"auto","background-attachment":"scroll","background-type":"","background-media":"","overlay-type":"","overlay-color":"","overlay-gradient":""},"mobile":{"background-color":"","background-image":"","background-repeat":"repeat","background-position":"center center","background-size":"auto","background-attachment":"scroll","background-type":"","background-media":"","overlay-type":"","overlay-color":"","overlay-gradient":""}},"ast-content-background-meta":{"desktop":{"background-color":"var(--ast-global-color-5)","background-image":"","background-repeat":"repeat","background-position":"center center","background-size":"auto","background-attachment":"scroll","background-type":"","background-media":"","overlay-type":"","overlay-color":"","overlay-gradient":""},"tablet":{"background-color":"var(--ast-global-color-5)","background-image":"","background-repeat":"repeat","background-position":"center center","background-size":"auto","background-attachment":"scroll","background-type":"","background-media":"","overlay-type":"","overlay-color":"","overlay-gradient":""},"mobile":{"background-color":"var(--ast-global-color-5)","background-image":"","background-repeat":"repeat","background-position":"center center","background-size":"auto","background-attachment":"scroll","background-type":"","background-media":"","overlay-type":"","overlay-color":"","overlay-gradient":""}},"footnotes":""},"categories":[986,269],"tags":[148297,45143,175206,79520,223695,103537],"class_list":["post-112441","post","type-post","status-publish","format-standard","hentry","category-complutense-de-madrid","category-sociologia","tag-alejandro-barranquero-carretero","tag-francisco-sierra-caballero","tag-jose-antonio-alcoceba-hernando","tag-jose-m-garcia-de-madariaga-miranda","tag-maria-cristina-pinto-arboleda","tag-miguel-angel-sobrino-blanco"],"_links":{"self":[{"href":"https:\/\/www.deberes.net\/tesis\/wp-json\/wp\/v2\/posts\/112441","targetHints":{"allow":["GET"]}}],"collection":[{"href":"https:\/\/www.deberes.net\/tesis\/wp-json\/wp\/v2\/posts"}],"about":[{"href":"https:\/\/www.deberes.net\/tesis\/wp-json\/wp\/v2\/types\/post"}],"author":[{"embeddable":true,"href":"https:\/\/www.deberes.net\/tesis\/wp-json\/wp\/v2\/users\/1"}],"replies":[{"embeddable":true,"href":"https:\/\/www.deberes.net\/tesis\/wp-json\/wp\/v2\/comments?post=112441"}],"version-history":[{"count":0,"href":"https:\/\/www.deberes.net\/tesis\/wp-json\/wp\/v2\/posts\/112441\/revisions"}],"wp:attachment":[{"href":"https:\/\/www.deberes.net\/tesis\/wp-json\/wp\/v2\/media?parent=112441"}],"wp:term":[{"taxonomy":"category","embeddable":true,"href":"https:\/\/www.deberes.net\/tesis\/wp-json\/wp\/v2\/categories?post=112441"},{"taxonomy":"post_tag","embeddable":true,"href":"https:\/\/www.deberes.net\/tesis\/wp-json\/wp\/v2\/tags?post=112441"}],"curies":[{"name":"wp","href":"https:\/\/api.w.org\/{rel}","templated":true}]}}