{"id":11248,"date":"2001-12-06T00:00:00","date_gmt":"2001-12-06T00:00:00","guid":{"rendered":"https:\/\/www.deberes.net\/tesis\/sin-categoria\/gaspar-gutierrez-de-los-ra%c2%ados-y-su-noticia-general-para-la-estimacion-de-las-artes\/"},"modified":"2001-12-06T00:00:00","modified_gmt":"2001-12-06T00:00:00","slug":"gaspar-gutierrez-de-los-ra%c2%ados-y-su-noticia-general-para-la-estimacion-de-las-artes","status":"publish","type":"post","link":"https:\/\/www.deberes.net\/tesis\/historia\/gaspar-gutierrez-de-los-ra%c2%ados-y-su-noticia-general-para-la-estimacion-de-las-artes\/","title":{"rendered":"Gaspar guti\u00e9rrez de los r\u00edos y su noticia general para la estimaci\u00f3n de las artes."},"content":{"rendered":"<h2>Tesis doctoral de <strong>  Cervell\u00f3 Grande Jos\u00e9 M. <\/strong><\/h2>\n<p>La tesis ha tenido por objeto el estudio de gaspar guti\u00e9rrez de los r\u00edos (salamanca 1567 &#8211; Madrid 1606) y su obra. Guti\u00e9rrez de los r\u00edos public\u00f3 en Madrid en 1600 la \u00abnoticia general para la estimaci\u00f3n de las artes\u00bb, que puede considerarse el primer tratado espa\u00f1ol de arte impreso. El tratado no ha sido objeto de reedici\u00f3n y al autor y su obra no se le ha dedicado monograf\u00eda alguna hasta la fecha.  la tesis ha estudiado los siguientes aspectos:  &#8211; la fortuna cr\u00edtica de guti\u00e9rrez de los r\u00edos y su obra, plasmada en casi 300 referencias.  &#8211; gaspar guti\u00e9rrez de los r\u00edos y su vida con aportaciones de nuevos documentos, especialmente un \u00abmemorial\u00bb de simancas.  &#8211; la obra de guti\u00e9rrez de los r\u00edos: con aportaci\u00f3n de un \u00abmemorial\u00bb impreso, cuya existencia se conoc\u00eda s\u00f3lo por una cita del siglo xviii.  &#8211; la \u00abnoticia general\u00bb, con an\u00e1lisis detallado de:  * el propio libro y su impresi\u00f3n, con cat\u00e1logo de ejemplares localizados.  * las fuentes que guti\u00e9rrez de los r\u00edos tuvo en cuenta.  * el contenido de la obra desde sus aspectos art\u00edsticos, jur\u00eddicos y econ\u00f3micos, con especial \u00e9nfasis en los primeros, destacando lo que hemos llamado el tratado de arte oculto, que se puede extraer de la \u00abnoticia general\u00bb.<\/p>\n<p>&nbsp;<\/p>\n<h3>Datos acad\u00e9micos de la tesis doctoral \u00ab<strong>Gaspar guti\u00e9rrez de los r\u00edos y su noticia general para la estimaci\u00f3n de las artes.<\/strong>\u00ab<\/h3>\n<ul>\n<li><strong>T\u00edtulo de la tesis:<\/strong>\u00a0 Gaspar guti\u00e9rrez de los r\u00edos y su noticia general para la estimaci\u00f3n de las artes. <\/li>\n<li><strong>Autor:<\/strong>\u00a0  Cervell\u00f3 Grande Jos\u00e9 M. <\/li>\n<li><strong>Universidad:<\/strong>\u00a0 Complutense de Madrid<\/li>\n<li><strong>Fecha de lectura de la tesis:<\/strong>\u00a0 12\/06\/2001<\/li>\n<\/ul>\n<p>&nbsp;<\/p>\n<h3>Direcci\u00f3n y tribunal<\/h3>\n<ul>\n<li><strong>Director de la tesis<\/strong>\n<ul>\n<li>Antonio Bonet Correa<\/li>\n<\/ul>\n<\/li>\n<li><strong>Tribunal<\/strong>\n<ul>\n<li>Presidente del tribunal: Francisco Calvo serraller <\/li>\n<li>bonaventura Bassegoda hugas (vocal)<\/li>\n<li> P\u00e9rez s\u00e1nchez alfonso Emilio (vocal)<\/li>\n<li>Fernando Mar\u00edas franco (vocal)<\/li>\n<\/ul>\n<\/li>\n<\/ul>\n<p>&nbsp;<\/p>\n","protected":false},"excerpt":{"rendered":"<p>Tesis doctoral de Cervell\u00f3 Grande Jos\u00e9 M. La tesis ha tenido por objeto el estudio de gaspar guti\u00e9rrez de los [&hellip;]<\/p>\n","protected":false},"author":1,"featured_media":0,"comment_status":"open","ping_status":"open","sticky":false,"template":"","format":"standard","meta":{"site-sidebar-layout":"default","site-content-layout":"","ast-site-content-layout":"","site-content-style":"default","site-sidebar-style":"default","ast-global-header-display":"","ast-banner-title-visibility":"","ast-main-header-display":"","ast-hfb-above-header-display":"","ast-hfb-below-header-display":"","ast-hfb-mobile-header-display":"","site-post-title":"","ast-breadcrumbs-content":"","ast-featured-img":"","footer-sml-layout":"","theme-transparent-header-meta":"","adv-header-id-meta":"","stick-header-meta":"","header-above-stick-meta":"","header-main-stick-meta":"","header-below-stick-meta":"","astra-migrate-meta-layouts":"default","ast-page-background-enabled":"default","ast-page-background-meta":{"desktop":{"background-color":"var(--ast-global-color-4)","background-image":"","background-repeat":"repeat","background-position":"center center","background-size":"auto","background-attachment":"scroll","background-type":"","background-media":"","overlay-type":"","overlay-color":"","overlay-gradient":""},"tablet":{"background-color":"","background-image":"","background-repeat":"repeat","background-position":"center center","background-size":"auto","background-attachment":"scroll","background-type":"","background-media":"","overlay-type":"","overlay-color":"","overlay-gradient":""},"mobile":{"background-color":"","background-image":"","background-repeat":"repeat","background-position":"center center","background-size":"auto","background-attachment":"scroll","background-type":"","background-media":"","overlay-type":"","overlay-color":"","overlay-gradient":""}},"ast-content-background-meta":{"desktop":{"background-color":"var(--ast-global-color-5)","background-image":"","background-repeat":"repeat","background-position":"center center","background-size":"auto","background-attachment":"scroll","background-type":"","background-media":"","overlay-type":"","overlay-color":"","overlay-gradient":""},"tablet":{"background-color":"var(--ast-global-color-5)","background-image":"","background-repeat":"repeat","background-position":"center center","background-size":"auto","background-attachment":"scroll","background-type":"","background-media":"","overlay-type":"","overlay-color":"","overlay-gradient":""},"mobile":{"background-color":"var(--ast-global-color-5)","background-image":"","background-repeat":"repeat","background-position":"center center","background-size":"auto","background-attachment":"scroll","background-type":"","background-media":"","overlay-type":"","overlay-color":"","overlay-gradient":""}},"footnotes":""},"categories":[104,713,1867,222],"tags":[7416,15644,36973,9479,5788,5603],"class_list":["post-11248","post","type-post","status-publish","format-standard","hentry","category-historia","category-historia-de-la-literatura","category-historia-de-la-literatura-espanola","category-historias-especializadas","tag-antonio-bonet-correa","tag-bonaventura-bassegoda-hugas","tag-cervello-grande-jose-m","tag-fernando-marias-franco","tag-francisco-calvo-serraller","tag-perez-sanchez-alfonso-emilio"],"_links":{"self":[{"href":"https:\/\/www.deberes.net\/tesis\/wp-json\/wp\/v2\/posts\/11248","targetHints":{"allow":["GET"]}}],"collection":[{"href":"https:\/\/www.deberes.net\/tesis\/wp-json\/wp\/v2\/posts"}],"about":[{"href":"https:\/\/www.deberes.net\/tesis\/wp-json\/wp\/v2\/types\/post"}],"author":[{"embeddable":true,"href":"https:\/\/www.deberes.net\/tesis\/wp-json\/wp\/v2\/users\/1"}],"replies":[{"embeddable":true,"href":"https:\/\/www.deberes.net\/tesis\/wp-json\/wp\/v2\/comments?post=11248"}],"version-history":[{"count":0,"href":"https:\/\/www.deberes.net\/tesis\/wp-json\/wp\/v2\/posts\/11248\/revisions"}],"wp:attachment":[{"href":"https:\/\/www.deberes.net\/tesis\/wp-json\/wp\/v2\/media?parent=11248"}],"wp:term":[{"taxonomy":"category","embeddable":true,"href":"https:\/\/www.deberes.net\/tesis\/wp-json\/wp\/v2\/categories?post=11248"},{"taxonomy":"post_tag","embeddable":true,"href":"https:\/\/www.deberes.net\/tesis\/wp-json\/wp\/v2\/tags?post=11248"}],"curies":[{"name":"wp","href":"https:\/\/api.w.org\/{rel}","templated":true}]}}