{"id":112506,"date":"2018-03-11T10:39:31","date_gmt":"2018-03-11T10:39:31","guid":{"rendered":"https:\/\/www.deberes.net\/tesis\/sin-categoria\/conversion-de-ejercito-rebelde-a-ejercito-regular-al-servicio-de-republica-de-cuba-1956-1970\/"},"modified":"2018-03-11T10:39:31","modified_gmt":"2018-03-11T10:39:31","slug":"conversion-de-ejercito-rebelde-a-ejercito-regular-al-servicio-de-republica-de-cuba-1956-1970","status":"publish","type":"post","link":"https:\/\/www.deberes.net\/tesis\/pablo-de-olavide\/conversion-de-ejercito-rebelde-a-ejercito-regular-al-servicio-de-republica-de-cuba-1956-1970\/","title":{"rendered":"\u00abconversi\u00f3n de ej\u00e9rcito rebelde a ej\u00e9rcito regular al servicio de rep\u00fablica de cuba &#8211; 1956-1970\u00bb,"},"content":{"rendered":"<h2>Tesis doctoral de <strong> Francisco Manuel Silva Ardanuy <\/strong><\/h2>\n<p>El ejercito nacional de cuba en el periodo prerrevolucionario (1952-1958). la definici\u00f3n del proceso de reconversi\u00f3n del grupo guerrillero (conjunto de ochenta y dos hombres) que zarparon la noche del 24 al 25 de noviembre de 1956 desde tuxpan (m\u00e9xico), a bordo del yate granma , ha de evitar construir una semblanza de dicho periodo de la historia de cuba.  recoger los elementos centrales del proceso vivido por los rebeldes y las estructuras que generaron (las estructuras rebeldes alzadas en las monta\u00f1as) de la sierra maestra hasta desembocar en el actual ministerio de las fuerzas armadas es el objeto de esta investigaci\u00f3n. Por tanto, no se trata de construir la historia de la rep\u00fablica de cuba entre 1952-1965 (sino de acercar los hechos que expliquen) sino de explicar  c\u00f3mo un grupo de hombres, en su mayor\u00eda de origen cubano, consiguieron a pesar de las adversidades  de diferente \u00edndole, convertirse (en un primer momento) en una unidad guerrillera de vanguardia que luchar\u00eda por lograr derrocar el gobierno tir\u00e1nico que alcanz\u00f3 el poder el 10 de marzo de 1952  (la completa independencia de su pa\u00eds). como segundo objeto de investigaci\u00f3n, el presente trabajo pretende conocer las distintas fases de consolidaci\u00f3n, expansi\u00f3n y adecuaci\u00f3n al contexto hist\u00f3rico por las que atravesaron los guerrilleros del movimiento 26 de julio (las estructuras del peque\u00f1o n\u00facleo combatiente). Un grupo que, mermado de inicio hasta quedar reducido al n\u00famero de entre ocho y doce guerrilleros ,que tuvo que asumir un nuevo tipo de organizaci\u00f3n a ra\u00edz  de los acontecimientos en elpa\u00eds, fruto de su acci\u00f3n combativa que termino forzando la marcha de la c\u00fapula militar y del propio fulgencio batista (tuvo que organizarse en estructuras de combate al uso debido a la precipitaci\u00f3n de los acontecimientos hist\u00f3ricos a partir del 22 de diciembre de 1958). Reorganizar su fuerza insurgente, que se alimentaba de miembros captados de entre diferentes clases de la sociedad cubana , para en el marco de un sistema normativizado y sometido al derecho nacional, convertirse en la fuerzas armadas de la rep\u00fablica. el per\u00edodo que abarca el presente estudio responde a los momentos determinantes en la g\u00e9nesis de la fuerza rebelde que se constituy\u00f3 en el exilio y que, guiados por el actual primer secretario del partido comunista de cuba, fidel castro ruz, hubo de superar tres fases centrales en su tr\u00e1nsito hasta la asunci\u00f3n de funciones equiparables a las de los ej\u00e9rcitos regulares de am\u00e9rica latina . Los cambios  aplicados a partir de 1965 (momento en que quedan aprobadas las posiciones de adoctrinamiento y capacitaci\u00f3n, tanto de la estructura de reclutas como de la oficial\u00eda del ej\u00e9rcito) derivan de los distintos compromisos y experiencias adquiridas por las fuerzas armadas cubanas en sus distintas acciones combativas en defensa de las fronteras nacionales.  los compromisos internacionales adquiridos por el gobierno de la rep\u00fablica en determinados frentes de lucha, como el asesoramiento militar cubano a las fuerzas rebeldes de argelia en 1963, siria en 1973, el compromiso con las fuerzas rebeldes  en etiopia en 1978,el apoyo al paigc en guinea-bissau, la defensa de las posiciones del mpla (movimento popular de liberta\u00ed\u00a7\u00ed\u00a3o de angola)  en angola entre 1975 y 1989 o el apoyo log\u00edstico brindado al frente sandinista de liberaci\u00f3n nacional de nicaragua entre 1979 y 1990 contribuyeron igualmente a la consolidaci\u00f3n de la capacidad combativa del nuevo ej\u00e9rcito. durante este per\u00edodo, se produce la aprobaci\u00f3n de las nuevas leyes dictadas por parte del gobierno revolucionario cubano. La llamada \u00abley fundamental\u00bb, promulgada el 7 de febrero de 1959, fijar\u00e1 las relaciones en el seno del nuevo estado cubano hasta que se promulgue la constituci\u00f3n del 24 de febrero de 1976. La misma sustenta el actual sistema en la rep\u00fablica y a la cual se han aplicado diferentes reformas desde entonces. El texto de 1959 regula la fundaci\u00f3n de los ministerios que albergan las competencias en materia de defensa, as\u00ed como los instrumentos y organismos de los que se dota el estado para aplicar sus deberes en materia de seguridad nacional (centros especializados de formaci\u00f3n, escuelas de oficiales, organizaciones c\u00edvicas para la defensa nacional y estructuras pol\u00edticas de orientaci\u00f3n y direcci\u00f3n de las fuerzas armadas). m\u00e1s all\u00e1 del per\u00edodo 1956-1965 encontramos cambios sobre los elementos ya aprobados y en pr\u00e1ctica dentro de las fuerzas armadas que no alteran la naturaleza de las actuales far y que no inciden en el desarrollo del presente estudio .  por lo anteriormente expuesto, es necesario abordar este convulso per\u00edodo de nueve a\u00f1os de la historia de la rep\u00fablica de cuba separ\u00e1ndonos suficientemente de los elementos hist\u00f3ricos centrales, y acudiendo a los elementos de importancia en lo que a historiograf\u00eda militar se refiere. Este hecho, sin duda resulta complejo debido a que el per\u00edodo 1956-1959 liga de manera inseparable el devenir de la rep\u00fablica de cuba con el devenir de sus fuerzas rebeldes y las acciones de \u00e9sta son indefectiblemente los hechos hist\u00f3ricos m\u00e1s importantes de la d\u00e9cada de los cincuenta en la isla.  para poder aprehender como se produjeron los cambios sobre la estructura guerrillera, es necesario realizar una serie de consideraciones previas (conocimiento del contexto socio econ\u00f3mico, acercamiento a la g\u00e9nesis de la fuerza rebelde, comprensi\u00f3n de las bases del \u00e9xito de este grupo de hombres armados, el por qu\u00e9 se vieron abocados a convertirse en una fuerza defensiva del sistema que ellos alzaron al poder cuando su g\u00e9nesis era ser un grupo a la ofensiva y de c\u00f3mo se ensamblaron los reductos de ej\u00e9rcito que sirvi\u00f3 bajo el  segundo per\u00edodo de gobierno de fulgencio batista entre 1952 y 1959 en el nuevo ej\u00e9rcito a partir del 1 de enero de 1959). Para ello hemos de tener como referencia una serie de elementos conceptuales estables y reiterativos en la historia contempor\u00e1nea de la rep\u00fablica de cuba en su relaci\u00f3n con los movimientos por la independencia nacional y la relaci\u00f3n entre el poder pol\u00edtico y el poder f\u00e1ctico que han representado hist\u00f3ricamente los cuerpos de ej\u00e9rcito en el citado pa\u00eds caribe\u00f1o.<\/p>\n<p>&nbsp;<\/p>\n<h3>Datos acad\u00e9micos de la tesis doctoral \u00ab<strong>\u00abconversi\u00f3n de ej\u00e9rcito rebelde a ej\u00e9rcito regular al servicio de rep\u00fablica de cuba &#8211; 1956-1970\u00bb,<\/strong>\u00ab<\/h3>\n<ul>\n<li><strong>T\u00edtulo de la tesis:<\/strong>\u00a0 \u00abconversi\u00f3n de ej\u00e9rcito rebelde a ej\u00e9rcito regular al servicio de rep\u00fablica de cuba &#8211; 1956-1970\u00bb, <\/li>\n<li><strong>Autor:<\/strong>\u00a0 Francisco Manuel Silva Ardanuy <\/li>\n<li><strong>Universidad:<\/strong>\u00a0 Pablo de olavide<\/li>\n<li><strong>Fecha de lectura de la tesis:<\/strong>\u00a0 15\/03\/2012<\/li>\n<\/ul>\n<p>&nbsp;<\/p>\n<h3>Direcci\u00f3n y tribunal<\/h3>\n<ul>\n<li><strong>Director de la tesis<\/strong>\n<ul>\n<li>Juan Marchena Fernandez<\/li>\n<\/ul>\n<\/li>\n<li><strong>Tribunal<\/strong>\n<ul>\n<li>Presidente del tribunal: Juan Andreo garcia <\/li>\n<li>Javier Lavi\u00f1a gomez (vocal)<\/li>\n<li>  (vocal)<\/li>\n<li>  (vocal)<\/li>\n<\/ul>\n<\/li>\n<\/ul>\n<p>&nbsp;<\/p>\n","protected":false},"excerpt":{"rendered":"<p>Tesis doctoral de Francisco Manuel Silva Ardanuy El ejercito nacional de cuba en el periodo prerrevolucionario (1952-1958). la definici\u00f3n del [&hellip;]<\/p>\n","protected":false},"author":1,"featured_media":0,"comment_status":"open","ping_status":"open","sticky":false,"template":"","format":"standard","meta":{"site-sidebar-layout":"default","site-content-layout":"","ast-site-content-layout":"","site-content-style":"default","site-sidebar-style":"default","ast-global-header-display":"","ast-banner-title-visibility":"","ast-main-header-display":"","ast-hfb-above-header-display":"","ast-hfb-below-header-display":"","ast-hfb-mobile-header-display":"","site-post-title":"","ast-breadcrumbs-content":"","ast-featured-img":"","footer-sml-layout":"","theme-transparent-header-meta":"","adv-header-id-meta":"","stick-header-meta":"","header-above-stick-meta":"","header-main-stick-meta":"","header-below-stick-meta":"","astra-migrate-meta-layouts":"default","ast-page-background-enabled":"default","ast-page-background-meta":{"desktop":{"background-color":"var(--ast-global-color-4)","background-image":"","background-repeat":"repeat","background-position":"center center","background-size":"auto","background-attachment":"scroll","background-type":"","background-media":"","overlay-type":"","overlay-color":"","overlay-gradient":""},"tablet":{"background-color":"","background-image":"","background-repeat":"repeat","background-position":"center center","background-size":"auto","background-attachment":"scroll","background-type":"","background-media":"","overlay-type":"","overlay-color":"","overlay-gradient":""},"mobile":{"background-color":"","background-image":"","background-repeat":"repeat","background-position":"center center","background-size":"auto","background-attachment":"scroll","background-type":"","background-media":"","overlay-type":"","overlay-color":"","overlay-gradient":""}},"ast-content-background-meta":{"desktop":{"background-color":"var(--ast-global-color-5)","background-image":"","background-repeat":"repeat","background-position":"center center","background-size":"auto","background-attachment":"scroll","background-type":"","background-media":"","overlay-type":"","overlay-color":"","overlay-gradient":""},"tablet":{"background-color":"var(--ast-global-color-5)","background-image":"","background-repeat":"repeat","background-position":"center center","background-size":"auto","background-attachment":"scroll","background-type":"","background-media":"","overlay-type":"","overlay-color":"","overlay-gradient":""},"mobile":{"background-color":"var(--ast-global-color-5)","background-image":"","background-repeat":"repeat","background-position":"center center","background-size":"auto","background-attachment":"scroll","background-type":"","background-media":"","overlay-type":"","overlay-color":"","overlay-gradient":""}},"footnotes":""},"categories":[37286],"tags":[223800,20281,8711,8769],"class_list":["post-112506","post","type-post","status-publish","format-standard","hentry","category-pablo-de-olavide","tag-francisco-manuel-silva-ardanuy","tag-javier-lavina-gomez","tag-juan-andreo-garcia","tag-juan-marchena-fernandez"],"_links":{"self":[{"href":"https:\/\/www.deberes.net\/tesis\/wp-json\/wp\/v2\/posts\/112506","targetHints":{"allow":["GET"]}}],"collection":[{"href":"https:\/\/www.deberes.net\/tesis\/wp-json\/wp\/v2\/posts"}],"about":[{"href":"https:\/\/www.deberes.net\/tesis\/wp-json\/wp\/v2\/types\/post"}],"author":[{"embeddable":true,"href":"https:\/\/www.deberes.net\/tesis\/wp-json\/wp\/v2\/users\/1"}],"replies":[{"embeddable":true,"href":"https:\/\/www.deberes.net\/tesis\/wp-json\/wp\/v2\/comments?post=112506"}],"version-history":[{"count":0,"href":"https:\/\/www.deberes.net\/tesis\/wp-json\/wp\/v2\/posts\/112506\/revisions"}],"wp:attachment":[{"href":"https:\/\/www.deberes.net\/tesis\/wp-json\/wp\/v2\/media?parent=112506"}],"wp:term":[{"taxonomy":"category","embeddable":true,"href":"https:\/\/www.deberes.net\/tesis\/wp-json\/wp\/v2\/categories?post=112506"},{"taxonomy":"post_tag","embeddable":true,"href":"https:\/\/www.deberes.net\/tesis\/wp-json\/wp\/v2\/tags?post=112506"}],"curies":[{"name":"wp","href":"https:\/\/api.w.org\/{rel}","templated":true}]}}