{"id":112515,"date":"2018-03-11T10:39:31","date_gmt":"2018-03-11T10:39:31","guid":{"rendered":"https:\/\/www.deberes.net\/tesis\/sin-categoria\/evaluacion-teorica-y-experimental-de-una-torre-de-viento-evaporativa-para-acondicionamiento-termico-de-espacios-abiertos\/"},"modified":"2018-03-11T10:39:31","modified_gmt":"2018-03-11T10:39:31","slug":"evaluacion-teorica-y-experimental-de-una-torre-de-viento-evaporativa-para-acondicionamiento-termico-de-espacios-abiertos","status":"publish","type":"post","link":"https:\/\/www.deberes.net\/tesis\/fisica\/evaluacion-teorica-y-experimental-de-una-torre-de-viento-evaporativa-para-acondicionamiento-termico-de-espacios-abiertos\/","title":{"rendered":"Evaluaci\u00f3n te\u00f3rica y experimental de una torre de viento evaporativa para acondicionamiento t\u00e9rmico de espacios abiertos"},"content":{"rendered":"<h2>Tesis doctoral de <strong> Silvia Soutullo Castro <\/strong><\/h2>\n<p>Evaluaci\u00f3n te\u00f3rica y experimental de una torre de viento evaporativa para acondicionamiento t\u00e9rmico de espacios abiertos silvia soutullo castro  el objetivo de esta tesis doctoral es analizar el comportamiento de un sistema de refrigeraci\u00f3n evaporati vo para el acondicionamiento t\u00e9rmico de espacios abiertos y evaluar su influencia sobre el confort t\u00e9rmico ambiental. Para ello se han analizado los valores reales registrados en la propia instalaci\u00f3n durante un verano y se han desarrollados tres mod elos de simulaci\u00f3n te\u00f3ricos que caracterizan el comportamiento del sistema bajo determinadas condiciones.  el dispositivo objeto de estudio, es una estructura met\u00e1lica (conocida como \u00c2\u00bf\u00e1rbol de aire\u00c2\u00bf) de secci\u00f3n circular de 25 m de di\u00e1metro y 18 m de altura. Est\u00e1 formada por diecis\u00e9is torres de viento evaporativas uniformemente distribuidas a lo largo de la estructura. Todo el conjunto est\u00e1 rodeado por una doble envolvente de pl\u00e1stico que act\u00faa como sistema de protecci\u00f3n contra el viento y elemen to de sombreo. Cada torre est\u00e1 coronada por un \u00c2\u00bfcaptador de vientos\u00c2\u00bf circular con tres aberturas, gracias a lo cual se aumenta el potencial de ventilaci\u00f3n natural. Estas aberturas est\u00e1n separadas internamente por tres paredes interiores de la misma a ltura que el captador. Se ha incrementado la acci\u00f3n refrigeradora del conjunto incluyendo una corona de micronizadores de agua y un ventilador en el interior de cada una de las torres. Con ello se consigue una ventilaci\u00f3n forzada con menor temperatur a que la ambiente. El flujo de ventilaci\u00f3n producido, ya sea de manera natural o forzado, es dirigido hacia la zona peatonal a trav\u00e9s de las siete peque\u00f1as aberturas ubicadas en la parte inferior de cada torre.   el comportamiento t\u00e9rmico producido p or la instalaci\u00f3n bajo condiciones clim\u00e1ticas reales, se ha evaluado de manera experimental durante el verano de 2008. Esta monitorizaci\u00f3n se ha llevado a cabo en diferentes escenarios para obtener las caracter\u00edsticas clim\u00e1ticas ambientales, las regi stradas en el \u00c2\u00bf\u00e1rbol de aire\u00c2\u00bf y en el interior de una de las torres de viento evaporativas.   se han desarrollado dos modelos te\u00f3ricos para caracterizar los procesos t\u00e9rmicos y fluido-din\u00e1micos que tienen lugar en el interior de una de las torres de viento. Para ello se han tomado como condiciones de contorno las variables clim\u00e1ticas registradas en la propia instalaci\u00f3n y los par\u00e1metros constructivos y operacionales de la misma. El modelo t\u00e9rmico predice los saltos de temperatura y humedad produ<\/p>\n<p>&nbsp;<\/p>\n<h3>Datos acad\u00e9micos de la tesis doctoral \u00ab<strong>Evaluaci\u00f3n te\u00f3rica y experimental de una torre de viento evaporativa para acondicionamiento t\u00e9rmico de espacios abiertos<\/strong>\u00ab<\/h3>\n<ul>\n<li><strong>T\u00edtulo de la tesis:<\/strong>\u00a0 Evaluaci\u00f3n te\u00f3rica y experimental de una torre de viento evaporativa para acondicionamiento t\u00e9rmico de espacios abiertos <\/li>\n<li><strong>Autor:<\/strong>\u00a0 Silvia Soutullo Castro <\/li>\n<li><strong>Universidad:<\/strong>\u00a0 Complutense de Madrid<\/li>\n<li><strong>Fecha de lectura de la tesis:<\/strong>\u00a0 16\/03\/2012<\/li>\n<\/ul>\n<p>&nbsp;<\/p>\n<h3>Direcci\u00f3n y tribunal<\/h3>\n<ul>\n<li><strong>Director de la tesis<\/strong>\n<ul>\n<li>Mar\u00eda Cruz De Andr\u00e9s Garc\u00eda<\/li>\n<\/ul>\n<\/li>\n<li><strong>Tribunal<\/strong>\n<ul>\n<li>Presidente del tribunal: Francisco Valero rodr\u00edguez <\/li>\n<li>Luis Fernando Zarzalejo tirado (vocal)<\/li>\n<li>Mar\u00eda  Jos\u00e9 Jimenez taboada (vocal)<\/li>\n<li>guillermo de Ignacio vicens (vocal)<\/li>\n<\/ul>\n<\/li>\n<\/ul>\n<p>&nbsp;<\/p>\n","protected":false},"excerpt":{"rendered":"<p>Tesis doctoral de Silvia Soutullo Castro Evaluaci\u00f3n te\u00f3rica y experimental de una torre de viento evaporativa para acondicionamiento t\u00e9rmico de [&hellip;]<\/p>\n","protected":false},"author":1,"featured_media":0,"comment_status":"open","ping_status":"open","sticky":false,"template":"","format":"standard","meta":{"site-sidebar-layout":"default","site-content-layout":"","ast-site-content-layout":"","site-content-style":"default","site-sidebar-style":"default","ast-global-header-display":"","ast-banner-title-visibility":"","ast-main-header-display":"","ast-hfb-above-header-display":"","ast-hfb-below-header-display":"","ast-hfb-mobile-header-display":"","site-post-title":"","ast-breadcrumbs-content":"","ast-featured-img":"","footer-sml-layout":"","theme-transparent-header-meta":"","adv-header-id-meta":"","stick-header-meta":"","header-above-stick-meta":"","header-main-stick-meta":"","header-below-stick-meta":"","astra-migrate-meta-layouts":"default","ast-page-background-enabled":"default","ast-page-background-meta":{"desktop":{"background-color":"var(--ast-global-color-4)","background-image":"","background-repeat":"repeat","background-position":"center center","background-size":"auto","background-attachment":"scroll","background-type":"","background-media":"","overlay-type":"","overlay-color":"","overlay-gradient":""},"tablet":{"background-color":"","background-image":"","background-repeat":"repeat","background-position":"center center","background-size":"auto","background-attachment":"scroll","background-type":"","background-media":"","overlay-type":"","overlay-color":"","overlay-gradient":""},"mobile":{"background-color":"","background-image":"","background-repeat":"repeat","background-position":"center center","background-size":"auto","background-attachment":"scroll","background-type":"","background-media":"","overlay-type":"","overlay-color":"","overlay-gradient":""}},"ast-content-background-meta":{"desktop":{"background-color":"var(--ast-global-color-5)","background-image":"","background-repeat":"repeat","background-position":"center center","background-size":"auto","background-attachment":"scroll","background-type":"","background-media":"","overlay-type":"","overlay-color":"","overlay-gradient":""},"tablet":{"background-color":"var(--ast-global-color-5)","background-image":"","background-repeat":"repeat","background-position":"center center","background-size":"auto","background-attachment":"scroll","background-type":"","background-media":"","overlay-type":"","overlay-color":"","overlay-gradient":""},"mobile":{"background-color":"var(--ast-global-color-5)","background-image":"","background-repeat":"repeat","background-position":"center center","background-size":"auto","background-attachment":"scroll","background-type":"","background-media":"","overlay-type":"","overlay-color":"","overlay-gradient":""}},"footnotes":""},"categories":[986,199],"tags":[5954,188885,188886,23626,163878,223820],"class_list":["post-112515","post","type-post","status-publish","format-standard","hentry","category-complutense-de-madrid","category-fisica","tag-francisco-valero-rodriguez","tag-guillermo-de-ignacio-vicens","tag-luis-fernando-zarzalejo-tirado","tag-maria-cruz-de-andres-garcia","tag-maria-jose-jimenez-taboada","tag-silvia-soutullo-castro"],"_links":{"self":[{"href":"https:\/\/www.deberes.net\/tesis\/wp-json\/wp\/v2\/posts\/112515","targetHints":{"allow":["GET"]}}],"collection":[{"href":"https:\/\/www.deberes.net\/tesis\/wp-json\/wp\/v2\/posts"}],"about":[{"href":"https:\/\/www.deberes.net\/tesis\/wp-json\/wp\/v2\/types\/post"}],"author":[{"embeddable":true,"href":"https:\/\/www.deberes.net\/tesis\/wp-json\/wp\/v2\/users\/1"}],"replies":[{"embeddable":true,"href":"https:\/\/www.deberes.net\/tesis\/wp-json\/wp\/v2\/comments?post=112515"}],"version-history":[{"count":0,"href":"https:\/\/www.deberes.net\/tesis\/wp-json\/wp\/v2\/posts\/112515\/revisions"}],"wp:attachment":[{"href":"https:\/\/www.deberes.net\/tesis\/wp-json\/wp\/v2\/media?parent=112515"}],"wp:term":[{"taxonomy":"category","embeddable":true,"href":"https:\/\/www.deberes.net\/tesis\/wp-json\/wp\/v2\/categories?post=112515"},{"taxonomy":"post_tag","embeddable":true,"href":"https:\/\/www.deberes.net\/tesis\/wp-json\/wp\/v2\/tags?post=112515"}],"curies":[{"name":"wp","href":"https:\/\/api.w.org\/{rel}","templated":true}]}}