{"id":112548,"date":"2018-03-11T10:39:36","date_gmt":"2018-03-11T10:39:36","guid":{"rendered":"https:\/\/www.deberes.net\/tesis\/sin-categoria\/el-dialecto-arabe-de-los-jovenes-de-damasco-estudio-linga%c2%bca%c2%adstico-y-analisis-de-textos\/"},"modified":"2018-03-11T10:39:36","modified_gmt":"2018-03-11T10:39:36","slug":"el-dialecto-arabe-de-los-jovenes-de-damasco-estudio-linga%c2%bca%c2%adstico-y-analisis-de-textos","status":"publish","type":"post","link":"https:\/\/www.deberes.net\/tesis\/ciencias-de-las-artes-y-las-letras\/el-dialecto-arabe-de-los-jovenes-de-damasco-estudio-linga%c2%bca%c2%adstico-y-analisis-de-textos\/","title":{"rendered":"El dialecto \u00e1rabe de los j\u00f3venes de damasco: estudio lingu\u00edstico y an\u00e1lisis de textos."},"content":{"rendered":"<h2>Tesis doctoral de <strong> Carmen Berlinches Ramos <\/strong><\/h2>\n<p>La presente tesis doctoral pretende reflejar las principales caracter\u00edsticas del dialecto \u00e1rabe de los j\u00f3venes de damasco (siria). Dicho estudio fue realizado a trav\u00e9s de un trabajo de campo que consisti\u00f3 en grabaciones espont\u00e1neas a j\u00f3venes habitant es de la capital siria, seguidas de un cuestionario dialectol\u00f3gico y su posterior an\u00e1lisis. A partir de ellas se procedi\u00f3 a la extracci\u00f3n de los rasgos fon\u00e9ticos, fonol\u00f3gicos, morfol\u00f3gicos, sint\u00e1cticos y l\u00e9xicos m\u00e1s destacados del dialecto.   adem\u00e1s,  la tesis incluye una introducci\u00f3n a la historia de la ciudad de damasco, una contextualizaci\u00f3n del dialecto en cuesti\u00f3n dentro de los dialectos \u00e1rabes, as\u00ed como la trascripci\u00f3n de todas las grabaciones seguidas de su traducci\u00f3n al espa\u00f1ol y un glosa rio en el que se encuentran todos los t\u00e9rminos que aparecen en los textos.<\/p>\n<p>&nbsp;<\/p>\n<h3>Datos acad\u00e9micos de la tesis doctoral \u00ab<strong>El dialecto \u00e1rabe de los j\u00f3venes de damasco: estudio lingu\u00edstico y an\u00e1lisis de textos.<\/strong>\u00ab<\/h3>\n<ul>\n<li><strong>T\u00edtulo de la tesis:<\/strong>\u00a0 El dialecto \u00e1rabe de los j\u00f3venes de damasco: estudio lingu\u00edstico y an\u00e1lisis de textos. <\/li>\n<li><strong>Autor:<\/strong>\u00a0 Carmen Berlinches Ramos <\/li>\n<li><strong>Universidad:<\/strong>\u00a0 Complutense de Madrid<\/li>\n<li><strong>Fecha de lectura de la tesis:<\/strong>\u00a0 23\/03\/2012<\/li>\n<\/ul>\n<p>&nbsp;<\/p>\n<h3>Direcci\u00f3n y tribunal<\/h3>\n<ul>\n<li><strong>Director de la tesis<\/strong>\n<ul>\n<li>Ahmed Ould Mohamed Baba<\/li>\n<\/ul>\n<\/li>\n<li><strong>Tribunal<\/strong>\n<ul>\n<li>Presidente del tribunal: Mar\u00eda Jes\u00fas Viguera molins <\/li>\n<li>ignacio Gutierrez de teran gomez benita (vocal)<\/li>\n<li>jordi Aguad\u00e9 bofill (vocal)<\/li>\n<li>leila Abu-shams pages (vocal)<\/li>\n<\/ul>\n<\/li>\n<\/ul>\n<p>&nbsp;<\/p>\n","protected":false},"excerpt":{"rendered":"<p>Tesis doctoral de Carmen Berlinches Ramos La presente tesis doctoral pretende reflejar las principales caracter\u00edsticas del dialecto \u00e1rabe de los [&hellip;]<\/p>\n","protected":false},"author":1,"featured_media":0,"comment_status":"open","ping_status":"open","sticky":false,"template":"","format":"standard","meta":{"site-sidebar-layout":"default","site-content-layout":"","ast-site-content-layout":"","site-content-style":"default","site-sidebar-style":"default","ast-global-header-display":"","ast-banner-title-visibility":"","ast-main-header-display":"","ast-hfb-above-header-display":"","ast-hfb-below-header-display":"","ast-hfb-mobile-header-display":"","site-post-title":"","ast-breadcrumbs-content":"","ast-featured-img":"","footer-sml-layout":"","theme-transparent-header-meta":"","adv-header-id-meta":"","stick-header-meta":"","header-above-stick-meta":"","header-main-stick-meta":"","header-below-stick-meta":"","astra-migrate-meta-layouts":"default","ast-page-background-enabled":"default","ast-page-background-meta":{"desktop":{"background-color":"var(--ast-global-color-4)","background-image":"","background-repeat":"repeat","background-position":"center center","background-size":"auto","background-attachment":"scroll","background-type":"","background-media":"","overlay-type":"","overlay-color":"","overlay-gradient":""},"tablet":{"background-color":"","background-image":"","background-repeat":"repeat","background-position":"center center","background-size":"auto","background-attachment":"scroll","background-type":"","background-media":"","overlay-type":"","overlay-color":"","overlay-gradient":""},"mobile":{"background-color":"","background-image":"","background-repeat":"repeat","background-position":"center center","background-size":"auto","background-attachment":"scroll","background-type":"","background-media":"","overlay-type":"","overlay-color":"","overlay-gradient":""}},"ast-content-background-meta":{"desktop":{"background-color":"var(--ast-global-color-5)","background-image":"","background-repeat":"repeat","background-position":"center center","background-size":"auto","background-attachment":"scroll","background-type":"","background-media":"","overlay-type":"","overlay-color":"","overlay-gradient":""},"tablet":{"background-color":"var(--ast-global-color-5)","background-image":"","background-repeat":"repeat","background-position":"center center","background-size":"auto","background-attachment":"scroll","background-type":"","background-media":"","overlay-type":"","overlay-color":"","overlay-gradient":""},"mobile":{"background-color":"var(--ast-global-color-5)","background-image":"","background-repeat":"repeat","background-position":"center center","background-size":"auto","background-attachment":"scroll","background-type":"","background-media":"","overlay-type":"","overlay-color":"","overlay-gradient":""}},"footnotes":""},"categories":[147,986],"tags":[193664,223866,162464,6742,172865,3892],"class_list":["post-112548","post","type-post","status-publish","format-standard","hentry","category-ciencias-de-las-artes-y-las-letras","category-complutense-de-madrid","tag-ahmed-ould-mohamed-baba","tag-carmen-berlinches-ramos","tag-ignacio-gutierrez-de-teran-gomez-benita","tag-jordi-aguade-bofill","tag-leila-abu-shams-pages","tag-maria-jesus-viguera-molins"],"_links":{"self":[{"href":"https:\/\/www.deberes.net\/tesis\/wp-json\/wp\/v2\/posts\/112548","targetHints":{"allow":["GET"]}}],"collection":[{"href":"https:\/\/www.deberes.net\/tesis\/wp-json\/wp\/v2\/posts"}],"about":[{"href":"https:\/\/www.deberes.net\/tesis\/wp-json\/wp\/v2\/types\/post"}],"author":[{"embeddable":true,"href":"https:\/\/www.deberes.net\/tesis\/wp-json\/wp\/v2\/users\/1"}],"replies":[{"embeddable":true,"href":"https:\/\/www.deberes.net\/tesis\/wp-json\/wp\/v2\/comments?post=112548"}],"version-history":[{"count":0,"href":"https:\/\/www.deberes.net\/tesis\/wp-json\/wp\/v2\/posts\/112548\/revisions"}],"wp:attachment":[{"href":"https:\/\/www.deberes.net\/tesis\/wp-json\/wp\/v2\/media?parent=112548"}],"wp:term":[{"taxonomy":"category","embeddable":true,"href":"https:\/\/www.deberes.net\/tesis\/wp-json\/wp\/v2\/categories?post=112548"},{"taxonomy":"post_tag","embeddable":true,"href":"https:\/\/www.deberes.net\/tesis\/wp-json\/wp\/v2\/tags?post=112548"}],"curies":[{"name":"wp","href":"https:\/\/api.w.org\/{rel}","templated":true}]}}