{"id":112621,"date":"2018-03-11T10:39:42","date_gmt":"2018-03-11T10:39:42","guid":{"rendered":"https:\/\/www.deberes.net\/tesis\/sin-categoria\/el-habla-de-navahermosa\/"},"modified":"2018-03-11T10:39:42","modified_gmt":"2018-03-11T10:39:42","slug":"el-habla-de-navahermosa","status":"publish","type":"post","link":"https:\/\/www.deberes.net\/tesis\/linguistica\/el-habla-de-navahermosa\/","title":{"rendered":"El habla de navahermosa."},"content":{"rendered":"<h2>Tesis doctoral de <strong> Juan  Antonio Merchan Maroto <\/strong><\/h2>\n<p>Tesis doctoral el habla de navahermosa teniendo en cuenta que la localidad de navahermosa se encuentra ubicada en una zona ling\u00ed\u00bc\u00edstica de transici\u00f3n, localizada en el territorio suroccidental de la provincia de toledo, casi en la frontera con el \u00e1rea  occidental de ciudad real (que enlaza directamente con emplazamientos nororientales de badajoz), muy pr\u00f3xima, por otra parte, a la comarca de la jara (que se interna en la provincia de c\u00e1ceres), relativamente cercana al rinc\u00f3n de anchuras -de notabl e influencia extreme\u00f1a-, y que abraza, adem\u00e1s, por el este, a trav\u00e9s de la comarca de los montes de toledo, a la realidad manchega, el objetivo de la investigaci\u00f3n se ha centrado en el an\u00e1lisis e interpretaci\u00f3n de los fen\u00f3menos ling\u00ed\u00bc\u00edsticos del habla  local de navahermosa en el \u00e1mbito superior de las realidades dialectales a las que se encuentra vinculada, cuales son, en una instancia superior, las correspondientes a las variedades occidentales y meridionales de la pen\u00ednsula. De este modo, con la  utilizaci\u00f3n de las pautas metodol\u00f3gicas b\u00e1sicas que se vienen utilizando en los estudios de la geograf\u00eda ling\u00ed\u00bc\u00edstica (aplicando unas encuestas a unos informantes convenientemente asignados a la tem\u00e1tica particular de un cuestionario, previamente ela borado), el trabajo ha pretendido contribuir, en suma, a los estudios dialectales realizados sobre la lengua espa\u00f1ola. Asimismo, las soluciones de car\u00e1cter fon\u00e9tico, morfol\u00f3gico y sint\u00e1ctico que se han averiguado permiten extender el horizonte de los  estudios de hablas locales realizados hasta la fecha en el entorno castellano-manchego, los cuales, en l\u00edneas generales, se han centrado preferentemente en el nivel l\u00e9xico.  como conclusiones m\u00e1s relevantes del estudio realizado, se puede indicar qu e el componente l\u00e9xico-sem\u00e1ntico recogido se ha de caracterizar, en l\u00edneas generales, como resultado de la combinaci\u00f3n de formas arcaizantes que, caminando irreversiblemente hacia una paulatina desaparici\u00f3n, a\u00fan conviven con elementos de creaci\u00f3n o i ntroducci\u00f3n m\u00e1s reciente. Este car\u00e1cter ling\u00ed\u00bc\u00edstico, relativamente conservador, tambi\u00e9n se aprecia, aunque en menor medida, en algunas estructuras sint\u00e1cticas y en determinados procesos morfol\u00f3gicos, que en la actualidad se encuentran en cierta reces i\u00f3n. La fon\u00e9tica, sin embargo -que tiende a permanecer y a propagarse a las nuevas generaciones-, se muestra mucho m\u00e1s innovadora, participando de no pocos de los resultados propios de las hablas meridionales de la pen\u00ednsula. finalmente, el habla de<\/p>\n<p>&nbsp;<\/p>\n<h3>Datos acad\u00e9micos de la tesis doctoral \u00ab<strong>El habla de navahermosa.<\/strong>\u00ab<\/h3>\n<ul>\n<li><strong>T\u00edtulo de la tesis:<\/strong>\u00a0 El habla de navahermosa. <\/li>\n<li><strong>Autor:<\/strong>\u00a0 Juan  Antonio Merchan Maroto <\/li>\n<li><strong>Universidad:<\/strong>\u00a0 Complutense de Madrid<\/li>\n<li><strong>Fecha de lectura de la tesis:<\/strong>\u00a0 18\/04\/2012<\/li>\n<\/ul>\n<p>&nbsp;<\/p>\n<h3>Direcci\u00f3n y tribunal<\/h3>\n<ul>\n<li><strong>Director de la tesis<\/strong>\n<ul>\n<li>Mar\u00eda Del Pilar Nu\u00f1o \u00e1lvarez<\/li>\n<\/ul>\n<\/li>\n<li><strong>Tribunal<\/strong>\n<ul>\n<li>Presidente del tribunal: Jes\u00fas S\u00e1nchez lobato <\/li>\n<li>Marta concepcion Ayala castro (vocal)<\/li>\n<li>Francisco Moreno fern\u00e1ndez (vocal)<\/li>\n<li>humberto Hern\u00e1ndez hern\u00e1ndez (vocal)<\/li>\n<\/ul>\n<\/li>\n<\/ul>\n<p>&nbsp;<\/p>\n","protected":false},"excerpt":{"rendered":"<p>Tesis doctoral de Juan Antonio Merchan Maroto Tesis doctoral el habla de navahermosa teniendo en cuenta que la localidad de [&hellip;]<\/p>\n","protected":false},"author":1,"featured_media":0,"comment_status":"open","ping_status":"open","sticky":false,"template":"","format":"standard","meta":{"site-sidebar-layout":"default","site-content-layout":"","ast-site-content-layout":"","site-content-style":"default","site-sidebar-style":"default","ast-global-header-display":"","ast-banner-title-visibility":"","ast-main-header-display":"","ast-hfb-above-header-display":"","ast-hfb-below-header-display":"","ast-hfb-mobile-header-display":"","site-post-title":"","ast-breadcrumbs-content":"","ast-featured-img":"","footer-sml-layout":"","theme-transparent-header-meta":"","adv-header-id-meta":"","stick-header-meta":"","header-above-stick-meta":"","header-main-stick-meta":"","header-below-stick-meta":"","astra-migrate-meta-layouts":"default","ast-page-background-enabled":"default","ast-page-background-meta":{"desktop":{"background-color":"var(--ast-global-color-4)","background-image":"","background-repeat":"repeat","background-position":"center center","background-size":"auto","background-attachment":"scroll","background-type":"","background-media":"","overlay-type":"","overlay-color":"","overlay-gradient":""},"tablet":{"background-color":"","background-image":"","background-repeat":"repeat","background-position":"center center","background-size":"auto","background-attachment":"scroll","background-type":"","background-media":"","overlay-type":"","overlay-color":"","overlay-gradient":""},"mobile":{"background-color":"","background-image":"","background-repeat":"repeat","background-position":"center center","background-size":"auto","background-attachment":"scroll","background-type":"","background-media":"","overlay-type":"","overlay-color":"","overlay-gradient":""}},"ast-content-background-meta":{"desktop":{"background-color":"var(--ast-global-color-5)","background-image":"","background-repeat":"repeat","background-position":"center center","background-size":"auto","background-attachment":"scroll","background-type":"","background-media":"","overlay-type":"","overlay-color":"","overlay-gradient":""},"tablet":{"background-color":"var(--ast-global-color-5)","background-image":"","background-repeat":"repeat","background-position":"center center","background-size":"auto","background-attachment":"scroll","background-type":"","background-media":"","overlay-type":"","overlay-color":"","overlay-gradient":""},"mobile":{"background-color":"var(--ast-global-color-5)","background-image":"","background-repeat":"repeat","background-position":"center center","background-size":"auto","background-attachment":"scroll","background-type":"","background-media":"","overlay-type":"","overlay-color":"","overlay-gradient":""}},"footnotes":""},"categories":[986,59],"tags":[5370,33115,4758,223989,223990,50861],"class_list":["post-112621","post","type-post","status-publish","format-standard","hentry","category-complutense-de-madrid","category-linguistica","tag-francisco-moreno-fernandez","tag-humberto-hernandez-hernandez","tag-jesus-sanchez-lobato","tag-juan-antonio-merchan-maroto","tag-maria-del-pilar-nuno-alvarez","tag-marta-concepcion-ayala-castro"],"_links":{"self":[{"href":"https:\/\/www.deberes.net\/tesis\/wp-json\/wp\/v2\/posts\/112621","targetHints":{"allow":["GET"]}}],"collection":[{"href":"https:\/\/www.deberes.net\/tesis\/wp-json\/wp\/v2\/posts"}],"about":[{"href":"https:\/\/www.deberes.net\/tesis\/wp-json\/wp\/v2\/types\/post"}],"author":[{"embeddable":true,"href":"https:\/\/www.deberes.net\/tesis\/wp-json\/wp\/v2\/users\/1"}],"replies":[{"embeddable":true,"href":"https:\/\/www.deberes.net\/tesis\/wp-json\/wp\/v2\/comments?post=112621"}],"version-history":[{"count":0,"href":"https:\/\/www.deberes.net\/tesis\/wp-json\/wp\/v2\/posts\/112621\/revisions"}],"wp:attachment":[{"href":"https:\/\/www.deberes.net\/tesis\/wp-json\/wp\/v2\/media?parent=112621"}],"wp:term":[{"taxonomy":"category","embeddable":true,"href":"https:\/\/www.deberes.net\/tesis\/wp-json\/wp\/v2\/categories?post=112621"},{"taxonomy":"post_tag","embeddable":true,"href":"https:\/\/www.deberes.net\/tesis\/wp-json\/wp\/v2\/tags?post=112621"}],"curies":[{"name":"wp","href":"https:\/\/api.w.org\/{rel}","templated":true}]}}