{"id":112647,"date":"2018-03-11T10:39:42","date_gmt":"2018-03-11T10:39:42","guid":{"rendered":"https:\/\/www.deberes.net\/tesis\/sin-categoria\/alicia-exiliada-al-paa%c2%ads-de-las-maravillas-el-uso-simbolico-de-la-fantasa%c2%ada-en-el-retrato-masculinista-de-la-subjetividad-femenina-en-el-cine-de-julio-medem-y-juanma-bajo-ulloa\/"},"modified":"2018-03-11T10:39:42","modified_gmt":"2018-03-11T10:39:42","slug":"alicia-exiliada-al-paa%c2%ads-de-las-maravillas-el-uso-simbolico-de-la-fantasa%c2%ada-en-el-retrato-masculinista-de-la-subjetividad-femenina-en-el-cine-de-julio-medem-y-juanma-bajo-ulloa","status":"publish","type":"post","link":"https:\/\/www.deberes.net\/tesis\/antropologia-cultural\/alicia-exiliada-al-paa%c2%ads-de-las-maravillas-el-uso-simbolico-de-la-fantasa%c2%ada-en-el-retrato-masculinista-de-la-subjetividad-femenina-en-el-cine-de-julio-medem-y-juanma-bajo-ulloa\/","title":{"rendered":"Alicia exiliada al pa\u00eds de las maravillas: el uso simb\u00f3lico de la fantas\u00edaen el retrato masculinista de la subjetividad femenina en el cine de julio medem y juanma bajo ulloa."},"content":{"rendered":"<h2>Tesis doctoral de <strong> Lisa Gaye Williams Goodrich <\/strong><\/h2>\n<p>Este estudio examina la manera en que los textos f\u00edlmicos de julio medem y juanma bajo ulloa siguen reflejando las fantas\u00edas y las proyecciones del sujeto masculino y, consecuentemente, los principios de identificaci\u00f3n de dicho sujeto a pesar del enfoque especial de las protagonistas femeninas en el cine de ambos.<\/p>\n<p>&nbsp;<\/p>\n<h3>Datos acad\u00e9micos de la tesis doctoral \u00ab<strong>Alicia exiliada al pa\u00eds de las maravillas: el uso simb\u00f3lico de la fantas\u00edaen el retrato masculinista de la subjetividad femenina en el cine de julio medem y juanma bajo ulloa.<\/strong>\u00ab<\/h3>\n<ul>\n<li><strong>T\u00edtulo de la tesis:<\/strong>\u00a0 Alicia exiliada al pa\u00eds de las maravillas: el uso simb\u00f3lico de la fantas\u00edaen el retrato masculinista de la subjetividad femenina en el cine de julio medem y juanma bajo ulloa. <\/li>\n<li><strong>Autor:<\/strong>\u00a0 Lisa Gaye Williams Goodrich <\/li>\n<li><strong>Universidad:<\/strong>\u00a0 Pa\u00eds vasco\/euskal herriko unibertsitatea<\/li>\n<li><strong>Fecha de lectura de la tesis:<\/strong>\u00a0 26\/04\/2012<\/li>\n<\/ul>\n<p>&nbsp;<\/p>\n<h3>Direcci\u00f3n y tribunal<\/h3>\n<ul>\n<li><strong>Director de la tesis<\/strong>\n<ul>\n<li>Santos Zunzunegui Diez<\/li>\n<\/ul>\n<\/li>\n<li><strong>Tribunal<\/strong>\n<ul>\n<li>Presidente del tribunal: Jos\u00e9 Antonio Mingolarra ibarzabal <\/li>\n<li>pilar Carrera alvarez (vocal)<\/li>\n<li>giuliana Colaizzi (vocal)<\/li>\n<li>Jes\u00fas Gonzalez requena (vocal)<\/li>\n<\/ul>\n<\/li>\n<\/ul>\n<p>&nbsp;<\/p>\n","protected":false},"excerpt":{"rendered":"<p>Tesis doctoral de Lisa Gaye Williams Goodrich Este estudio examina la manera en que los textos f\u00edlmicos de julio medem [&hellip;]<\/p>\n","protected":false},"author":1,"featured_media":0,"comment_status":"open","ping_status":"open","sticky":false,"template":"","format":"standard","meta":{"site-sidebar-layout":"default","site-content-layout":"","ast-site-content-layout":"","site-content-style":"default","site-sidebar-style":"default","ast-global-header-display":"","ast-banner-title-visibility":"","ast-main-header-display":"","ast-hfb-above-header-display":"","ast-hfb-below-header-display":"","ast-hfb-mobile-header-display":"","site-post-title":"","ast-breadcrumbs-content":"","ast-featured-img":"","footer-sml-layout":"","theme-transparent-header-meta":"","adv-header-id-meta":"","stick-header-meta":"","header-above-stick-meta":"","header-main-stick-meta":"","header-below-stick-meta":"","astra-migrate-meta-layouts":"default","ast-page-background-enabled":"default","ast-page-background-meta":{"desktop":{"background-color":"var(--ast-global-color-4)","background-image":"","background-repeat":"repeat","background-position":"center center","background-size":"auto","background-attachment":"scroll","background-type":"","background-media":"","overlay-type":"","overlay-color":"","overlay-gradient":""},"tablet":{"background-color":"","background-image":"","background-repeat":"repeat","background-position":"center center","background-size":"auto","background-attachment":"scroll","background-type":"","background-media":"","overlay-type":"","overlay-color":"","overlay-gradient":""},"mobile":{"background-color":"","background-image":"","background-repeat":"repeat","background-position":"center center","background-size":"auto","background-attachment":"scroll","background-type":"","background-media":"","overlay-type":"","overlay-color":"","overlay-gradient":""}},"ast-content-background-meta":{"desktop":{"background-color":"var(--ast-global-color-5)","background-image":"","background-repeat":"repeat","background-position":"center center","background-size":"auto","background-attachment":"scroll","background-type":"","background-media":"","overlay-type":"","overlay-color":"","overlay-gradient":""},"tablet":{"background-color":"var(--ast-global-color-5)","background-image":"","background-repeat":"repeat","background-position":"center center","background-size":"auto","background-attachment":"scroll","background-type":"","background-media":"","overlay-type":"","overlay-color":"","overlay-gradient":""},"mobile":{"background-color":"var(--ast-global-color-5)","background-image":"","background-repeat":"repeat","background-position":"center center","background-size":"auto","background-attachment":"scroll","background-type":"","background-media":"","overlay-type":"","overlay-color":"","overlay-gradient":""}},"footnotes":""},"categories":[983,5547,12909,12194],"tags":[158854,4737,194171,224032,85556,5038],"class_list":["post-112647","post","type-post","status-publish","format-standard","hentry","category-antropologia-cultural","category-cinematografia","category-pais-vasco-euskal-herriko-unibertsitatea","category-teoria-de-los-roles","tag-giuliana-colaizzi","tag-jesus-gonzalez-requena","tag-jose-antonio-mingolarra-ibarzabal","tag-lisa-gaye-williams-goodrich","tag-pilar-carrera-alvarez","tag-santos-zunzunegui-diez"],"_links":{"self":[{"href":"https:\/\/www.deberes.net\/tesis\/wp-json\/wp\/v2\/posts\/112647","targetHints":{"allow":["GET"]}}],"collection":[{"href":"https:\/\/www.deberes.net\/tesis\/wp-json\/wp\/v2\/posts"}],"about":[{"href":"https:\/\/www.deberes.net\/tesis\/wp-json\/wp\/v2\/types\/post"}],"author":[{"embeddable":true,"href":"https:\/\/www.deberes.net\/tesis\/wp-json\/wp\/v2\/users\/1"}],"replies":[{"embeddable":true,"href":"https:\/\/www.deberes.net\/tesis\/wp-json\/wp\/v2\/comments?post=112647"}],"version-history":[{"count":0,"href":"https:\/\/www.deberes.net\/tesis\/wp-json\/wp\/v2\/posts\/112647\/revisions"}],"wp:attachment":[{"href":"https:\/\/www.deberes.net\/tesis\/wp-json\/wp\/v2\/media?parent=112647"}],"wp:term":[{"taxonomy":"category","embeddable":true,"href":"https:\/\/www.deberes.net\/tesis\/wp-json\/wp\/v2\/categories?post=112647"},{"taxonomy":"post_tag","embeddable":true,"href":"https:\/\/www.deberes.net\/tesis\/wp-json\/wp\/v2\/tags?post=112647"}],"curies":[{"name":"wp","href":"https:\/\/api.w.org\/{rel}","templated":true}]}}