{"id":11266,"date":"2018-03-09T08:56:31","date_gmt":"2018-03-09T08:56:31","guid":{"rendered":"https:\/\/www.deberes.net\/tesis\/sin-categoria\/analisis-de-indicadores-de-desarrollo-de-la-educacion-ambiental-en-espana\/"},"modified":"2018-03-09T08:56:31","modified_gmt":"2018-03-09T08:56:31","slug":"analisis-de-indicadores-de-desarrollo-de-la-educacion-ambiental-en-espana","status":"publish","type":"post","link":"https:\/\/www.deberes.net\/tesis\/pedagogia\/analisis-de-indicadores-de-desarrollo-de-la-educacion-ambiental-en-espana\/","title":{"rendered":"Analisis de indicadores de desarrollo de la educacion ambiental en espa\u00f1a."},"content":{"rendered":"<h2>Tesis doctoral de <strong> Gema De Esteban  Curiel <\/strong><\/h2>\n<p>La necesidad de contar con indicadores de desarrollo de la educaci\u00f3n ambiental nace de las propuestas elaboradas por diferentes instituciones de ambito internacional preocupadas por establecer formas de expresi\u00f3n claras del estado y la tendencia de la educacion ambiental en cualquier pais del mundo.  a pesar de esta reconocida necesidad, no existe trabajo alguno que establezca un conjunto de indicadores que nos proporcione una visi\u00f3n amplia de la situacion en la que se encuentra esta disciplina, los problemas a los que se enfrenta as\u00ed los exitos o fracasos alcanzados en las politicas de educacion ambiental implantadas en espa\u00f1a.  se pretende paliar esta carencia, identificando tres grupos de variables: indicadores de medios y recursos, de gestion ambiental e indicadores sobre las actitudes y motivaciones ambientales de los ciudadanos, clasificados seg\u00fan el modelo propuesto de \u00abimpulso-estado-respuesta\u00bb de los indicadores de desarrollo sostenible, elaborado por las naciones unidas.  igualmente, se han combinado los datos ambientales con otros referentes sociales, economicos y educativos que nos ofrecen una panoramica global del grado de maduracion en que se encuentra nuestro pais en el proceso de estructuracion de actuaciones para el desarrollo de una educacion ambiental de calidad.<\/p>\n<p>&nbsp;<\/p>\n<h3>Datos acad\u00e9micos de la tesis doctoral \u00ab<strong>Analisis de indicadores de desarrollo de la educacion ambiental en espa\u00f1a.<\/strong>\u00ab<\/h3>\n<ul>\n<li><strong>T\u00edtulo de la tesis:<\/strong>\u00a0 Analisis de indicadores de desarrollo de la educacion ambiental en espa\u00f1a. <\/li>\n<li><strong>Autor:<\/strong>\u00a0 Gema De Esteban  Curiel <\/li>\n<li><strong>Universidad:<\/strong>\u00a0 Complutense de Madrid<\/li>\n<li><strong>Fecha de lectura de la tesis:<\/strong>\u00a0 13\/06\/2001<\/li>\n<\/ul>\n<p>&nbsp;<\/p>\n<h3>Direcci\u00f3n y tribunal<\/h3>\n<ul>\n<li><strong>Director de la tesis<\/strong>\n<ul>\n<li>Francisco D\u00edaz Pineda<\/li>\n<\/ul>\n<\/li>\n<li><strong>Tribunal<\/strong>\n<ul>\n<li>Presidente del tribunal: alejandro Lopez lopez <\/li>\n<li>Jos\u00e9 Gutierrez perez (vocal)<\/li>\n<li> Martorell pallas M\u00aa carmen (vocal)<\/li>\n<li> Hernandez del aguila Rafael (vocal)<\/li>\n<\/ul>\n<\/li>\n<\/ul>\n<p>&nbsp;<\/p>\n","protected":false},"excerpt":{"rendered":"<p>Tesis doctoral de Gema De Esteban Curiel La necesidad de contar con indicadores de desarrollo de la educaci\u00f3n ambiental nace [&hellip;]<\/p>\n","protected":false},"author":1,"featured_media":0,"comment_status":"open","ping_status":"open","sticky":false,"template":"","format":"standard","meta":{"site-sidebar-layout":"default","site-content-layout":"","ast-site-content-layout":"","site-content-style":"default","site-sidebar-style":"default","ast-global-header-display":"","ast-banner-title-visibility":"","ast-main-header-display":"","ast-hfb-above-header-display":"","ast-hfb-below-header-display":"","ast-hfb-mobile-header-display":"","site-post-title":"","ast-breadcrumbs-content":"","ast-featured-img":"","footer-sml-layout":"","theme-transparent-header-meta":"","adv-header-id-meta":"","stick-header-meta":"","header-above-stick-meta":"","header-main-stick-meta":"","header-below-stick-meta":"","astra-migrate-meta-layouts":"default","ast-page-background-enabled":"default","ast-page-background-meta":{"desktop":{"background-color":"var(--ast-global-color-4)","background-image":"","background-repeat":"repeat","background-position":"center center","background-size":"auto","background-attachment":"scroll","background-type":"","background-media":"","overlay-type":"","overlay-color":"","overlay-gradient":""},"tablet":{"background-color":"","background-image":"","background-repeat":"repeat","background-position":"center center","background-size":"auto","background-attachment":"scroll","background-type":"","background-media":"","overlay-type":"","overlay-color":"","overlay-gradient":""},"mobile":{"background-color":"","background-image":"","background-repeat":"repeat","background-position":"center center","background-size":"auto","background-attachment":"scroll","background-type":"","background-media":"","overlay-type":"","overlay-color":"","overlay-gradient":""}},"ast-content-background-meta":{"desktop":{"background-color":"var(--ast-global-color-5)","background-image":"","background-repeat":"repeat","background-position":"center center","background-size":"auto","background-attachment":"scroll","background-type":"","background-media":"","overlay-type":"","overlay-color":"","overlay-gradient":""},"tablet":{"background-color":"var(--ast-global-color-5)","background-image":"","background-repeat":"repeat","background-position":"center center","background-size":"auto","background-attachment":"scroll","background-type":"","background-media":"","overlay-type":"","overlay-color":"","overlay-gradient":""},"mobile":{"background-color":"var(--ast-global-color-5)","background-image":"","background-repeat":"repeat","background-position":"center center","background-size":"auto","background-attachment":"scroll","background-type":"","background-media":"","overlay-type":"","overlay-color":"","overlay-gradient":""}},"footnotes":""},"categories":[2623,1184,1141,2330,1341],"tags":[37032,8408,37031,22287,37033,37034],"class_list":["post-11266","post","type-post","status-publish","format-standard","hentry","category-educacion-basica","category-organizacion-y-planificacion-de-la-educacion","category-pedagogia","category-pedagogia-experimental","category-teoria-y-metodos-educativos","tag-alejandro-lopez-lopez","tag-francisco-diaz-pineda","tag-gema-de-esteban-curiel","tag-hernandez-del-aguila-rafael","tag-jose-gutierrez-perez","tag-martorell-pallas-ma-carmen"],"_links":{"self":[{"href":"https:\/\/www.deberes.net\/tesis\/wp-json\/wp\/v2\/posts\/11266","targetHints":{"allow":["GET"]}}],"collection":[{"href":"https:\/\/www.deberes.net\/tesis\/wp-json\/wp\/v2\/posts"}],"about":[{"href":"https:\/\/www.deberes.net\/tesis\/wp-json\/wp\/v2\/types\/post"}],"author":[{"embeddable":true,"href":"https:\/\/www.deberes.net\/tesis\/wp-json\/wp\/v2\/users\/1"}],"replies":[{"embeddable":true,"href":"https:\/\/www.deberes.net\/tesis\/wp-json\/wp\/v2\/comments?post=11266"}],"version-history":[{"count":0,"href":"https:\/\/www.deberes.net\/tesis\/wp-json\/wp\/v2\/posts\/11266\/revisions"}],"wp:attachment":[{"href":"https:\/\/www.deberes.net\/tesis\/wp-json\/wp\/v2\/media?parent=11266"}],"wp:term":[{"taxonomy":"category","embeddable":true,"href":"https:\/\/www.deberes.net\/tesis\/wp-json\/wp\/v2\/categories?post=11266"},{"taxonomy":"post_tag","embeddable":true,"href":"https:\/\/www.deberes.net\/tesis\/wp-json\/wp\/v2\/tags?post=11266"}],"curies":[{"name":"wp","href":"https:\/\/api.w.org\/{rel}","templated":true}]}}