{"id":112663,"date":"2012-02-05T00:00:00","date_gmt":"2012-02-05T00:00:00","guid":{"rendered":"https:\/\/www.deberes.net\/tesis\/sin-categoria\/actividad-fa%c2%adsica-y-riesgo-de-catarro-comun-un-estudio-de-cohortes\/"},"modified":"2012-02-05T00:00:00","modified_gmt":"2012-02-05T00:00:00","slug":"actividad-fa%c2%adsica-y-riesgo-de-catarro-comun-un-estudio-de-cohortes","status":"publish","type":"post","link":"https:\/\/www.deberes.net\/tesis\/patologia\/actividad-fa%c2%adsica-y-riesgo-de-catarro-comun-un-estudio-de-cohortes\/","title":{"rendered":"Actividad f\u00edsica y riesgo de catarro com\u00fan: un estudio de cohortes."},"content":{"rendered":"<h2>Tesis doctoral de <strong> Rosa Mar\u00eda Novoa V\u00e1zquez <\/strong><\/h2>\n<p>Rosa mar\u00eda novoa v\u00e1zquez actividad f\u00edsica y riesgo de catarro com\u00fan: un estudio de cohortes 1 actividad f\u00edsica y riesgo de catarro com\u00fan: un estudio de cohortes fundamentos el catarro com\u00fan, aunque como entidad cl\u00ednica es un s\u00edndrome leve y autolimitado, tiene una elevada frecuencia y una importante repercusi\u00f3n econ\u00f3mica y sobre la calidad de vida. Es una de las primeras causas de demanda de atenci\u00f3n m\u00e9dica y supone un gran peso en t\u00e9rminos de costes derivados de la utilizaci\u00f3n de servicios de salud, de la prescripci\u00f3n de medicamentos y de las p\u00e9rdidas de productividad debidas al elevado absentismo laboral y escolar. El papel de ciertos factores en el desarrollo del catarro no ha sido objeto de estudios epidemiol\u00f3gicos, a pesar de su plausibilidad biol\u00f3gica. Entre otros, se encuentra el sedentarismo, o su otra vertiente, la pr\u00e1ctica regular de ejercicio f\u00edsico. Los estudios disponibles sobre esta relaci\u00f3n son estudios cl\u00ednicos, generalmente sin grupo de comparaci\u00f3n y con un tama\u00f1o de muestra restringido. Hasta ahora, no existe ning\u00fan estudio sobre condicionantes de la severidad del catarro. Los objetivos de este estudio de cohortes prospectivo son: 1. Determinar el efecto de la actividad f\u00edsica sobre el desarrollo de catarro. 2. Determinar el efecto de la actividad f\u00edsica sobre la severidad del catarro. 3. Comparar el efecto mencionado en el objetivo 1 en las dos poblaciones estudiadas. 4. Comparar el efecto mencionado en el objetivo 2 en las dos poblaciones estudiadas. 5. A la vista de los resultados, proponer pautas preventivas. sujetos y m\u00e9todos poblaci\u00f3n de estudio y recogida de la informaci\u00f3n durante un a\u00f1o se realiz\u00f3 el seguimiento de dos grupos poblacionales: una muestra de escolares de galicia de 13 a 18 a\u00f1os de edad y una muestra de trabajadores de universidades espa\u00f1olas de 21 a 69 a\u00f1os de edad, con un tama\u00f1o de 11.488 y 7.332 sujetos, respectivamente. La informaci\u00f3n sobre la exposici\u00f3n y la enfermedad se obtuvo por medio de un cuestionario inicial y de cuatro cuestionarios peri\u00f3dicos trimestrales, an\u00f3nimos y validados debidamente. Los cuestionarios trimestrales sirven para medir la aparici\u00f3n de un episodio de catarro y su severidad, mediante una escala de 4 s\u00edntomas graduados de 1 a 4. El corte para la detecci\u00f3n de casos se hizo seg\u00fan una curva roc, eligiendo el punto que maximice el \u00edndice de youden. Este punto de corte entre caso y no caso se hall\u00f3 en 10 puntos sobre 16. Los valores de sensibilidad y especificad del diagn\u00f3stico de catarro por medio de nuestro cuestionario fueron de 0,94 y 0,84 respectivamente. rosa mar\u00eda novoa v\u00e1zquez actividad f\u00edsica y riesgo de catarro com\u00fan: un estudio de cohortes 2 an\u00e1lisis de los datos la asociaci\u00f3n entre variables (exposici\u00f3n y enfermedad) se calcul\u00f3 por medio de la raz\u00f3n de tasas de incidencia (irr) y su intervalo de confianza al 95%, utiliz\u00e1ndose la regresi\u00f3n binomial negativa para obtener las irrs ajustadas y sus correspondientes intervalos de confianza. En un primer an\u00e1lisis (desarrollo de catarro) s\u00f3lo se considera el primer episodio de catarro desde el inicio del seguimiento y se censura el tiempo en riesgo desde el primer episodio. En el segundo an\u00e1lisis (severidad del catarro) se mide el \u00c2\u00bfn\u00famero de episodios de catarro\u00c2\u00bf y no se censura el tiempo en riesgo despu\u00e9s del primer episodio. Se utilizaron los paquetes estat\u00edsticos spss versi\u00f3n 15,0 para todas las estimaciones, con excepci\u00f3n de las irrs que se estimaron mediante el paquete estad\u00edstico stata versi\u00f3n 10. resultados en la cohorte de adolescentes la tasa de incidencia de catarro com\u00fan fue 0,93 por persona-a\u00f1o y la tasa de incidencia de catarro severo fue 0,37 por persona-a\u00f1o. En la cohorte de adultos la tasa de incidencia de catarro com\u00fan fue 0,97 por persona-a\u00f1o y la tasa de incidencia de catarro severo fue 0,16 por persona-a\u00f1o. exceptuando una moderada asociaci\u00f3n directa entre altos niveles de pr\u00e1ctica deportiva y desarrollo de catarro (irr: 1,18; 1,02-1,36) y altos valores de gasto energ\u00e9tico (irr: 1,17; 1,01-1,36) y desarrollo de catarro, la actividad f\u00edsica no se relacion\u00f3 con la ocurrencia de catarro en la cohorte de adolescentes. En la cohorte de adultos, niveles moderados y altos de actividad f\u00edsica realizada en el tiempo libre se asociaron inversamente al riesgo de desarrollar catarro (irr: 0,70; 0,62-0,99 y irr: 0,66; 0,50-0,87, respectivamente); el gasto energ\u00e9tico mostr\u00f3 un efecto protector significativo sobre el desarrollo de catarro a lo largo de las categor\u00edas de distribuci\u00f3n de sus valores. Asimismo, altos niveles de actividad f\u00edsica realizada en el tiempo libre (irr: 0,61; 0,38-0,97) y bajos niveles de gasto energ\u00e9tico (irr: 0,60; 0,39-0,91) se asociaron inversamente con la incidencia de catarro severo. conclusiones los hallazgos de este estudio sugieren que la actividad f\u00edsica intensa aumenta ligeramente el riesgo de desarrollar catarro com\u00fan en adolescentes gallegos y que la actividad f\u00edsica no tiene efecto sobre la severidad (recurrencia) del catarro com\u00fan en adolescentes gallegos. La actividad f\u00edsica ligera, moderada o intensa es un factor protector del desarrollo y de la recurrencia de catarro com\u00fan en adultos espa\u00f1oles.<\/p>\n<p>&nbsp;<\/p>\n<h3>Datos acad\u00e9micos de la tesis doctoral \u00ab<strong>Actividad f\u00edsica y riesgo de catarro com\u00fan: un estudio de cohortes.<\/strong>\u00ab<\/h3>\n<ul>\n<li><strong>T\u00edtulo de la tesis:<\/strong>\u00a0 Actividad f\u00edsica y riesgo de catarro com\u00fan: un estudio de cohortes. <\/li>\n<li><strong>Autor:<\/strong>\u00a0 Rosa Mar\u00eda Novoa V\u00e1zquez <\/li>\n<li><strong>Universidad:<\/strong>\u00a0 Santiago de compostela<\/li>\n<li><strong>Fecha de lectura de la tesis:<\/strong>\u00a0 02\/05\/2012<\/li>\n<\/ul>\n<p>&nbsp;<\/p>\n<h3>Direcci\u00f3n y tribunal<\/h3>\n<ul>\n<li><strong>Director de la tesis<\/strong>\n<ul>\n<li>El Bahi Takkouche Souilamas<\/li>\n<\/ul>\n<\/li>\n<li><strong>Tribunal<\/strong>\n<ul>\n<li>Presidente del tribunal: Juan  Jes\u00fas Gestal otero <\/li>\n<li>Francisco Javier Gonz\u00e1lez barcala (vocal)<\/li>\n<li>m. eugenia Lado lema (vocal)<\/li>\n<li>Mar\u00eda  Jos\u00e9 Iglesias gozalo (vocal)<\/li>\n<\/ul>\n<\/li>\n<\/ul>\n<p>&nbsp;<\/p>\n","protected":false},"excerpt":{"rendered":"<p>Tesis doctoral de Rosa Mar\u00eda Novoa V\u00e1zquez Rosa mar\u00eda novoa v\u00e1zquez actividad f\u00edsica y riesgo de catarro com\u00fan: un estudio [&hellip;]<\/p>\n","protected":false},"author":1,"featured_media":0,"comment_status":"open","ping_status":"open","sticky":false,"template":"","format":"standard","meta":{"site-sidebar-layout":"default","site-content-layout":"","ast-site-content-layout":"","site-content-style":"default","site-sidebar-style":"default","ast-global-header-display":"","ast-banner-title-visibility":"","ast-main-header-display":"","ast-hfb-above-header-display":"","ast-hfb-below-header-display":"","ast-hfb-mobile-header-display":"","site-post-title":"","ast-breadcrumbs-content":"","ast-featured-img":"","footer-sml-layout":"","theme-transparent-header-meta":"","adv-header-id-meta":"","stick-header-meta":"","header-above-stick-meta":"","header-main-stick-meta":"","header-below-stick-meta":"","astra-migrate-meta-layouts":"default","ast-page-background-enabled":"default","ast-page-background-meta":{"desktop":{"background-color":"var(--ast-global-color-4)","background-image":"","background-repeat":"repeat","background-position":"center center","background-size":"auto","background-attachment":"scroll","background-type":"","background-media":"","overlay-type":"","overlay-color":"","overlay-gradient":""},"tablet":{"background-color":"","background-image":"","background-repeat":"repeat","background-position":"center center","background-size":"auto","background-attachment":"scroll","background-type":"","background-media":"","overlay-type":"","overlay-color":"","overlay-gradient":""},"mobile":{"background-color":"","background-image":"","background-repeat":"repeat","background-position":"center center","background-size":"auto","background-attachment":"scroll","background-type":"","background-media":"","overlay-type":"","overlay-color":"","overlay-gradient":""}},"ast-content-background-meta":{"desktop":{"background-color":"var(--ast-global-color-5)","background-image":"","background-repeat":"repeat","background-position":"center center","background-size":"auto","background-attachment":"scroll","background-type":"","background-media":"","overlay-type":"","overlay-color":"","overlay-gradient":""},"tablet":{"background-color":"var(--ast-global-color-5)","background-image":"","background-repeat":"repeat","background-position":"center center","background-size":"auto","background-attachment":"scroll","background-type":"","background-media":"","overlay-type":"","overlay-color":"","overlay-gradient":""},"mobile":{"background-color":"var(--ast-global-color-5)","background-image":"","background-repeat":"repeat","background-position":"center center","background-size":"auto","background-attachment":"scroll","background-type":"","background-media":"","overlay-type":"","overlay-color":"","overlay-gradient":""}},"footnotes":""},"categories":[156,977],"tags":[186104,224055,2686,65070,104734,224054],"class_list":["post-112663","post","type-post","status-publish","format-standard","hentry","category-patologia","category-santiago-de-compostela","tag-el-bahi-takkouche-souilamas","tag-francisco-javier-gonzalez-barcala","tag-juan-jesus-gestal-otero","tag-m-eugenia-lado-lema","tag-maria-jose-iglesias-gozalo","tag-rosa-maria-novoa-vazquez"],"_links":{"self":[{"href":"https:\/\/www.deberes.net\/tesis\/wp-json\/wp\/v2\/posts\/112663","targetHints":{"allow":["GET"]}}],"collection":[{"href":"https:\/\/www.deberes.net\/tesis\/wp-json\/wp\/v2\/posts"}],"about":[{"href":"https:\/\/www.deberes.net\/tesis\/wp-json\/wp\/v2\/types\/post"}],"author":[{"embeddable":true,"href":"https:\/\/www.deberes.net\/tesis\/wp-json\/wp\/v2\/users\/1"}],"replies":[{"embeddable":true,"href":"https:\/\/www.deberes.net\/tesis\/wp-json\/wp\/v2\/comments?post=112663"}],"version-history":[{"count":0,"href":"https:\/\/www.deberes.net\/tesis\/wp-json\/wp\/v2\/posts\/112663\/revisions"}],"wp:attachment":[{"href":"https:\/\/www.deberes.net\/tesis\/wp-json\/wp\/v2\/media?parent=112663"}],"wp:term":[{"taxonomy":"category","embeddable":true,"href":"https:\/\/www.deberes.net\/tesis\/wp-json\/wp\/v2\/categories?post=112663"},{"taxonomy":"post_tag","embeddable":true,"href":"https:\/\/www.deberes.net\/tesis\/wp-json\/wp\/v2\/tags?post=112663"}],"curies":[{"name":"wp","href":"https:\/\/api.w.org\/{rel}","templated":true}]}}