{"id":112665,"date":"2012-04-05T00:00:00","date_gmt":"2012-04-05T00:00:00","guid":{"rendered":"https:\/\/www.deberes.net\/tesis\/sin-categoria\/hedone-el-placer-en-la-filosofa%c2%ada-de-aristoteles\/"},"modified":"2012-04-05T00:00:00","modified_gmt":"2012-04-05T00:00:00","slug":"hedone-el-placer-en-la-filosofa%c2%ada-de-aristoteles","status":"publish","type":"post","link":"https:\/\/www.deberes.net\/tesis\/filosofia-antigua\/hedone-el-placer-en-la-filosofa%c2%ada-de-aristoteles\/","title":{"rendered":"Hedon\u00e9. el placer en la filosof\u00edade arist\u00f3teles"},"content":{"rendered":"<h2>Tesis doctoral de <strong> Manuel Mar\u00eda Cruz Ortiz De Land\u00e1zuri <\/strong><\/h2>\n<p>En este trabajo se analiza el concepto de placer en la filosof\u00eda de arist\u00f3teles atendiendo a una triple perspectiva: metaf\u00edsica, psicol\u00f3gica y \u00e9tica, poniendo en relaci\u00f3n la doctrina de los libros vii y x de la \u00e9tica a nic\u00f3maco con el conjunto de su pensamiento. \u00c2\u00bfqu\u00e9 es el gozo? \u00c2\u00bfc\u00f3mo se da el placer en las distintas funciones vitales? \u00c2\u00bfqu\u00e9 lugar ocupa de cara a la felicidad? Partiendo del v\u00ednculo establecido entre la actividad y el placer, se trata de ver c\u00f3mo se aproxima arist\u00f3teles a estas cuestiones y examinar si la doctrina aristot\u00e9lica del placer resulta convincente. En el libro vii arist\u00f3teles dice que el placer es la actividad impedida de la disposici\u00f3n natural, y en el x considera que es aquello que hace a la actividad m\u00e1s perfecta. Tras analizar estas doctrinas se intenta considerar c\u00f3mo se da el placer en las distintas actividades vitales: vida vegetativa, vida sensitiva y vida intelectual. La \u00faltima parte del trabajo muestra c\u00f3mo es la integraci\u00f3n del placer en la vida feliz y su relaci\u00f3n con la virtud.<\/p>\n<p>&nbsp;<\/p>\n<h3>Datos acad\u00e9micos de la tesis doctoral \u00ab<strong>Hedon\u00e9. el placer en la filosof\u00edade arist\u00f3teles<\/strong>\u00ab<\/h3>\n<ul>\n<li><strong>T\u00edtulo de la tesis:<\/strong>\u00a0 Hedon\u00e9. el placer en la filosof\u00edade arist\u00f3teles <\/li>\n<li><strong>Autor:<\/strong>\u00a0 Manuel Mar\u00eda Cruz Ortiz De Land\u00e1zuri <\/li>\n<li><strong>Universidad:<\/strong>\u00a0 Navarra<\/li>\n<li><strong>Fecha de lectura de la tesis:<\/strong>\u00a0 04\/05\/2012<\/li>\n<\/ul>\n<p>&nbsp;<\/p>\n<h3>Direcci\u00f3n y tribunal<\/h3>\n<ul>\n<li><strong>Director de la tesis<\/strong>\n<ul>\n<li>Alejandro Llano Cifuentes<\/li>\n<\/ul>\n<\/li>\n<li><strong>Tribunal<\/strong>\n<ul>\n<li>Presidente del tribunal: rafael Alvira dominguez <\/li>\n<li>beatriz Bossi lopez (vocal)<\/li>\n<li>Jes\u00fas De garay su\u00e1rez-llanos (vocal)<\/li>\n<li>alejandro gustavo Vigo pacheco (vocal)<\/li>\n<\/ul>\n<\/li>\n<\/ul>\n<p>&nbsp;<\/p>\n","protected":false},"excerpt":{"rendered":"<p>Tesis doctoral de Manuel Mar\u00eda Cruz Ortiz De Land\u00e1zuri En este trabajo se analiza el concepto de placer en la [&hellip;]<\/p>\n","protected":false},"author":1,"featured_media":0,"comment_status":"open","ping_status":"open","sticky":false,"template":"","format":"standard","meta":{"site-sidebar-layout":"default","site-content-layout":"","ast-site-content-layout":"","site-content-style":"default","site-sidebar-style":"default","ast-global-header-display":"","ast-banner-title-visibility":"","ast-main-header-display":"","ast-hfb-above-header-display":"","ast-hfb-below-header-display":"","ast-hfb-mobile-header-display":"","site-post-title":"","ast-breadcrumbs-content":"","ast-featured-img":"","footer-sml-layout":"","theme-transparent-header-meta":"","adv-header-id-meta":"","stick-header-meta":"","header-above-stick-meta":"","header-main-stick-meta":"","header-below-stick-meta":"","astra-migrate-meta-layouts":"default","ast-page-background-enabled":"default","ast-page-background-meta":{"desktop":{"background-color":"var(--ast-global-color-4)","background-image":"","background-repeat":"repeat","background-position":"center center","background-size":"auto","background-attachment":"scroll","background-type":"","background-media":"","overlay-type":"","overlay-color":"","overlay-gradient":""},"tablet":{"background-color":"","background-image":"","background-repeat":"repeat","background-position":"center center","background-size":"auto","background-attachment":"scroll","background-type":"","background-media":"","overlay-type":"","overlay-color":"","overlay-gradient":""},"mobile":{"background-color":"","background-image":"","background-repeat":"repeat","background-position":"center center","background-size":"auto","background-attachment":"scroll","background-type":"","background-media":"","overlay-type":"","overlay-color":"","overlay-gradient":""}},"ast-content-background-meta":{"desktop":{"background-color":"var(--ast-global-color-5)","background-image":"","background-repeat":"repeat","background-position":"center center","background-size":"auto","background-attachment":"scroll","background-type":"","background-media":"","overlay-type":"","overlay-color":"","overlay-gradient":""},"tablet":{"background-color":"var(--ast-global-color-5)","background-image":"","background-repeat":"repeat","background-position":"center center","background-size":"auto","background-attachment":"scroll","background-type":"","background-media":"","overlay-type":"","overlay-color":"","overlay-gradient":""},"mobile":{"background-color":"var(--ast-global-color-5)","background-image":"","background-repeat":"repeat","background-position":"center center","background-size":"auto","background-attachment":"scroll","background-type":"","background-media":"","overlay-type":"","overlay-color":"","overlay-gradient":""}},"footnotes":""},"categories":[25866,801,1059,55312,17749],"tags":[133557,18060,176178,48983,224057,17980],"class_list":["post-112665","post","type-post","status-publish","format-standard","hentry","category-etica-clasica","category-filosofia-antigua","category-filosofia-de-la-accion","category-motivacion-etica","category-navarra","tag-alejandro-gustavo-vigo-pacheco","tag-alejandro-llano-cifuentes","tag-beatriz-bossi-lopez","tag-jesus-de-garay-suarez-llanos","tag-manuel-maria-cruz-ortiz-de-landazuri","tag-rafael-alvira-dominguez"],"_links":{"self":[{"href":"https:\/\/www.deberes.net\/tesis\/wp-json\/wp\/v2\/posts\/112665","targetHints":{"allow":["GET"]}}],"collection":[{"href":"https:\/\/www.deberes.net\/tesis\/wp-json\/wp\/v2\/posts"}],"about":[{"href":"https:\/\/www.deberes.net\/tesis\/wp-json\/wp\/v2\/types\/post"}],"author":[{"embeddable":true,"href":"https:\/\/www.deberes.net\/tesis\/wp-json\/wp\/v2\/users\/1"}],"replies":[{"embeddable":true,"href":"https:\/\/www.deberes.net\/tesis\/wp-json\/wp\/v2\/comments?post=112665"}],"version-history":[{"count":0,"href":"https:\/\/www.deberes.net\/tesis\/wp-json\/wp\/v2\/posts\/112665\/revisions"}],"wp:attachment":[{"href":"https:\/\/www.deberes.net\/tesis\/wp-json\/wp\/v2\/media?parent=112665"}],"wp:term":[{"taxonomy":"category","embeddable":true,"href":"https:\/\/www.deberes.net\/tesis\/wp-json\/wp\/v2\/categories?post=112665"},{"taxonomy":"post_tag","embeddable":true,"href":"https:\/\/www.deberes.net\/tesis\/wp-json\/wp\/v2\/tags?post=112665"}],"curies":[{"name":"wp","href":"https:\/\/api.w.org\/{rel}","templated":true}]}}