{"id":112680,"date":"2012-10-05T00:00:00","date_gmt":"2012-10-05T00:00:00","guid":{"rendered":"https:\/\/www.deberes.net\/tesis\/sin-categoria\/nanoscale-spatial-control-of-light-in-optical-antennas\/"},"modified":"2012-10-05T00:00:00","modified_gmt":"2012-10-05T00:00:00","slug":"nanoscale-spatial-control-of-light-in-optical-antennas","status":"publish","type":"post","link":"https:\/\/www.deberes.net\/tesis\/fisica\/nanoscale-spatial-control-of-light-in-optical-antennas\/","title":{"rendered":"Nanoscale spatial control of light in optical antennas"},"content":{"rendered":"<h2>Tesis doctoral de <strong> Giorgio Volpe <\/strong><\/h2>\n<p>El control din\u00e1mico y determin\u00edstico de la luz en una escala espacial por debajo de la longitud de onda es un requisito clave para ampliar los conceptos y las funcionalidades de \u00f3ptica de la macro-\u00f3ptica hasta la escala nanom\u00e9trica. Un mayor nivel de control tambi\u00e9n tendr\u00e1 implicaciones importantes en nuestra comprensi\u00f3n de los fen\u00f3menos \u00f3pticos en la nanoescala. Uno de los principales problemas en nano-\u00f3ptica tiene como objetivo describir c\u00f3mo y con qu\u00e9 precisi\u00f3n es posible controlar la distribuci\u00f3n espacial de la luz de forma din\u00e1mica en la nanoescala. Desafortunadamente, un l\u00edmite fundamental de la f\u00edsica \u00c2\u00bf el l\u00edmite de difracci\u00f3n de la luz \u00c2\u00bf afecta nuestra capacidad de seleccionar \u00f3pticamente puntos separados por menos de media longitud de onda de la luz. el campo de la plasm\u00f3nica ofrece una oportunidad \u00fanica para cerrar la brecha entre el l\u00edmite de difracci\u00f3n y la escala nanom\u00e9trica. Nanoantenas met\u00e1licas pueden acoplarse eficientemente a luz propagante y focalizarla en vol\u00famenes nanom\u00e9tricos, y viceversa. Adem\u00e1s, estas nanoantenas prometen mejorar significativamente la eficiencia de procesos como le fotodetecci\u00f3n, la emisi\u00f3n de luz, sensores, transferencia de calor, y espectroscop\u00eda a la escala nanom\u00e9trica.  aprender a controlar de forma precisa la respuesta \u00f3ptica de estas nanoantenas representa un enfoque muy prometedor para controlar la distribuci\u00f3n espacial y temporal de la luz a la escala nanom\u00e9trica. Tradicionalmente, se han desarrollado dos principales estrategias para el control de la respuesta \u00f3ptica de nanoantenas plasm\u00f3nicas: la primer estrategia (estrategia est\u00e1tica) tiene como objetivo la optimizaci\u00f3n del dise\u00f1o geom\u00e9trico de las nanoantenas acorde a su aplicaci\u00f3n, mientras que la segunda estrategia (estrategia din\u00e1mica) tiene como objetivo la modulaci\u00f3n reversible del campo cercano de una nanoestructura dada a trav\u00e9s de la manipulaci\u00f3n de la luz de excitaci\u00f3n en el tiempo y el espacio.  el cap\u00edtulo 1 repasa los avances en el control de la respuesta \u00f3ptica de nanoestructuras met\u00e1licas \u00c2\u00bf sea por una estrategia est\u00e1tica o din\u00e1mica \u00c2\u00bf en el momento en que se inici\u00f3 este trabajo de investigaci\u00f3n.  la modificaci\u00f3n de la geometr\u00eda y las dimensiones de las nanpart\u00edculas met\u00e1licas sigue siendo un ingrediente fundamental para controlar las resonancias plasm\u00f3nicas y los campos de luz a la escala nanom\u00e9trica. Como ejemplos novedosos de control est\u00e1tico, por lo tanto, los cap\u00edtulos 2 y 3 estudian nuevos dise\u00f1os de estructuras plasm\u00f3nicas con capacidades sin precedentes de modelar campos de luz a la escala nanom\u00e9trica, en particular un dise\u00f1o fractal y una nanoantena unidireccional tipo  yagi-uda. los cap\u00edtulos 4 y 5 describen una nueva herramienta te\u00f3rica y experimental para el control din\u00e1mico y determin\u00edstico de la respuesta \u00f3ptica de nanoantenas basada en la modulaci\u00f3n espacial de la fase de la luz de excitaci\u00f3n: el campo \u00f3ptico cercano, que resulta de la interacci\u00f3n entre la luz y las nanoestructuras plasm\u00f3nicas, es normalmente determinado por la geometr\u00eda del sistema met\u00e1lico y las propiedades de la luz incidente, como su longitud de onda y su polarizaci\u00f3n; sin embargo, el control exacto y din\u00e1mico del campo \u00f3ptico cercano debajo de l\u00edmite de difracci\u00f3n de la luz \u00c2\u00bf independientemente de la geometr\u00eda de la nanoestructura \u00c2\u00bf es tambi\u00e9n un ingrediente importante para el desarrollo de futuros dispositivos nano-\u00f3pticos y para ampliar los conceptos y las funcionalidades de la \u00f3ptica macrosc\u00f3pica a la escala nanom\u00e9trica.  la conclusi\u00f3n resume los resultados de este trabajo y ofrece una visi\u00f3n general de algunos estudios paralelos a esta tesis. Algunas de las observaciones finales permiten echar un vistazo a las perspectivas y estrategias futuras para complementar el control est\u00e1tico y el control din\u00e1mico en una \u00fanica herramienta, que podr\u00eda avanzar enormemente nuestra capacidad de controlar la respuesta \u00f3ptica de nanoantennas debajo del l\u00edmite de difracci\u00f3n<\/p>\n<p>&nbsp;<\/p>\n<h3>Datos acad\u00e9micos de la tesis doctoral \u00ab<strong>Nanoscale spatial control of light in optical antennas<\/strong>\u00ab<\/h3>\n<ul>\n<li><strong>T\u00edtulo de la tesis:<\/strong>\u00a0 Nanoscale spatial control of light in optical antennas <\/li>\n<li><strong>Autor:<\/strong>\u00a0 Giorgio Volpe <\/li>\n<li><strong>Universidad:<\/strong>\u00a0 Polit\u00e9cnica de catalunya<\/li>\n<li><strong>Fecha de lectura de la tesis:<\/strong>\u00a0 10\/05\/2012<\/li>\n<\/ul>\n<p>&nbsp;<\/p>\n<h3>Direcci\u00f3n y tribunal<\/h3>\n<ul>\n<li><strong>Director de la tesis<\/strong>\n<ul>\n<li>Roman Quidant<\/li>\n<\/ul>\n<\/li>\n<li><strong>Tribunal<\/strong>\n<ul>\n<li>Presidente del tribunal: walter Pfeiffer <\/li>\n<li>alexandre Bouhelier (vocal)<\/li>\n<li>  (vocal)<\/li>\n<li>  (vocal)<\/li>\n<\/ul>\n<\/li>\n<\/ul>\n<p>&nbsp;<\/p>\n","protected":false},"excerpt":{"rendered":"<p>Tesis doctoral de Giorgio Volpe El control din\u00e1mico y determin\u00edstico de la luz en una escala espacial por debajo de [&hellip;]<\/p>\n","protected":false},"author":1,"featured_media":0,"comment_status":"open","ping_status":"open","sticky":false,"template":"","format":"standard","meta":{"site-sidebar-layout":"default","site-content-layout":"","ast-site-content-layout":"","site-content-style":"default","site-sidebar-style":"default","ast-global-header-display":"","ast-banner-title-visibility":"","ast-main-header-display":"","ast-hfb-above-header-display":"","ast-hfb-below-header-display":"","ast-hfb-mobile-header-display":"","site-post-title":"","ast-breadcrumbs-content":"","ast-featured-img":"","footer-sml-layout":"","theme-transparent-header-meta":"","adv-header-id-meta":"","stick-header-meta":"","header-above-stick-meta":"","header-main-stick-meta":"","header-below-stick-meta":"","astra-migrate-meta-layouts":"default","ast-page-background-enabled":"default","ast-page-background-meta":{"desktop":{"background-color":"var(--ast-global-color-4)","background-image":"","background-repeat":"repeat","background-position":"center center","background-size":"auto","background-attachment":"scroll","background-type":"","background-media":"","overlay-type":"","overlay-color":"","overlay-gradient":""},"tablet":{"background-color":"","background-image":"","background-repeat":"repeat","background-position":"center center","background-size":"auto","background-attachment":"scroll","background-type":"","background-media":"","overlay-type":"","overlay-color":"","overlay-gradient":""},"mobile":{"background-color":"","background-image":"","background-repeat":"repeat","background-position":"center center","background-size":"auto","background-attachment":"scroll","background-type":"","background-media":"","overlay-type":"","overlay-color":"","overlay-gradient":""}},"ast-content-background-meta":{"desktop":{"background-color":"var(--ast-global-color-5)","background-image":"","background-repeat":"repeat","background-position":"center center","background-size":"auto","background-attachment":"scroll","background-type":"","background-media":"","overlay-type":"","overlay-color":"","overlay-gradient":""},"tablet":{"background-color":"var(--ast-global-color-5)","background-image":"","background-repeat":"repeat","background-position":"center center","background-size":"auto","background-attachment":"scroll","background-type":"","background-media":"","overlay-type":"","overlay-color":"","overlay-gradient":""},"mobile":{"background-color":"var(--ast-global-color-5)","background-image":"","background-repeat":"repeat","background-position":"center center","background-size":"auto","background-attachment":"scroll","background-type":"","background-media":"","overlay-type":"","overlay-color":"","overlay-gradient":""}},"footnotes":""},"categories":[199,3692,30031,15596,6136],"tags":[191641,224080,128313,224081],"class_list":["post-112680","post","type-post","status-publish","format-standard","hentry","category-fisica","category-interaccion-de-ondas-electromagneticas-con-la-materia","category-luminiscencia-en-solidos","category-politecnica-de-catalunya","category-propiedades-opticas-de-materiales","tag-alexandre-bouhelier","tag-giorgio-volpe","tag-roman-quidant","tag-walter-pfeiffer"],"_links":{"self":[{"href":"https:\/\/www.deberes.net\/tesis\/wp-json\/wp\/v2\/posts\/112680","targetHints":{"allow":["GET"]}}],"collection":[{"href":"https:\/\/www.deberes.net\/tesis\/wp-json\/wp\/v2\/posts"}],"about":[{"href":"https:\/\/www.deberes.net\/tesis\/wp-json\/wp\/v2\/types\/post"}],"author":[{"embeddable":true,"href":"https:\/\/www.deberes.net\/tesis\/wp-json\/wp\/v2\/users\/1"}],"replies":[{"embeddable":true,"href":"https:\/\/www.deberes.net\/tesis\/wp-json\/wp\/v2\/comments?post=112680"}],"version-history":[{"count":0,"href":"https:\/\/www.deberes.net\/tesis\/wp-json\/wp\/v2\/posts\/112680\/revisions"}],"wp:attachment":[{"href":"https:\/\/www.deberes.net\/tesis\/wp-json\/wp\/v2\/media?parent=112680"}],"wp:term":[{"taxonomy":"category","embeddable":true,"href":"https:\/\/www.deberes.net\/tesis\/wp-json\/wp\/v2\/categories?post=112680"},{"taxonomy":"post_tag","embeddable":true,"href":"https:\/\/www.deberes.net\/tesis\/wp-json\/wp\/v2\/tags?post=112680"}],"curies":[{"name":"wp","href":"https:\/\/api.w.org\/{rel}","templated":true}]}}