{"id":112694,"date":"2012-11-05T00:00:00","date_gmt":"2012-11-05T00:00:00","guid":{"rendered":"https:\/\/www.deberes.net\/tesis\/sin-categoria\/la-presencia-y-el-uso-de-la-musica-contemporanea-en-la-educacion-secundaria-un-estudio-en-la-comunidad-autonoma-del-paa%c2%ads-vasco\/"},"modified":"2012-11-05T00:00:00","modified_gmt":"2012-11-05T00:00:00","slug":"la-presencia-y-el-uso-de-la-musica-contemporanea-en-la-educacion-secundaria-un-estudio-en-la-comunidad-autonoma-del-paa%c2%ads-vasco","status":"publish","type":"post","link":"https:\/\/www.deberes.net\/tesis\/musica-y-musicologia\/la-presencia-y-el-uso-de-la-musica-contemporanea-en-la-educacion-secundaria-un-estudio-en-la-comunidad-autonoma-del-paa%c2%ads-vasco\/","title":{"rendered":"La presencia y el uso de la m\u00fasica contempor\u00e1nea en la educaci\u00f3n secundaria. un estudio en la comunidad aut\u00f3noma del pa\u00eds vasco"},"content":{"rendered":"<h2>Tesis doctoral de <strong> Ana Urrutia Rasines <\/strong><\/h2>\n<p>Este trabajo trata sobre la presencia y el uso de la m\u00fasica contempor\u00e1nea en la educaci\u00f3n secundaria de la comunidad aut\u00f3noma del pa\u00eds vasco.  Nos dirigimos al profesorado de m\u00fasica de esta etapa educativa para averiguar su posicionamiento ante la m\u00fasica contempor\u00e1nea, su uso en la pr\u00e1ctica docente y sus creencias sobre sus posibilidades did\u00e1cticas. Encontramos relaci\u00f3n entre estas caracter\u00edsticas  y, tambi\u00e9n, con otros datos personales, profesionales y de  la docencia en secundaria. Los docentes que tienen un mejor posicionamiento ante la m\u00fasica contempor\u00e1nea la utilizan m\u00e1s en el aula.  La mayor\u00eda del profesorado da importancia al uso de la m\u00fasica contempor\u00e1nea en el aula,  demanda formaci\u00f3n y recursos did\u00e1cticos y muestra inter\u00e9s por realizar un encuentro con alg\u00fan compositor o compositora. Recogemos la opini\u00f3n de compositores de m\u00fasica contempor\u00e1nea sobre los resultados obtenidos y sobre la inclusi\u00f3n de la misma en la educaci\u00f3n. Se\u00f1alan el desconocimiento del profesorado y la falta de  h\u00e1bito de escucha. Piensan que es importante que la m\u00fasica contempor\u00e1nea sea usada en el aula y muestran su disposici\u00f3n de colaboraci\u00f3n con el profesorado de los centros educativos.  De esta investigaci\u00f3n se derivan propuestas de mejora e investigaci\u00f3n futura que contribuir\u00edan a la presencia y al uso de la m\u00fasica contempor\u00e1nea en la educaci\u00f3n. De esta manera, se conseguir\u00eda un acercamiento entre la educaci\u00f3n musical y la m\u00fasica de creaci\u00f3n actual<\/p>\n<p>&nbsp;<\/p>\n<h3>Datos acad\u00e9micos de la tesis doctoral \u00ab<strong>La presencia y el uso de la m\u00fasica contempor\u00e1nea en la educaci\u00f3n secundaria. un estudio en la comunidad aut\u00f3noma del pa\u00eds vasco<\/strong>\u00ab<\/h3>\n<ul>\n<li><strong>T\u00edtulo de la tesis:<\/strong>\u00a0 La presencia y el uso de la m\u00fasica contempor\u00e1nea en la educaci\u00f3n secundaria. un estudio en la comunidad aut\u00f3noma del pa\u00eds vasco <\/li>\n<li><strong>Autor:<\/strong>\u00a0 Ana Urrutia Rasines <\/li>\n<li><strong>Universidad:<\/strong>\u00a0 Pa\u00eds vasco\/euskal herriko unibertsitatea<\/li>\n<li><strong>Fecha de lectura de la tesis:<\/strong>\u00a0 11\/05\/2012<\/li>\n<\/ul>\n<p>&nbsp;<\/p>\n<h3>Direcci\u00f3n y tribunal<\/h3>\n<ul>\n<li><strong>Director de la tesis<\/strong>\n<ul>\n<li>Maravillas Diaz Gomez<\/li>\n<\/ul>\n<\/li>\n<li><strong>Tribunal<\/strong>\n<ul>\n<li>Presidente del tribunal: nicol\u00e1s Oriol de alarc\u00f3n <\/li>\n<li>alfredo Go\u00f1i grandmontagne (vocal)<\/li>\n<li>Andrea Giraldez hayes (vocal)<\/li>\n<li>enrique Mu\u00f1oz rubio (vocal)<\/li>\n<\/ul>\n<\/li>\n<\/ul>\n<p>&nbsp;<\/p>\n","protected":false},"excerpt":{"rendered":"<p>Tesis doctoral de Ana Urrutia Rasines Este trabajo trata sobre la presencia y el uso de la m\u00fasica contempor\u00e1nea en [&hellip;]<\/p>\n","protected":false},"author":1,"featured_media":0,"comment_status":"open","ping_status":"open","sticky":false,"template":"","format":"standard","meta":{"site-sidebar-layout":"default","site-content-layout":"","ast-site-content-layout":"","site-content-style":"default","site-sidebar-style":"default","ast-global-header-display":"","ast-banner-title-visibility":"","ast-main-header-display":"","ast-hfb-above-header-display":"","ast-hfb-below-header-display":"","ast-hfb-mobile-header-display":"","site-post-title":"","ast-breadcrumbs-content":"","ast-featured-img":"","footer-sml-layout":"","theme-transparent-header-meta":"","adv-header-id-meta":"","stick-header-meta":"","header-above-stick-meta":"","header-main-stick-meta":"","header-below-stick-meta":"","astra-migrate-meta-layouts":"default","ast-page-background-enabled":"default","ast-page-background-meta":{"desktop":{"background-color":"var(--ast-global-color-4)","background-image":"","background-repeat":"repeat","background-position":"center center","background-size":"auto","background-attachment":"scroll","background-type":"","background-media":"","overlay-type":"","overlay-color":"","overlay-gradient":""},"tablet":{"background-color":"","background-image":"","background-repeat":"repeat","background-position":"center center","background-size":"auto","background-attachment":"scroll","background-type":"","background-media":"","overlay-type":"","overlay-color":"","overlay-gradient":""},"mobile":{"background-color":"","background-image":"","background-repeat":"repeat","background-position":"center center","background-size":"auto","background-attachment":"scroll","background-type":"","background-media":"","overlay-type":"","overlay-color":"","overlay-gradient":""}},"ast-content-background-meta":{"desktop":{"background-color":"var(--ast-global-color-5)","background-image":"","background-repeat":"repeat","background-position":"center center","background-size":"auto","background-attachment":"scroll","background-type":"","background-media":"","overlay-type":"","overlay-color":"","overlay-gradient":""},"tablet":{"background-color":"var(--ast-global-color-5)","background-image":"","background-repeat":"repeat","background-position":"center center","background-size":"auto","background-attachment":"scroll","background-type":"","background-media":"","overlay-type":"","overlay-color":"","overlay-gradient":""},"mobile":{"background-color":"var(--ast-global-color-5)","background-image":"","background-repeat":"repeat","background-position":"center center","background-size":"auto","background-attachment":"scroll","background-type":"","background-media":"","overlay-type":"","overlay-color":"","overlay-gradient":""}},"footnotes":""},"categories":[9132,12909],"tags":[28063,224105,116479,66303,54870,72702],"class_list":["post-112694","post","type-post","status-publish","format-standard","hentry","category-musica-y-musicologia","category-pais-vasco-euskal-herriko-unibertsitatea","tag-alfredo-goni-grandmontagne","tag-ana-urrutia-rasines","tag-andrea-giraldez-hayes","tag-enrique-munoz-rubio","tag-maravillas-diaz-gomez","tag-nicolas-oriol-de-alarcon"],"_links":{"self":[{"href":"https:\/\/www.deberes.net\/tesis\/wp-json\/wp\/v2\/posts\/112694","targetHints":{"allow":["GET"]}}],"collection":[{"href":"https:\/\/www.deberes.net\/tesis\/wp-json\/wp\/v2\/posts"}],"about":[{"href":"https:\/\/www.deberes.net\/tesis\/wp-json\/wp\/v2\/types\/post"}],"author":[{"embeddable":true,"href":"https:\/\/www.deberes.net\/tesis\/wp-json\/wp\/v2\/users\/1"}],"replies":[{"embeddable":true,"href":"https:\/\/www.deberes.net\/tesis\/wp-json\/wp\/v2\/comments?post=112694"}],"version-history":[{"count":0,"href":"https:\/\/www.deberes.net\/tesis\/wp-json\/wp\/v2\/posts\/112694\/revisions"}],"wp:attachment":[{"href":"https:\/\/www.deberes.net\/tesis\/wp-json\/wp\/v2\/media?parent=112694"}],"wp:term":[{"taxonomy":"category","embeddable":true,"href":"https:\/\/www.deberes.net\/tesis\/wp-json\/wp\/v2\/categories?post=112694"},{"taxonomy":"post_tag","embeddable":true,"href":"https:\/\/www.deberes.net\/tesis\/wp-json\/wp\/v2\/tags?post=112694"}],"curies":[{"name":"wp","href":"https:\/\/api.w.org\/{rel}","templated":true}]}}