{"id":112700,"date":"2018-03-11T10:39:48","date_gmt":"2018-03-11T10:39:48","guid":{"rendered":"https:\/\/www.deberes.net\/tesis\/sin-categoria\/dinamicas-de-cambio-en-el-empleo-de-los-doctores\/"},"modified":"2018-03-11T10:39:48","modified_gmt":"2018-03-11T10:39:48","slug":"dinamicas-de-cambio-en-el-empleo-de-los-doctores","status":"publish","type":"post","link":"https:\/\/www.deberes.net\/tesis\/sociologia\/dinamicas-de-cambio-en-el-empleo-de-los-doctores\/","title":{"rendered":"Din\u00e1micas de cambio en el empleo de los doctores"},"content":{"rendered":"<h2>Tesis doctoral de <strong> Susana Pablo Hernando <\/strong><\/h2>\n<p>Tesis doctoral \u00c2\u00bfdin\u00e1micas de cambio en el empleo de los doctores\u00c2\u00bf susana pablo hernando  resumen:  el objetivo de esta tesis ha sido describir y analizar el mercado de trabajo de los doctores en espa\u00f1a, prestando especial atenci\u00f3n a la formaci\u00f3n y al  empleo de los doctores en los centros tecnol\u00f3gicos. Los centros tecnol\u00f3gicos son organizaciones semip\u00fablicas de i d que act\u00faan como intermediarios en el sistema de innovaci\u00f3n, favoreciendo la transferencia de conocimiento al tejido empresarial espa\u00f1 ol (compuesto principalmente de pymes). La tesis se ha estructurado en dos partes   en la primera parte se define el marco te\u00f3rico, se revisa la literatura relacionada con este objeto de estudio y se describe en detalle el mercado de trabajo de los d octores espa\u00f1ol, compar\u00e1ndolo con el de otros pa\u00edses de la ocde y ubic\u00e1ndolo en el sistema espa\u00f1ol de innovaci\u00f3n. En concreto, se han analizado los microdatos de la primera encuesta sobre recursos humanos en ciencia y tecnolog\u00eda (instituto nacional d e estad\u00edstica, 2006), relativos a la formaci\u00f3n, al empleo y a la movilidad de los doctores residentes en espa\u00f1a en 2006. La principal conclusi\u00f3n que se deriva de este an\u00e1lisis es que el mercado de trabajo de los doctores espa\u00f1ol es predominantemente acad\u00e9mico y est\u00e1 segmentado. Es decir, las caracter\u00edsticas sociodemogr\u00e1ficas del doctor y el modo de orientar su formaci\u00f3n doctoral determinan su carrera profesional.  en la segunda parte, se estudia la demanda de doctores en los centros tecnol\u00f3gicos , analizando la influencia del entorno (cient\u00edfico e institucional) en las decisiones concernientes a la incorporaci\u00f3n de doctores. Este an\u00e1lisis se ha abordado mediante el m\u00e9todo de estudio de casos, realiz\u00e1ndose un total de 50 entrevistas en 9 cent ros tecnol\u00f3gicos de 4 comunidades aut\u00f3nomas (Madrid, pa\u00eds vasco, Valencia y castilla y le\u00f3n). La principal conclusi\u00f3n es que el entorno institucional condiciona la decisi\u00f3n de los centros tecnol\u00f3gicos de incorporar doctores en plantilla, bien sean co ntrat\u00e1ndolos directamente o invirtiendo en la formaci\u00f3n doctoral de su personal investigador.   palabras claves: doctores, formaci\u00f3n, empleo, mercado de trabajo, centros tecnol\u00f3gicos, sistema de innovaci\u00f3n, estudio de casos.<\/p>\n<p>&nbsp;<\/p>\n<h3>Datos acad\u00e9micos de la tesis doctoral \u00ab<strong>Din\u00e1micas de cambio en el empleo de los doctores<\/strong>\u00ab<\/h3>\n<ul>\n<li><strong>T\u00edtulo de la tesis:<\/strong>\u00a0 Din\u00e1micas de cambio en el empleo de los doctores <\/li>\n<li><strong>Autor:<\/strong>\u00a0 Susana Pablo Hernando <\/li>\n<li><strong>Universidad:<\/strong>\u00a0 Complutense de Madrid<\/li>\n<li><strong>Fecha de lectura de la tesis:<\/strong>\u00a0 16\/05\/2012<\/li>\n<\/ul>\n<p>&nbsp;<\/p>\n<h3>Direcci\u00f3n y tribunal<\/h3>\n<ul>\n<li><strong>Director de la tesis<\/strong>\n<ul>\n<li>Laura Cruz Castro<\/li>\n<\/ul>\n<\/li>\n<li><strong>Tribunal<\/strong>\n<ul>\n<li>Presidente del tribunal: cec\u00edlia Casta\u00f1o collado <\/li>\n<li>catalina Mart\u00ednez Garc\u00eda (vocal)<\/li>\n<li>mikel Olazaran rodriguez (vocal)<\/li>\n<li>Luis vicente Sanz men\u00e9ndez (vocal)<\/li>\n<\/ul>\n<\/li>\n<\/ul>\n<p>&nbsp;<\/p>\n","protected":false},"excerpt":{"rendered":"<p>Tesis doctoral de Susana Pablo Hernando Tesis doctoral \u00c2\u00bfdin\u00e1micas de cambio en el empleo de los doctores\u00c2\u00bf susana pablo hernando [&hellip;]<\/p>\n","protected":false},"author":1,"featured_media":0,"comment_status":"open","ping_status":"open","sticky":false,"template":"","format":"standard","meta":{"site-sidebar-layout":"default","site-content-layout":"","ast-site-content-layout":"","site-content-style":"default","site-sidebar-style":"default","ast-global-header-display":"","ast-banner-title-visibility":"","ast-main-header-display":"","ast-hfb-above-header-display":"","ast-hfb-below-header-display":"","ast-hfb-mobile-header-display":"","site-post-title":"","ast-breadcrumbs-content":"","ast-featured-img":"","footer-sml-layout":"","theme-transparent-header-meta":"","adv-header-id-meta":"","stick-header-meta":"","header-above-stick-meta":"","header-main-stick-meta":"","header-below-stick-meta":"","astra-migrate-meta-layouts":"default","ast-page-background-enabled":"default","ast-page-background-meta":{"desktop":{"background-color":"var(--ast-global-color-4)","background-image":"","background-repeat":"repeat","background-position":"center center","background-size":"auto","background-attachment":"scroll","background-type":"","background-media":"","overlay-type":"","overlay-color":"","overlay-gradient":""},"tablet":{"background-color":"","background-image":"","background-repeat":"repeat","background-position":"center center","background-size":"auto","background-attachment":"scroll","background-type":"","background-media":"","overlay-type":"","overlay-color":"","overlay-gradient":""},"mobile":{"background-color":"","background-image":"","background-repeat":"repeat","background-position":"center center","background-size":"auto","background-attachment":"scroll","background-type":"","background-media":"","overlay-type":"","overlay-color":"","overlay-gradient":""}},"ast-content-background-meta":{"desktop":{"background-color":"var(--ast-global-color-5)","background-image":"","background-repeat":"repeat","background-position":"center center","background-size":"auto","background-attachment":"scroll","background-type":"","background-media":"","overlay-type":"","overlay-color":"","overlay-gradient":""},"tablet":{"background-color":"var(--ast-global-color-5)","background-image":"","background-repeat":"repeat","background-position":"center center","background-size":"auto","background-attachment":"scroll","background-type":"","background-media":"","overlay-type":"","overlay-color":"","overlay-gradient":""},"mobile":{"background-color":"var(--ast-global-color-5)","background-image":"","background-repeat":"repeat","background-position":"center center","background-size":"auto","background-attachment":"scroll","background-type":"","background-media":"","overlay-type":"","overlay-color":"","overlay-gradient":""}},"footnotes":""},"categories":[986,269],"tags":[96286,57065,178886,211102,53857,224115],"class_list":["post-112700","post","type-post","status-publish","format-standard","hentry","category-complutense-de-madrid","category-sociologia","tag-catalina-Martinez-garcia","tag-cecilia-castano-collado","tag-laura-cruz-castro","tag-luis-vicente-sanz-menendez","tag-mikel-olazaran-rodriguez","tag-susana-pablo-hernando"],"_links":{"self":[{"href":"https:\/\/www.deberes.net\/tesis\/wp-json\/wp\/v2\/posts\/112700","targetHints":{"allow":["GET"]}}],"collection":[{"href":"https:\/\/www.deberes.net\/tesis\/wp-json\/wp\/v2\/posts"}],"about":[{"href":"https:\/\/www.deberes.net\/tesis\/wp-json\/wp\/v2\/types\/post"}],"author":[{"embeddable":true,"href":"https:\/\/www.deberes.net\/tesis\/wp-json\/wp\/v2\/users\/1"}],"replies":[{"embeddable":true,"href":"https:\/\/www.deberes.net\/tesis\/wp-json\/wp\/v2\/comments?post=112700"}],"version-history":[{"count":0,"href":"https:\/\/www.deberes.net\/tesis\/wp-json\/wp\/v2\/posts\/112700\/revisions"}],"wp:attachment":[{"href":"https:\/\/www.deberes.net\/tesis\/wp-json\/wp\/v2\/media?parent=112700"}],"wp:term":[{"taxonomy":"category","embeddable":true,"href":"https:\/\/www.deberes.net\/tesis\/wp-json\/wp\/v2\/categories?post=112700"},{"taxonomy":"post_tag","embeddable":true,"href":"https:\/\/www.deberes.net\/tesis\/wp-json\/wp\/v2\/tags?post=112700"}],"curies":[{"name":"wp","href":"https:\/\/api.w.org\/{rel}","templated":true}]}}