{"id":112729,"date":"2018-03-11T10:39:53","date_gmt":"2018-03-11T10:39:53","guid":{"rendered":"https:\/\/www.deberes.net\/tesis\/sin-categoria\/la-bilioteca-de-luis-barragan-1925-1980\/"},"modified":"2018-03-11T10:39:53","modified_gmt":"2018-03-11T10:39:53","slug":"la-bilioteca-de-luis-barragan-1925-1980","status":"publish","type":"post","link":"https:\/\/www.deberes.net\/tesis\/arquitectura\/la-bilioteca-de-luis-barragan-1925-1980\/","title":{"rendered":"La bilioteca de luis barrag\u00e1n: 1925-1980"},"content":{"rendered":"<h2>Tesis doctoral de <strong> Fernando Curiel G\u00e1mez <\/strong><\/h2>\n<p>La biblioteca de luis barrag\u00e1n: 1925-1980  \ta ra\u00edz de los m\u00faltiples estudios que se han hecho sobre la arquitectura de luis barrag\u00e1n, surge la preocupaci\u00f3n de estudiar la figura de este arquitecto desde otro punto de vista. A partir de lo que alguna vez barrag\u00e1n expres\u00f3: \u00abya no se preocupen tanto por ver lo que barrag\u00e1n hizo. Intenten mejor ver lo que barrag\u00e1n vio,\u00bb la tesis pretende ir a los or\u00edgenes del propio barrag\u00e1n tratando de comprender lo siguiente: \u00c2\u00bfcu\u00e1les fueron las fuentes desde las cuales erigi\u00f3 su obra arquitect\u00f3nica? Para encontrar la respuesta, suponemos que la podemos hallar en su biblioteca personal ubicada en casa-museo luis barrag\u00e1n. as\u00ed, sin intentar agotar el pensamiento de luis barrag\u00e1n, el presente estudio analiza la biblioteca con el objeto de obtener una visi\u00f3n panor\u00e1mica del universo de conocimientos que barrag\u00e1n adquiere durante su vida.  el estudio inicia con un an\u00e1lisis objetivo de la biblioteca, en el que pudimos llegar a un conjunto de libros y revistas importantes. En base a lo anterior, se realiz\u00f3 una cronolog\u00eda que pretende explorar las lecturas de luis barrag\u00e1n por este material bibliogr\u00e1fico a lo largo del lapso de tiempo que va de 1925 hasta 1980.  entre las conclusiones que pudimos obtener de este trabajo, est\u00e1n la valoraci\u00f3n del v\u00ednculo tan cercano que lleg\u00f3 haber entre barrag\u00e1n y su biblioteca y, el valor de nuestro estudio que pudo sacar a la luz, diferentes \u00e1ngulos y perspectivas \u00fatiles para la valoraci\u00f3n de la obra de este arquitecto mexicano.<\/p>\n<p>&nbsp;<\/p>\n<h3>Datos acad\u00e9micos de la tesis doctoral \u00ab<strong>La bilioteca de luis barrag\u00e1n: 1925-1980<\/strong>\u00ab<\/h3>\n<ul>\n<li><strong>T\u00edtulo de la tesis:<\/strong>\u00a0 La bilioteca de luis barrag\u00e1n: 1925-1980 <\/li>\n<li><strong>Autor:<\/strong>\u00a0 Fernando Curiel G\u00e1mez <\/li>\n<li><strong>Universidad:<\/strong>\u00a0 Navarra<\/li>\n<li><strong>Fecha de lectura de la tesis:<\/strong>\u00a0 24\/05\/2012<\/li>\n<\/ul>\n<p>&nbsp;<\/p>\n<h3>Direcci\u00f3n y tribunal<\/h3>\n<ul>\n<li><strong>Director de la tesis<\/strong>\n<ul>\n<li>Carlos Javier Naya Villaverde<\/li>\n<\/ul>\n<\/li>\n<li><strong>Tribunal<\/strong>\n<ul>\n<li>Presidente del tribunal: Juan  Miguel Ochotorena elizegui <\/li>\n<li>Carlos Labarta aizp\u00fan (vocal)<\/li>\n<li>laura Martinez de guere\u00f1u elorza (vocal)<\/li>\n<li>Antonio Garza sastr\u00e9 (vocal)<\/li>\n<\/ul>\n<\/li>\n<\/ul>\n<p>&nbsp;<\/p>\n","protected":false},"excerpt":{"rendered":"<p>Tesis doctoral de Fernando Curiel G\u00e1mez La biblioteca de luis barrag\u00e1n: 1925-1980 a ra\u00edz de los m\u00faltiples estudios que se [&hellip;]<\/p>\n","protected":false},"author":1,"featured_media":0,"comment_status":"open","ping_status":"open","sticky":false,"template":"","format":"standard","meta":{"site-sidebar-layout":"default","site-content-layout":"","ast-site-content-layout":"","site-content-style":"default","site-sidebar-style":"default","ast-global-header-display":"","ast-banner-title-visibility":"","ast-main-header-display":"","ast-hfb-above-header-display":"","ast-hfb-below-header-display":"","ast-hfb-mobile-header-display":"","site-post-title":"","ast-breadcrumbs-content":"","ast-featured-img":"","footer-sml-layout":"","theme-transparent-header-meta":"","adv-header-id-meta":"","stick-header-meta":"","header-above-stick-meta":"","header-main-stick-meta":"","header-below-stick-meta":"","astra-migrate-meta-layouts":"default","ast-page-background-enabled":"default","ast-page-background-meta":{"desktop":{"background-color":"var(--ast-global-color-4)","background-image":"","background-repeat":"repeat","background-position":"center center","background-size":"auto","background-attachment":"scroll","background-type":"","background-media":"","overlay-type":"","overlay-color":"","overlay-gradient":""},"tablet":{"background-color":"","background-image":"","background-repeat":"repeat","background-position":"center center","background-size":"auto","background-attachment":"scroll","background-type":"","background-media":"","overlay-type":"","overlay-color":"","overlay-gradient":""},"mobile":{"background-color":"","background-image":"","background-repeat":"repeat","background-position":"center center","background-size":"auto","background-attachment":"scroll","background-type":"","background-media":"","overlay-type":"","overlay-color":"","overlay-gradient":""}},"ast-content-background-meta":{"desktop":{"background-color":"var(--ast-global-color-5)","background-image":"","background-repeat":"repeat","background-position":"center center","background-size":"auto","background-attachment":"scroll","background-type":"","background-media":"","overlay-type":"","overlay-color":"","overlay-gradient":""},"tablet":{"background-color":"var(--ast-global-color-5)","background-image":"","background-repeat":"repeat","background-position":"center center","background-size":"auto","background-attachment":"scroll","background-type":"","background-media":"","overlay-type":"","overlay-color":"","overlay-gradient":""},"mobile":{"background-color":"var(--ast-global-color-5)","background-image":"","background-repeat":"repeat","background-position":"center center","background-size":"auto","background-attachment":"scroll","background-type":"","background-media":"","overlay-type":"","overlay-color":"","overlay-gradient":""}},"footnotes":""},"categories":[4509,17749],"tags":[224156,224155,53201,224154,16362,118544],"class_list":["post-112729","post","type-post","status-publish","format-standard","hentry","category-arquitectura","category-navarra","tag-antonio-garza-sastre","tag-carlos-javier-naya-villaverde","tag-carlos-labarta-aizpun","tag-fernando-curiel-gamez","tag-juan-miguel-ochotorena-elizegui","tag-laura-Martinez-de-guerenu-elorza"],"_links":{"self":[{"href":"https:\/\/www.deberes.net\/tesis\/wp-json\/wp\/v2\/posts\/112729","targetHints":{"allow":["GET"]}}],"collection":[{"href":"https:\/\/www.deberes.net\/tesis\/wp-json\/wp\/v2\/posts"}],"about":[{"href":"https:\/\/www.deberes.net\/tesis\/wp-json\/wp\/v2\/types\/post"}],"author":[{"embeddable":true,"href":"https:\/\/www.deberes.net\/tesis\/wp-json\/wp\/v2\/users\/1"}],"replies":[{"embeddable":true,"href":"https:\/\/www.deberes.net\/tesis\/wp-json\/wp\/v2\/comments?post=112729"}],"version-history":[{"count":0,"href":"https:\/\/www.deberes.net\/tesis\/wp-json\/wp\/v2\/posts\/112729\/revisions"}],"wp:attachment":[{"href":"https:\/\/www.deberes.net\/tesis\/wp-json\/wp\/v2\/media?parent=112729"}],"wp:term":[{"taxonomy":"category","embeddable":true,"href":"https:\/\/www.deberes.net\/tesis\/wp-json\/wp\/v2\/categories?post=112729"},{"taxonomy":"post_tag","embeddable":true,"href":"https:\/\/www.deberes.net\/tesis\/wp-json\/wp\/v2\/tags?post=112729"}],"curies":[{"name":"wp","href":"https:\/\/api.w.org\/{rel}","templated":true}]}}