{"id":112778,"date":"2012-08-06T00:00:00","date_gmt":"2012-08-06T00:00:00","guid":{"rendered":"https:\/\/www.deberes.net\/tesis\/sin-categoria\/el-principio-acusatorio-y-sus-manifestaciones-en-los-sistemas-espanol-y-brasileno\/"},"modified":"2012-08-06T00:00:00","modified_gmt":"2012-08-06T00:00:00","slug":"el-principio-acusatorio-y-sus-manifestaciones-en-los-sistemas-espanol-y-brasileno","status":"publish","type":"post","link":"https:\/\/www.deberes.net\/tesis\/derecho-privado\/el-principio-acusatorio-y-sus-manifestaciones-en-los-sistemas-espanol-y-brasileno\/","title":{"rendered":"El principio acusatorio y sus manifestaciones en los sistemas espa\u00f1ol y brasile\u00f1o"},"content":{"rendered":"<h2>Tesis doctoral de <strong> Jadel Da Silva Junior <\/strong><\/h2>\n<p>Hemos sostenido que el principio acusatorio constituye el elemento nuclear de todo el sistema de justicia penal y, como tal, se ha convertido en garant\u00eda esencial del proceso.   sin embargo, las doctrinas espa\u00f1ola y brasile\u00f1a no han llegado a un consenso sobre el contenido conceptual y la proyecci\u00f3n del principio acusatorio en la estructura y din\u00e1mica del proceso penal, sobre todo acerca de los efectos que en \u00e9l pueda producir. Tanto en la doctrina espa\u00f1ola como en la brasile\u00f1a se perciben algunos equ\u00edvocos a la hora de distinguirlos. A partir de estas ponderaciones, este estudio pretende contestar las siguientes interrogantes:  \u00c2\u00bfd\u00f3nde empieza y termina el principio acusatorio? \u00c2\u00bfcu\u00e1l es su exacto contenido? \u00c2\u00bfqu\u00e9 efectos produce en la estructura y din\u00e1mica del proceso penal?   por lo tanto, el objetivo central de este trabajo es el de contribuir a la revisi\u00f3n del contenido conceptual del principio acusatorio y averiguar, a partir de un an\u00e1lisis exhaustivo de su \u00c2\u00bfamplia y rica problem\u00e1tica\u00c2\u00bf, cu\u00e1les son sus caracteres nucleares, sus principales garant\u00edas y, especialmente, como se proyecta en el proceso penal.<\/p>\n<p>&nbsp;<\/p>\n<h3>Datos acad\u00e9micos de la tesis doctoral \u00ab<strong>El principio acusatorio y sus manifestaciones en los sistemas espa\u00f1ol y brasile\u00f1o<\/strong>\u00ab<\/h3>\n<ul>\n<li><strong>T\u00edtulo de la tesis:<\/strong>\u00a0 El principio acusatorio y sus manifestaciones en los sistemas espa\u00f1ol y brasile\u00f1o <\/li>\n<li><strong>Autor:<\/strong>\u00a0 Jadel Da Silva Junior <\/li>\n<li><strong>Universidad:<\/strong>\u00a0 Navarra<\/li>\n<li><strong>Fecha de lectura de la tesis:<\/strong>\u00a0 08\/06\/2012<\/li>\n<\/ul>\n<p>&nbsp;<\/p>\n<h3>Direcci\u00f3n y tribunal<\/h3>\n<ul>\n<li><strong>Director de la tesis<\/strong>\n<ul>\n<li>Julio Muerza Esparza<\/li>\n<\/ul>\n<\/li>\n<li><strong>Tribunal<\/strong>\n<ul>\n<li>Presidente del tribunal: faustino Cord\u00f3n moreno <\/li>\n<li>pablo S\u00e1nchez-ostiz gutierrez (vocal)<\/li>\n<li>Juan  Francisco Herrero perezagua (vocal)<\/li>\n<li>pedro m. Garciand\u00eda gonz\u00e1lez (vocal)<\/li>\n<\/ul>\n<\/li>\n<\/ul>\n<p>&nbsp;<\/p>\n","protected":false},"excerpt":{"rendered":"<p>Tesis doctoral de Jadel Da Silva Junior Hemos sostenido que el principio acusatorio constituye el elemento nuclear de todo el [&hellip;]<\/p>\n","protected":false},"author":1,"featured_media":0,"comment_status":"open","ping_status":"open","sticky":false,"template":"","format":"standard","meta":{"site-sidebar-layout":"default","site-content-layout":"","ast-site-content-layout":"","site-content-style":"default","site-sidebar-style":"default","ast-global-header-display":"","ast-banner-title-visibility":"","ast-main-header-display":"","ast-hfb-above-header-display":"","ast-hfb-below-header-display":"","ast-hfb-mobile-header-display":"","site-post-title":"","ast-breadcrumbs-content":"","ast-featured-img":"","footer-sml-layout":"","theme-transparent-header-meta":"","adv-header-id-meta":"","stick-header-meta":"","header-above-stick-meta":"","header-main-stick-meta":"","header-below-stick-meta":"","astra-migrate-meta-layouts":"default","ast-page-background-enabled":"default","ast-page-background-meta":{"desktop":{"background-color":"var(--ast-global-color-4)","background-image":"","background-repeat":"repeat","background-position":"center center","background-size":"auto","background-attachment":"scroll","background-type":"","background-media":"","overlay-type":"","overlay-color":"","overlay-gradient":""},"tablet":{"background-color":"","background-image":"","background-repeat":"repeat","background-position":"center center","background-size":"auto","background-attachment":"scroll","background-type":"","background-media":"","overlay-type":"","overlay-color":"","overlay-gradient":""},"mobile":{"background-color":"","background-image":"","background-repeat":"repeat","background-position":"center center","background-size":"auto","background-attachment":"scroll","background-type":"","background-media":"","overlay-type":"","overlay-color":"","overlay-gradient":""}},"ast-content-background-meta":{"desktop":{"background-color":"var(--ast-global-color-5)","background-image":"","background-repeat":"repeat","background-position":"center center","background-size":"auto","background-attachment":"scroll","background-type":"","background-media":"","overlay-type":"","overlay-color":"","overlay-gradient":""},"tablet":{"background-color":"var(--ast-global-color-5)","background-image":"","background-repeat":"repeat","background-position":"center center","background-size":"auto","background-attachment":"scroll","background-type":"","background-media":"","overlay-type":"","overlay-color":"","overlay-gradient":""},"mobile":{"background-color":"var(--ast-global-color-5)","background-image":"","background-repeat":"repeat","background-position":"center center","background-size":"auto","background-attachment":"scroll","background-type":"","background-media":"","overlay-type":"","overlay-color":"","overlay-gradient":""}},"footnotes":""},"categories":[3894,17749],"tags":[17754,224234,214561,17755,224235,37267],"class_list":["post-112778","post","type-post","status-publish","format-standard","hentry","category-derecho-privado","category-navarra","tag-faustino-cordon-moreno","tag-jadel-da-silva-junior","tag-juan-francisco-herrero-perezagua","tag-julio-muerza-esparza","tag-pablo-sanchez-ostiz-gutierrez","tag-pedro-m-garciandia-gonzalez"],"_links":{"self":[{"href":"https:\/\/www.deberes.net\/tesis\/wp-json\/wp\/v2\/posts\/112778","targetHints":{"allow":["GET"]}}],"collection":[{"href":"https:\/\/www.deberes.net\/tesis\/wp-json\/wp\/v2\/posts"}],"about":[{"href":"https:\/\/www.deberes.net\/tesis\/wp-json\/wp\/v2\/types\/post"}],"author":[{"embeddable":true,"href":"https:\/\/www.deberes.net\/tesis\/wp-json\/wp\/v2\/users\/1"}],"replies":[{"embeddable":true,"href":"https:\/\/www.deberes.net\/tesis\/wp-json\/wp\/v2\/comments?post=112778"}],"version-history":[{"count":0,"href":"https:\/\/www.deberes.net\/tesis\/wp-json\/wp\/v2\/posts\/112778\/revisions"}],"wp:attachment":[{"href":"https:\/\/www.deberes.net\/tesis\/wp-json\/wp\/v2\/media?parent=112778"}],"wp:term":[{"taxonomy":"category","embeddable":true,"href":"https:\/\/www.deberes.net\/tesis\/wp-json\/wp\/v2\/categories?post=112778"},{"taxonomy":"post_tag","embeddable":true,"href":"https:\/\/www.deberes.net\/tesis\/wp-json\/wp\/v2\/tags?post=112778"}],"curies":[{"name":"wp","href":"https:\/\/api.w.org\/{rel}","templated":true}]}}