{"id":112780,"date":"2012-08-06T00:00:00","date_gmt":"2012-08-06T00:00:00","guid":{"rendered":"https:\/\/www.deberes.net\/tesis\/sin-categoria\/modelado-de-vistas-personalizadas-para-la-gestion-de-conocimiento-en-comunidades-idi\/"},"modified":"2012-08-06T00:00:00","modified_gmt":"2012-08-06T00:00:00","slug":"modelado-de-vistas-personalizadas-para-la-gestion-de-conocimiento-en-comunidades-idi","status":"publish","type":"post","link":"https:\/\/www.deberes.net\/tesis\/diseno-y-componentes-de-sistemas-de-informacion\/modelado-de-vistas-personalizadas-para-la-gestion-de-conocimiento-en-comunidades-idi\/","title":{"rendered":"Modelado de vistas personalizadas para la gesti\u00f3n de conocimiento en comunidades i+d+i"},"content":{"rendered":"<h2>Tesis doctoral de <strong> Claudia Isabel Mart\u00ednez Alcal\u00e1 <\/strong><\/h2>\n<p>Las comunidades i+d+i est\u00e1n compuestas por una serie de personas que se relacionan configurando redes, intercambiando conocimientos especializados y promoviendo aportaciones innovadoras en diferentes \u00e1reas de conocimiento. Las tareas realizadas por este grupo de personas, suelen ser heterog\u00e9neas, independientes y a la vez dif\u00edciles de programar y planificar, en comparaci\u00f3n con las otras actividades de una organizaci\u00f3n. Estas tareas o actividades requieren de una gesti\u00f3n muy individualizada, tomando en cuenta las habilidades de relaci\u00f3n interpersonales. dicho lo anterior, no hay duda que es necesario gestionar con eficiencia el conocimiento, pues es solo a partir del desarrollo de esta capacidad de gesti\u00f3n que las redes cient\u00edficas o redes del conocimiento, en las que participan tanto generadores del conocimiento (investigadores) como usuarios del mismo, se pueden constituir en \u00c2\u00bfla espina dorsal de las nuevas sociedades\u00c2\u00bf (chaparro, 1998). en la actualidad estas dificultades est\u00e1n siendo superadas, en gran medida, gracias a la aparici\u00f3n de nuevas tecnolog\u00edas de informaci\u00f3n y comunicaci\u00f3n las cuales han permitido la creaci\u00f3n de nuevos entornos comunicativos y expresivos que facilitan la pr\u00e1ctica de diversas actividades. el objetivo de esta tesis es dise\u00f1ar y desarrollar un modelo de vistas personalizadas que representen informaci\u00f3n significativa de las actividades realizadas por miembros de una comunidad i+d+i. La propuesta de vistas que presentamos en esta investigaci\u00f3n recoge una selecci\u00f3n de 12 indicadores dispuestos en 6 vistas personales y de grupo, la cual satisface los requerimientos propios del sistema documental de una certificaci\u00f3n iso 9001.  la fase experimental fue realizada dentro de la comunidad de investigaci\u00f3n del lam, con la participaci\u00f3n de 7 doctores, 6 investigadores y 1 t\u00e9cnico. Para esta investigaci\u00f3n se seleccion\u00f3 el m\u00e9todo de estudio de caso y una investigaci\u00f3n de tipo exploratoria para conseguir un acercamiento entre el trabajo emp\u00edrico realizado y la realidad de las organizaciones. como paso previo para la validaci\u00f3n del dise\u00f1o de las vistas personalizadas se llevaron a cabo encuestas para estudiar su aceptaci\u00f3n y viabilidad. La evaluaci\u00f3n fue realizada por un colectivo de expertos de los centros de investigaci\u00f3n de la red tecnio, cuya actividad de i+d+i los hace id\u00f3neos para introducir la vista personalizada de las actividades  que se llevan a cabo. La segunda evaluaci\u00f3n fue realizada por los propios miembros de la comunidad de investigaci\u00f3n del lam. los resultados obtenidos en esta investigaci\u00f3n, hacen de esta propuesta de vistas personalizadas un modelo v\u00e1lido y \u00fatil para representar informaci\u00f3n relevante tanto de comunidades cient\u00edficas como de grupos de investigaci\u00f3n, facilitando la gesti\u00f3n de ciertas actividades y proporcionando una informaci\u00f3n actualizada.<\/p>\n<p>&nbsp;<\/p>\n<h3>Datos acad\u00e9micos de la tesis doctoral \u00ab<strong>Modelado de vistas personalizadas para la gesti\u00f3n de conocimiento en comunidades i+d+i<\/strong>\u00ab<\/h3>\n<ul>\n<li><strong>T\u00edtulo de la tesis:<\/strong>\u00a0 Modelado de vistas personalizadas para la gesti\u00f3n de conocimiento en comunidades i+d+i <\/li>\n<li><strong>Autor:<\/strong>\u00a0 Claudia Isabel Mart\u00ednez Alcal\u00e1 <\/li>\n<li><strong>Universidad:<\/strong>\u00a0 Polit\u00e9cnica de catalunya<\/li>\n<li><strong>Fecha de lectura de la tesis:<\/strong>\u00a0 08\/06\/2012<\/li>\n<\/ul>\n<p>&nbsp;<\/p>\n<h3>Direcci\u00f3n y tribunal<\/h3>\n<ul>\n<li><strong>Director de la tesis<\/strong>\n<ul>\n<li>Joaquin Fern\u00e1ndez S\u00e1nchez<\/li>\n<\/ul>\n<\/li>\n<li><strong>Tribunal<\/strong>\n<ul>\n<li>Presidente del tribunal: Mar\u00eda  dolors Tapias gil <\/li>\n<li>eul\u00ed\u00a0lia Massana molera (vocal)<\/li>\n<li>  (vocal)<\/li>\n<li>  (vocal)<\/li>\n<\/ul>\n<\/li>\n<\/ul>\n<p>&nbsp;<\/p>\n","protected":false},"excerpt":{"rendered":"<p>Tesis doctoral de Claudia Isabel Mart\u00ednez Alcal\u00e1 Las comunidades i+d+i est\u00e1n compuestas por una serie de personas que se relacionan [&hellip;]<\/p>\n","protected":false},"author":1,"featured_media":0,"comment_status":"open","ping_status":"open","sticky":false,"template":"","format":"standard","meta":{"site-sidebar-layout":"default","site-content-layout":"","ast-site-content-layout":"","site-content-style":"default","site-sidebar-style":"default","ast-global-header-display":"","ast-banner-title-visibility":"","ast-main-header-display":"","ast-hfb-above-header-display":"","ast-hfb-below-header-display":"","ast-hfb-mobile-header-display":"","site-post-title":"","ast-breadcrumbs-content":"","ast-featured-img":"","footer-sml-layout":"","theme-transparent-header-meta":"","adv-header-id-meta":"","stick-header-meta":"","header-above-stick-meta":"","header-main-stick-meta":"","header-below-stick-meta":"","astra-migrate-meta-layouts":"default","ast-page-background-enabled":"default","ast-page-background-meta":{"desktop":{"background-color":"var(--ast-global-color-4)","background-image":"","background-repeat":"repeat","background-position":"center center","background-size":"auto","background-attachment":"scroll","background-type":"","background-media":"","overlay-type":"","overlay-color":"","overlay-gradient":""},"tablet":{"background-color":"","background-image":"","background-repeat":"repeat","background-position":"center center","background-size":"auto","background-attachment":"scroll","background-type":"","background-media":"","overlay-type":"","overlay-color":"","overlay-gradient":""},"mobile":{"background-color":"","background-image":"","background-repeat":"repeat","background-position":"center center","background-size":"auto","background-attachment":"scroll","background-type":"","background-media":"","overlay-type":"","overlay-color":"","overlay-gradient":""}},"ast-content-background-meta":{"desktop":{"background-color":"var(--ast-global-color-5)","background-image":"","background-repeat":"repeat","background-position":"center center","background-size":"auto","background-attachment":"scroll","background-type":"","background-media":"","overlay-type":"","overlay-color":"","overlay-gradient":""},"tablet":{"background-color":"var(--ast-global-color-5)","background-image":"","background-repeat":"repeat","background-position":"center center","background-size":"auto","background-attachment":"scroll","background-type":"","background-media":"","overlay-type":"","overlay-color":"","overlay-gradient":""},"mobile":{"background-color":"var(--ast-global-color-5)","background-image":"","background-repeat":"repeat","background-position":"center center","background-size":"auto","background-attachment":"scroll","background-type":"","background-media":"","overlay-type":"","overlay-color":"","overlay-gradient":""}},"footnotes":""},"categories":[4149,13880,15596],"tags":[224239,150243,140530,84529],"class_list":["post-112780","post","type-post","status-publish","format-standard","hentry","category-diseno-y-componentes-de-sistemas-de-informacion","category-informatica","category-politecnica-de-catalunya","tag-claudia-isabel-Martinez-alcala","tag-euli-lia-massana-molera","tag-joaquin-fernandez-sanchez","tag-maria-dolors-tapias-gil"],"_links":{"self":[{"href":"https:\/\/www.deberes.net\/tesis\/wp-json\/wp\/v2\/posts\/112780","targetHints":{"allow":["GET"]}}],"collection":[{"href":"https:\/\/www.deberes.net\/tesis\/wp-json\/wp\/v2\/posts"}],"about":[{"href":"https:\/\/www.deberes.net\/tesis\/wp-json\/wp\/v2\/types\/post"}],"author":[{"embeddable":true,"href":"https:\/\/www.deberes.net\/tesis\/wp-json\/wp\/v2\/users\/1"}],"replies":[{"embeddable":true,"href":"https:\/\/www.deberes.net\/tesis\/wp-json\/wp\/v2\/comments?post=112780"}],"version-history":[{"count":0,"href":"https:\/\/www.deberes.net\/tesis\/wp-json\/wp\/v2\/posts\/112780\/revisions"}],"wp:attachment":[{"href":"https:\/\/www.deberes.net\/tesis\/wp-json\/wp\/v2\/media?parent=112780"}],"wp:term":[{"taxonomy":"category","embeddable":true,"href":"https:\/\/www.deberes.net\/tesis\/wp-json\/wp\/v2\/categories?post=112780"},{"taxonomy":"post_tag","embeddable":true,"href":"https:\/\/www.deberes.net\/tesis\/wp-json\/wp\/v2\/tags?post=112780"}],"curies":[{"name":"wp","href":"https:\/\/api.w.org\/{rel}","templated":true}]}}