{"id":112889,"date":"2018-03-11T10:40:04","date_gmt":"2018-03-11T10:40:04","guid":{"rendered":"https:\/\/www.deberes.net\/tesis\/sin-categoria\/factores-determinantes-de-la-configuracion-del-modelo-urbano-en-el-planeamiento-urbana%c2%adstico-derivado-el-caso-de-barcelona\/"},"modified":"2018-03-11T10:40:04","modified_gmt":"2018-03-11T10:40:04","slug":"factores-determinantes-de-la-configuracion-del-modelo-urbano-en-el-planeamiento-urbana%c2%adstico-derivado-el-caso-de-barcelona","status":"publish","type":"post","link":"https:\/\/www.deberes.net\/tesis\/modelos-econometricos\/factores-determinantes-de-la-configuracion-del-modelo-urbano-en-el-planeamiento-urbana%c2%adstico-derivado-el-caso-de-barcelona\/","title":{"rendered":"Factores determinantes de la configuraci\u00f3n del modelo urbano en el planeamiento urban\u00edstico derivado: el caso de barcelona."},"content":{"rendered":"<h2>Tesis doctoral de <strong> Mar\u00eda De La Concepci\u00f3n Crespo Blanco <\/strong><\/h2>\n<p>Una de las cuestiones clave del urbanismo es la gesti\u00f3n del proceso de redacci\u00f3n y aprobaci\u00f3n del planeamiento. Muy particulanrente en lo que se refiere a la definici\u00f3n de lo que en esta tesis llamamos modelo urbano, es decir, la trinidad formada, en primer lugar por el uso del suelo, en segundo lugar por la edificabilidad y finalmente por las tipolog\u00edas edificatorias. En esta tesis se intenta ver qu\u00e9 factores tienen influencia en la determinaci\u00f3n del modelo urbano consagrado en el planeamiento derivado. Se parte de la hip\u00f3tesis de que, adem\u00e1s de los factores cl\u00e1sicos afiliados a la econom\u00eda urbana (p.E. Accesibilidad), la sociolog\u00eda (p.E. Jerarquizaci\u00f3n social del espacio), las externalidades (p.E. La calidad ambiental) y la demograf\u00eda (p.E. Necesidades objetivas de vivienda) existen otros que pueden ser tan importantes como los anteriores. La naturaleza de estos nuevos factores estar\u00eda afiliada a las voluntades pol\u00edticas de quienes tienen injerencia en la redacci\u00f3n\/aprobaci\u00f3n del planeamiento, a los intereses particulares y de la ciudadan\u00eda. En definitiva estas condicionantes podr\u00edan ser llamadas agentes (p.E. Administraci\u00f3n y administrados) y procesos (p.E. Procesos de reivindicaci\u00f3n social). As\u00ed pues el objetivo fundamental de esta tesis es estudiar el peso que tienen estas condicionantes en la configuraci\u00f3n del modelo urbano. la tesis tiene dos partes: una te\u00f3rica, en la que se desarrolla la teorizaci\u00f3n del modelo urbano, su regulaci\u00f3n, el proceso de concepci\u00f3n, su plasmaci\u00f3n en un plan que ha de ser aprobado, as\u00ed como las condicionantes del uso del suelo, la densidad y las tipolog\u00edas. Una segunda, en la cual, mediante un modelo de regresi\u00f3n logit se estudia hasta qu\u00e9 punto los factores cl\u00e1sicos son capaces de predecir la forma en c\u00f3mo, en la regi\u00f3n metropolitana de barcelona, se ha configurado el modelo urbano plasmado en 168 sectores de planeamiento derivado. De manera que si los factores cl\u00e1sicos de asignaci\u00f3n de usos\/densidades\/tipolog\u00eda fuesen capaces de explicar la mayor parte de la varianza de la muestra, entonces nuestra hip\u00f3tesis tendr\u00eda que ser rechazada; si por el contrario, la parte no explicada fuese relevante, entonces querr\u00eda decir que los condicionantes (agentes y procesos) podr\u00edan tener un papel en el proceso de dicha asignaci\u00f3n. las conclusiones del apartado cuantitativo apuntan que los factores cl\u00e1sicos s\u00f3lo son capaces de explicar el 51,2% de los casos; para saber si la parte no explicada (le. El error del modelo) se deb\u00eda a problemas en las fuentes\/falta de informaci\u00f3n, o si de verdad podr\u00eda deberse a otros factores, se realiz\u00f3 un an\u00e1lisis pormenorizado de cada caso. Tras dicha revisi\u00f3n se hizo evidente la necesidad de estudiar con detalle, y con el concurso de las t\u00e9cnicas cualitativas, dos casos en barcelona, en d\u00f3nde claramente el modelo estaba errado. El an\u00e1lisis realizado sobre el expediente de aprobaci\u00f3n de los planes, un estudio de campo y entrevistas en profundidad con los agentes implicados, revel\u00f3 la enorme complejidad inherente a los agentes y los procesos, evidenciada en la gesti\u00f3n de la redacci\u00f3n y aprobaci\u00f3n de los mismos, cuya influencia acab\u00f3 reconduciendo, es decir, reconfigurando el modelo urbano que hubiese resultado simplemente de considerar los factores cl\u00e1sicos de asignaci\u00f3n de usos\/edificabilidades\/tipologlas. una de las principales aportaciones de la tesis ha sido, por tanto, poner de relieve el importante papel que tiene el planeamiento derivado, ya que al estar m\u00e1s pr\u00f3ximo a la realidad, a los agentes y a los procesos del territorio, permite construir la hip\u00f3tesis de ciudad de una forma inductiva, es decir, al tiempo que se redacta\/aprueba\/gestiona; muy por el contrario de lo que ocurre con el planeamiento general cuyas hip\u00f3tesis son proposiciones a ser comparadas en ocasi\u00f3n de su desarrollo, y muchas veces refutadas mediante su frecuente modificaci\u00f3n.<\/p>\n<p>&nbsp;<\/p>\n<h3>Datos acad\u00e9micos de la tesis doctoral \u00ab<strong>Factores determinantes de la configuraci\u00f3n del modelo urbano en el planeamiento urban\u00edstico derivado: el caso de barcelona.<\/strong>\u00ab<\/h3>\n<ul>\n<li><strong>T\u00edtulo de la tesis:<\/strong>\u00a0 Factores determinantes de la configuraci\u00f3n del modelo urbano en el planeamiento urban\u00edstico derivado: el caso de barcelona. <\/li>\n<li><strong>Autor:<\/strong>\u00a0 Mar\u00eda De La Concepci\u00f3n Crespo Blanco <\/li>\n<li><strong>Universidad:<\/strong>\u00a0 Polit\u00e9cnica de catalunya<\/li>\n<li><strong>Fecha de lectura de la tesis:<\/strong>\u00a0 28\/06\/2012<\/li>\n<\/ul>\n<p>&nbsp;<\/p>\n<h3>Direcci\u00f3n y tribunal<\/h3>\n<ul>\n<li><strong>Director de la tesis<\/strong>\n<ul>\n<li>Carlos Ramiro Marmolejo Duarte<\/li>\n<\/ul>\n<\/li>\n<li><strong>Tribunal<\/strong>\n<ul>\n<li>Presidente del tribunal: Mar\u00eda pilar Garc\u00eda almirall <\/li>\n<li>Jes\u00fas Fitch osuna (vocal)<\/li>\n<li>  (vocal)<\/li>\n<li>  (vocal)<\/li>\n<\/ul>\n<\/li>\n<\/ul>\n<p>&nbsp;<\/p>\n","protected":false},"excerpt":{"rendered":"<p>Tesis doctoral de Mar\u00eda De La Concepci\u00f3n Crespo Blanco Una de las cuestiones clave del urbanismo es la gesti\u00f3n del [&hellip;]<\/p>\n","protected":false},"author":1,"featured_media":0,"comment_status":"open","ping_status":"open","sticky":false,"template":"","format":"standard","meta":{"site-sidebar-layout":"default","site-content-layout":"","ast-site-content-layout":"","site-content-style":"default","site-sidebar-style":"default","ast-global-header-display":"","ast-banner-title-visibility":"","ast-main-header-display":"","ast-hfb-above-header-display":"","ast-hfb-below-header-display":"","ast-hfb-mobile-header-display":"","site-post-title":"","ast-breadcrumbs-content":"","ast-featured-img":"","footer-sml-layout":"","theme-transparent-header-meta":"","adv-header-id-meta":"","stick-header-meta":"","header-above-stick-meta":"","header-main-stick-meta":"","header-below-stick-meta":"","astra-migrate-meta-layouts":"default","ast-page-background-enabled":"default","ast-page-background-meta":{"desktop":{"background-color":"var(--ast-global-color-4)","background-image":"","background-repeat":"repeat","background-position":"center center","background-size":"auto","background-attachment":"scroll","background-type":"","background-media":"","overlay-type":"","overlay-color":"","overlay-gradient":""},"tablet":{"background-color":"","background-image":"","background-repeat":"repeat","background-position":"center center","background-size":"auto","background-attachment":"scroll","background-type":"","background-media":"","overlay-type":"","overlay-color":"","overlay-gradient":""},"mobile":{"background-color":"","background-image":"","background-repeat":"repeat","background-position":"center center","background-size":"auto","background-attachment":"scroll","background-type":"","background-media":"","overlay-type":"","overlay-color":"","overlay-gradient":""}},"ast-content-background-meta":{"desktop":{"background-color":"var(--ast-global-color-5)","background-image":"","background-repeat":"repeat","background-position":"center center","background-size":"auto","background-attachment":"scroll","background-type":"","background-media":"","overlay-type":"","overlay-color":"","overlay-gradient":""},"tablet":{"background-color":"var(--ast-global-color-5)","background-image":"","background-repeat":"repeat","background-position":"center center","background-size":"auto","background-attachment":"scroll","background-type":"","background-media":"","overlay-type":"","overlay-color":"","overlay-gradient":""},"mobile":{"background-color":"var(--ast-global-color-5)","background-image":"","background-repeat":"repeat","background-position":"center center","background-size":"auto","background-attachment":"scroll","background-type":"","background-media":"","overlay-type":"","overlay-color":"","overlay-gradient":""}},"footnotes":""},"categories":[3148,524,16563,15596,5371],"tags":[162732,206184,224410,82701],"class_list":["post-112889","post","type-post","status-publish","format-standard","hentry","category-analisis-multivariante","category-modelos-econometricos","category-planificacion-urbanistica","category-politecnica-de-catalunya","category-urbanismo","tag-carlos-ramiro-marmolejo-duarte","tag-jesus-fitch-osuna","tag-maria-de-la-concepcion-crespo-blanco","tag-maria-pilar-garcia-almirall"],"_links":{"self":[{"href":"https:\/\/www.deberes.net\/tesis\/wp-json\/wp\/v2\/posts\/112889","targetHints":{"allow":["GET"]}}],"collection":[{"href":"https:\/\/www.deberes.net\/tesis\/wp-json\/wp\/v2\/posts"}],"about":[{"href":"https:\/\/www.deberes.net\/tesis\/wp-json\/wp\/v2\/types\/post"}],"author":[{"embeddable":true,"href":"https:\/\/www.deberes.net\/tesis\/wp-json\/wp\/v2\/users\/1"}],"replies":[{"embeddable":true,"href":"https:\/\/www.deberes.net\/tesis\/wp-json\/wp\/v2\/comments?post=112889"}],"version-history":[{"count":0,"href":"https:\/\/www.deberes.net\/tesis\/wp-json\/wp\/v2\/posts\/112889\/revisions"}],"wp:attachment":[{"href":"https:\/\/www.deberes.net\/tesis\/wp-json\/wp\/v2\/media?parent=112889"}],"wp:term":[{"taxonomy":"category","embeddable":true,"href":"https:\/\/www.deberes.net\/tesis\/wp-json\/wp\/v2\/categories?post=112889"},{"taxonomy":"post_tag","embeddable":true,"href":"https:\/\/www.deberes.net\/tesis\/wp-json\/wp\/v2\/tags?post=112889"}],"curies":[{"name":"wp","href":"https:\/\/api.w.org\/{rel}","templated":true}]}}