{"id":112955,"date":"2012-05-07T00:00:00","date_gmt":"2012-05-07T00:00:00","guid":{"rendered":"https:\/\/www.deberes.net\/tesis\/sin-categoria\/analisis-estructural-y-funcional-de-protea%c2%adnas-del-complemento-asociadas-con-patologa%c2%ada\/"},"modified":"2012-05-07T00:00:00","modified_gmt":"2012-05-07T00:00:00","slug":"analisis-estructural-y-funcional-de-protea%c2%adnas-del-complemento-asociadas-con-patologa%c2%ada","status":"publish","type":"post","link":"https:\/\/www.deberes.net\/tesis\/ciencias-de-la-vida\/analisis-estructural-y-funcional-de-protea%c2%adnas-del-complemento-asociadas-con-patologa%c2%ada\/","title":{"rendered":"An\u00e1lisis estructural y funcional de prote\u00ednas del complemento asociadas con patolog\u00eda."},"content":{"rendered":"<h2>Tesis doctoral de <strong> Agustin Tortajada Alonso <\/strong><\/h2>\n<p>An\u00e1lisis estructural y funcional de prote\u00ednas del complemento asociadas con patolog\u00eda.  agust\u00edn tortajada alonso  resumen  el sistema del complemento est\u00e1 constituido por un conjunto de prote\u00ednas plasm\u00e1ticas y de membrana implicadas en la respuesta i nmune innata frente a infecciones, y tambi\u00e9n en la modulaci\u00f3n de la respuesta inmune adaptativa. El evento principal en la activaci\u00f3n del complemento es la hidr\u00f3lisis del componente c3 a c3b, a trav\u00e9s de las convertasas de c3. Para evitar el da\u00f1o en el tejido propio, tanto la formaci\u00f3n de las convertasas como la presencia de c3b, est\u00e1n estrictamente reguladas. De esto se ocupan un conjunto de prote\u00ednas reguladoras estructural y funcionalmente relacionadas, que se localizan en un agrupamiento de genes conocido como rca.  la informaci\u00f3n disponible durante los \u00faltimos a\u00f1os, ha puesto de manifiesto c\u00f3mo diversos factores de riesgo que afectan al sistema del complemento, est\u00e1n asociados con situaciones patol\u00f3gicas. El grupo de investigaci\u00f3n dond e se ha realizado esta tesis se centra principalmente en los componentes y los reguladores de la v\u00eda alternativa (ap) del complemento, y en entender las bases moleculares de enfermedades asociadas con esta v\u00eda, como son el s\u00edndrome hemol\u00edtico ur\u00e9mico  at\u00edpico (ahus), la enfermedad por dep\u00f3sitos densos (ddd) y la degeneraci\u00f3n macular asociada a la edad (amd). Estudios previos han demostrado que las mutaciones encontradas en genes de la ap (en reguladores como cfh, mcp y cfi; y componentes como cfb  y c3) dan lugar a la activaci\u00f3n incontrolada, y no espec\u00edfica de la ap, conduciendo a situaciones patol\u00f3gicas como ahus o ddd. Por otro lado, se han hallado polimorfismos en estos genes que confieren riesgo o protecci\u00f3n para estas enfermedades, y ta mbi\u00e9n para amd, donde la asociaci\u00f3n existente con ciertos polimorfismos es muy estrecha. Sin embargo, las consecuencias funcionales de la mayor\u00eda de estos polimorfismos es a\u00fan desconocida. La identificaci\u00f3n de factores de riesgo en estos pacientes, a s\u00ed como la caracterizaci\u00f3n funcional de las alteraciones gen\u00e9ticas y el conocimiento de los mecanismos moleculares implicados en la patog\u00e9nesis de estas enfermedades es por tanto fundamental. los trabajos presentados en esta tesis tratan de aportar i nformaci\u00f3n sobre estas cuestiones desde diferentes aproximaciones experimentales. Por un lado, partiendo de prote\u00ednas purificadas de factor b (fb) y c3, hemos formado y aislado complejos convertasa de c3 de la ap, y elaborado un modelo tridimensional<\/p>\n<p>&nbsp;<\/p>\n<h3>Datos acad\u00e9micos de la tesis doctoral \u00ab<strong>An\u00e1lisis estructural y funcional de prote\u00ednas del complemento asociadas con patolog\u00eda.<\/strong>\u00ab<\/h3>\n<ul>\n<li><strong>T\u00edtulo de la tesis:<\/strong>\u00a0 An\u00e1lisis estructural y funcional de prote\u00ednas del complemento asociadas con patolog\u00eda. <\/li>\n<li><strong>Autor:<\/strong>\u00a0 Agustin Tortajada Alonso <\/li>\n<li><strong>Universidad:<\/strong>\u00a0 Complutense de Madrid<\/li>\n<li><strong>Fecha de lectura de la tesis:<\/strong>\u00a0 05\/07\/2012<\/li>\n<\/ul>\n<p>&nbsp;<\/p>\n<h3>Direcci\u00f3n y tribunal<\/h3>\n<ul>\n<li><strong>Director de la tesis<\/strong>\n<ul>\n<li>Santiago Rodriguez De Cordoba<\/li>\n<\/ul>\n<\/li>\n<li><strong>Tribunal<\/strong>\n<ul>\n<li>Presidente del tribunal: Jos\u00e9 ramon Regueiro  gonzalez barros <\/li>\n<li>mercedes Dom\u00ednguez rodr\u00edguez (vocal)<\/li>\n<li>rub\u00e9n Pio os\u00e9s (vocal)<\/li>\n<li>pilar S\u00e1nchez-corral g\u00f3mez (vocal)<\/li>\n<\/ul>\n<\/li>\n<\/ul>\n<p>&nbsp;<\/p>\n","protected":false},"excerpt":{"rendered":"<p>Tesis doctoral de Agustin Tortajada Alonso An\u00e1lisis estructural y funcional de prote\u00ednas del complemento asociadas con patolog\u00eda. agust\u00edn tortajada alonso [&hellip;]<\/p>\n","protected":false},"author":1,"featured_media":0,"comment_status":"open","ping_status":"open","sticky":false,"template":"","format":"standard","meta":{"site-sidebar-layout":"default","site-content-layout":"","ast-site-content-layout":"","site-content-style":"default","site-sidebar-style":"default","ast-global-header-display":"","ast-banner-title-visibility":"","ast-main-header-display":"","ast-hfb-above-header-display":"","ast-hfb-below-header-display":"","ast-hfb-mobile-header-display":"","site-post-title":"","ast-breadcrumbs-content":"","ast-featured-img":"","footer-sml-layout":"","theme-transparent-header-meta":"","adv-header-id-meta":"","stick-header-meta":"","header-above-stick-meta":"","header-main-stick-meta":"","header-below-stick-meta":"","astra-migrate-meta-layouts":"default","ast-page-background-enabled":"default","ast-page-background-meta":{"desktop":{"background-color":"var(--ast-global-color-4)","background-image":"","background-repeat":"repeat","background-position":"center center","background-size":"auto","background-attachment":"scroll","background-type":"","background-media":"","overlay-type":"","overlay-color":"","overlay-gradient":""},"tablet":{"background-color":"","background-image":"","background-repeat":"repeat","background-position":"center center","background-size":"auto","background-attachment":"scroll","background-type":"","background-media":"","overlay-type":"","overlay-color":"","overlay-gradient":""},"mobile":{"background-color":"","background-image":"","background-repeat":"repeat","background-position":"center center","background-size":"auto","background-attachment":"scroll","background-type":"","background-media":"","overlay-type":"","overlay-color":"","overlay-gradient":""}},"ast-content-background-meta":{"desktop":{"background-color":"var(--ast-global-color-5)","background-image":"","background-repeat":"repeat","background-position":"center center","background-size":"auto","background-attachment":"scroll","background-type":"","background-media":"","overlay-type":"","overlay-color":"","overlay-gradient":""},"tablet":{"background-color":"var(--ast-global-color-5)","background-image":"","background-repeat":"repeat","background-position":"center center","background-size":"auto","background-attachment":"scroll","background-type":"","background-media":"","overlay-type":"","overlay-color":"","overlay-gradient":""},"mobile":{"background-color":"var(--ast-global-color-5)","background-image":"","background-repeat":"repeat","background-position":"center center","background-size":"auto","background-attachment":"scroll","background-type":"","background-media":"","overlay-type":"","overlay-color":"","overlay-gradient":""}},"footnotes":""},"categories":[35,986],"tags":[224517,4671,174445,182737,76110,15504],"class_list":["post-112955","post","type-post","status-publish","format-standard","hentry","category-ciencias-de-la-vida","category-complutense-de-madrid","tag-agustin-tortajada-alonso","tag-jose-ramon-regueiro-gonzalez-barros","tag-mercedes-dominguez-rodriguez","tag-pilar-sanchez-corral-gomez","tag-ruben-pio-oses","tag-santiago-rodriguez-de-cordoba"],"_links":{"self":[{"href":"https:\/\/www.deberes.net\/tesis\/wp-json\/wp\/v2\/posts\/112955","targetHints":{"allow":["GET"]}}],"collection":[{"href":"https:\/\/www.deberes.net\/tesis\/wp-json\/wp\/v2\/posts"}],"about":[{"href":"https:\/\/www.deberes.net\/tesis\/wp-json\/wp\/v2\/types\/post"}],"author":[{"embeddable":true,"href":"https:\/\/www.deberes.net\/tesis\/wp-json\/wp\/v2\/users\/1"}],"replies":[{"embeddable":true,"href":"https:\/\/www.deberes.net\/tesis\/wp-json\/wp\/v2\/comments?post=112955"}],"version-history":[{"count":0,"href":"https:\/\/www.deberes.net\/tesis\/wp-json\/wp\/v2\/posts\/112955\/revisions"}],"wp:attachment":[{"href":"https:\/\/www.deberes.net\/tesis\/wp-json\/wp\/v2\/media?parent=112955"}],"wp:term":[{"taxonomy":"category","embeddable":true,"href":"https:\/\/www.deberes.net\/tesis\/wp-json\/wp\/v2\/categories?post=112955"},{"taxonomy":"post_tag","embeddable":true,"href":"https:\/\/www.deberes.net\/tesis\/wp-json\/wp\/v2\/tags?post=112955"}],"curies":[{"name":"wp","href":"https:\/\/api.w.org\/{rel}","templated":true}]}}