{"id":112970,"date":"2012-06-07T00:00:00","date_gmt":"2012-06-07T00:00:00","guid":{"rendered":"https:\/\/www.deberes.net\/tesis\/sin-categoria\/educacion-en-una-sociedad-pluralista\/"},"modified":"2012-06-07T00:00:00","modified_gmt":"2012-06-07T00:00:00","slug":"educacion-en-una-sociedad-pluralista","status":"publish","type":"post","link":"https:\/\/www.deberes.net\/tesis\/complutense-de-madrid\/educacion-en-una-sociedad-pluralista\/","title":{"rendered":"Educacion en una sociedad pluralista"},"content":{"rendered":"<h2>Tesis doctoral de <strong> Jos\u00e9 Antonio Diaz-meco Corrales <\/strong><\/h2>\n<p>La presente tesis tiene como objeto de investigaci\u00f3n hallar el origen de la heterogeneidad interindividual, grupal y social, y el modelo de educaci\u00f3n que m\u00e1s adecuadamente responda a las singularid ades psicopedag\u00f3gicas de la sociedad pluralista de espa\u00f1a hoy. Para lo cual se utiliza la investigaci\u00f3n documentada reflexiva, una metodolog\u00eda apropiada y las pertinentes fuentes de informaci\u00f3n escrita. Con estos medios, y condu cidos por los objetivos impl\u00edcitos de la hip\u00f3tesis de investigaci\u00f3n se procede al an\u00e1lisis de la -naturaleza c\u00f3smica- y -humana-, objetivo de la primera parte de la tesis. Se infiere que la realidad es plural, como plural es la realidad. Y en el se no de dicha realidad mora el ser humano, en el que anidan los factores end\u00f3genos (gen\u00e9ticos e influencias del seno materno), generadores intr\u00ednseco del pluralismo interindividual, grupa y social. Se analizan los diferentes factores ex\u00f3genos al hombre, objetivo de la segunda parte, que m\u00e1s demandan una educaci\u00f3n conforme con las exigencias individuales y sociales de la persona del alumno; pluralismo cultural, ideol\u00f3gico- sociopol\u00edtico, religioso y filos\u00f3fico-pedag\u00f3gico. Y en consecue<\/p>\n<p>&nbsp;<\/p>\n<h3>Datos acad\u00e9micos de la tesis doctoral \u00ab<strong>Educacion en una sociedad pluralista<\/strong>\u00ab<\/h3>\n<ul>\n<li><strong>T\u00edtulo de la tesis:<\/strong>\u00a0 Educacion en una sociedad pluralista <\/li>\n<li><strong>Autor:<\/strong>\u00a0 Jos\u00e9 Antonio Diaz-meco Corrales <\/li>\n<li><strong>Universidad:<\/strong>\u00a0 Complutense de Madrid<\/li>\n<li><strong>Fecha de lectura de la tesis:<\/strong>\u00a0 06\/07\/2012<\/li>\n<\/ul>\n<p>&nbsp;<\/p>\n<h3>Direcci\u00f3n y tribunal<\/h3>\n<ul>\n<li><strong>Director de la tesis<\/strong>\n<ul>\n<li>Jos\u00e9 \u00e1ngel L\u00f3pez Herrer\u00edas<\/li>\n<\/ul>\n<\/li>\n<li><strong>Tribunal<\/strong>\n<ul>\n<li>Presidente del tribunal: Jos\u00e9 vicente Merino fernandez <\/li>\n<li>Javiermanuel Valle l\u00f3pez (vocal)<\/li>\n<li>joaquin a. Paredes labra (vocal)<\/li>\n<li>carmen Pereira dom\u00ednguez (vocal)<\/li>\n<\/ul>\n<\/li>\n<\/ul>\n<p>&nbsp;<\/p>\n","protected":false},"excerpt":{"rendered":"<p>Tesis doctoral de Jos\u00e9 Antonio Diaz-meco Corrales La presente tesis tiene como objeto de investigaci\u00f3n hallar el origen de la [&hellip;]<\/p>\n","protected":false},"author":1,"featured_media":0,"comment_status":"open","ping_status":"open","sticky":false,"template":"","format":"standard","meta":{"site-sidebar-layout":"default","site-content-layout":"","ast-site-content-layout":"","site-content-style":"default","site-sidebar-style":"default","ast-global-header-display":"","ast-banner-title-visibility":"","ast-main-header-display":"","ast-hfb-above-header-display":"","ast-hfb-below-header-display":"","ast-hfb-mobile-header-display":"","site-post-title":"","ast-breadcrumbs-content":"","ast-featured-img":"","footer-sml-layout":"","theme-transparent-header-meta":"","adv-header-id-meta":"","stick-header-meta":"","header-above-stick-meta":"","header-main-stick-meta":"","header-below-stick-meta":"","astra-migrate-meta-layouts":"default","ast-page-background-enabled":"default","ast-page-background-meta":{"desktop":{"background-color":"var(--ast-global-color-4)","background-image":"","background-repeat":"repeat","background-position":"center center","background-size":"auto","background-attachment":"scroll","background-type":"","background-media":"","overlay-type":"","overlay-color":"","overlay-gradient":""},"tablet":{"background-color":"","background-image":"","background-repeat":"repeat","background-position":"center center","background-size":"auto","background-attachment":"scroll","background-type":"","background-media":"","overlay-type":"","overlay-color":"","overlay-gradient":""},"mobile":{"background-color":"","background-image":"","background-repeat":"repeat","background-position":"center center","background-size":"auto","background-attachment":"scroll","background-type":"","background-media":"","overlay-type":"","overlay-color":"","overlay-gradient":""}},"ast-content-background-meta":{"desktop":{"background-color":"var(--ast-global-color-5)","background-image":"","background-repeat":"repeat","background-position":"center center","background-size":"auto","background-attachment":"scroll","background-type":"","background-media":"","overlay-type":"","overlay-color":"","overlay-gradient":""},"tablet":{"background-color":"var(--ast-global-color-5)","background-image":"","background-repeat":"repeat","background-position":"center center","background-size":"auto","background-attachment":"scroll","background-type":"","background-media":"","overlay-type":"","overlay-color":"","overlay-gradient":""},"mobile":{"background-color":"var(--ast-global-color-5)","background-image":"","background-repeat":"repeat","background-position":"center center","background-size":"auto","background-attachment":"scroll","background-type":"","background-media":"","overlay-type":"","overlay-color":"","overlay-gradient":""}},"footnotes":""},"categories":[986,1341],"tags":[21548,81964,60428,189684,224536,5842],"class_list":["post-112970","post","type-post","status-publish","format-standard","hentry","category-complutense-de-madrid","category-teoria-y-metodos-educativos","tag-carmen-pereira-dominguez","tag-javiermanuel-valle-lopez","tag-joaquin-a-paredes-labra","tag-jose-angel-lopez-herrerias","tag-jose-antonio-diaz-meco-corrales","tag-jose-vicente-merino-fernandez"],"_links":{"self":[{"href":"https:\/\/www.deberes.net\/tesis\/wp-json\/wp\/v2\/posts\/112970","targetHints":{"allow":["GET"]}}],"collection":[{"href":"https:\/\/www.deberes.net\/tesis\/wp-json\/wp\/v2\/posts"}],"about":[{"href":"https:\/\/www.deberes.net\/tesis\/wp-json\/wp\/v2\/types\/post"}],"author":[{"embeddable":true,"href":"https:\/\/www.deberes.net\/tesis\/wp-json\/wp\/v2\/users\/1"}],"replies":[{"embeddable":true,"href":"https:\/\/www.deberes.net\/tesis\/wp-json\/wp\/v2\/comments?post=112970"}],"version-history":[{"count":0,"href":"https:\/\/www.deberes.net\/tesis\/wp-json\/wp\/v2\/posts\/112970\/revisions"}],"wp:attachment":[{"href":"https:\/\/www.deberes.net\/tesis\/wp-json\/wp\/v2\/media?parent=112970"}],"wp:term":[{"taxonomy":"category","embeddable":true,"href":"https:\/\/www.deberes.net\/tesis\/wp-json\/wp\/v2\/categories?post=112970"},{"taxonomy":"post_tag","embeddable":true,"href":"https:\/\/www.deberes.net\/tesis\/wp-json\/wp\/v2\/tags?post=112970"}],"curies":[{"name":"wp","href":"https:\/\/api.w.org\/{rel}","templated":true}]}}